{"id":213045,"date":"2025-10-15T19:05:13","date_gmt":"2025-10-15T23:05:13","guid":{"rendered":"https:\/\/www.elsinodaldetamaulipas.com.mx\/?p=213045"},"modified":"2025-10-15T19:05:13","modified_gmt":"2025-10-15T23:05:13","slug":"rocio-nahele-un-dislate-tras-otro","status":"publish","type":"post","link":"https:\/\/www.elsinodaldetamaulipas.com.mx\/?p=213045","title":{"rendered":"ROC\u00cdO NAHELE, UN DISLATE TRAS OTRO"},"content":{"rendered":"<div class=\"post-content\">\n<p style=\"text-align: center;\">*.\u2014<strong>-DESTACA OLGA SOSA, LA INTERVENCI\u00d3N DE SHEINBAUM, PARA PROTEGER A DAMNIFICADOS.<\/strong><\/p>\n<p>\u00a0La verdad \u00a0me negaba a creer todo lo que se dice de la \u00a0Secretaria de Energ\u00eda, perd\u00f3n gobernadora de Veracruz, Roc\u00edo Nahle Garc\u00eda, cuando le formulaban cr\u00edticas, en el sentido de que, ha perdido el sentido de la realidad.<\/p>\n<p>Cuando mataron a la maestra taxista, dijo que hab\u00eda muerto por infarto. Posteriormente minimiz\u00f3 la tragedia ocurrida por el efecto de las fuertes lluvias en su estado. Dijo que hubo un ligero desbordamiento del r\u00edo Cazones.<\/p>\n<p>Y \u00a0el m\u00e1s reciente de sus dislates, ocurre cuando aborda el tema de la ayuda que algunos estados \u00a0como Tamaulipas, le han enviado a Veracruz, para apoyar a la poblaci\u00f3n.<\/p>\n<p>\u2014Mire, por ejemplo, el helic\u00f3ptero de Tamaulipas, del\u00a0 senador Am\u00e9rico Villarreal, llega hoy\u2026o creo que ya est\u00e1 aqu\u00ed\u2026.en Cerro Azul\u2026no se\u2026<\/p>\n<p>Imag\u00ednese la hom\u00f3loga de AVA, vecina de Tamaulipas, trae el reloj pol\u00edtico atrasado, y dice que \u201cel senador Am\u00e9rico Villarreal\u201d, \u00a0le envi\u00f3 un helic\u00f3ptero.<\/p>\n<p>Pero todav\u00eda m\u00e1s grave, Nahle, no sabe ni lo que sucede en su propio estado, porque ignora totalmente donde se encuentra el helic\u00f3ptero que \u00a0envi\u00f3 de manera solidaria el gobernador constitucional de Tamaulipas, para abastecer de medicamentos, de alimentos y de m\u00e9dicos para atender la emergencia de la regi\u00f3n veracruzana, m\u00e1s afectada por las lluvias.<\/p>\n<p>Como ya le hab\u00edamos mencionado anteriormente, nuestro mandatario estatal,\u00a0 AVA demostr\u00f3 solidaridad con el pueblo veracruzano, y envi\u00f3 una aeronave oficial, con recursos materiales y humanos. Pero, la gobernadora no sabe aquilatar dicho gesto humanista \u00a0de respaldo.<\/p>\n<p>Para efectos medi\u00e1ticos y de car\u00e1cter institucional, ser\u00eda prudente que, los asesores de la gobernadora Nahle no la dejaran hablar en p\u00fablico, y que ella designe a alguien de su equipo para formular declaraciones ante los medios. Porque esta dama que la verdad, no gobierna con eficacia Veracruz,\u00a0 cada vez que habla, la riega.<\/p>\n<p>En fin, que los desbordamientos de r\u00edos y las lamentables tragedias que hoy tienen de luto al pueblo de Veracruz, no es lo \u00fanico que ha dejado al descubierto, la fuerza del agua en ese hermoso estado, ubicado \u00a0en la franja costera\u00a0 del Golfo de M\u00e9xico.<\/p>\n<p>En el caso de la gobernadora Nahle, ha quedado comprobado que, que no es su fuerte hablar ante los medios informativos.<\/p>\n<p>Pero si todo se redujera a eso, no habr\u00eda mayor problema. Aqu\u00ed el gran riesgo es que una de los estados m\u00e1s estrat\u00e9gicos del pa\u00eds, por su gran potencial poblacional, y electoral, podr\u00eda pasar a otras manos, derivado de los garrafales errores cometidos por su gobernadora.<\/p>\n<p>En la elecci\u00f3n veracruzana del 2027, aparte de estar en juego las diputaciones federales,\u00a0 se dirimir\u00e1n en las urnas, el Congreso local de esa entidad federativa. Con todo lo que est\u00e1 pasando actualmente, ya desde ahora, los pr\u00f3ximos comicios de la legislatura estatal, \u00a0muestran focos rojos.<\/p>\n<p>Este escenario se observa bastante complejo, y m\u00e1s aun con problemas sociales como los que han generado\u00a0 las torrenciales lluvias. Y la falta de liderazgo \u00a0por parte de una gobernadora como Nahle, para asumir con entereza esta crisis, generada por los excesos de la naturaleza.<\/p>\n<p>Nahle tiene de aqu\u00ed al 2027 para un control de da\u00f1os pol\u00edticos y sociales en Veracruz.<\/p>\n<p>Pero ante todo, la respetuosa sugerencia , es que cuide mucho lo que declara a los medios. Porque sus recientes intervenciones, dan la impresi\u00f3n de que, despu\u00e9s de la tormenta y las inundaciones, la gobernadora sigue en las nubes.<\/p>\n<p style=\"text-align: center;\"><strong>OLGA SOSA, DIFUNDE PUNTUALMENTE AGENDA PRESIDENCIAL\u2014<\/strong><\/p>\n<p>\u00a0 La senadora Olga Sosa, le sigue apostando por sistema y por convicci\u00f3n a la agenda Presidencial de Claudia Sheinbaum. En este caso destaca la oportuna intervenci\u00f3n de\u00a0 la Presidenta ante los estragos originados por las lluvias. Uno de sus m\u00e1s recientes textos en X \u00a0da cuenta de lo anterior:<\/p>\n<p>\u2014-El trabajo coordinado del gobierno de la Presidenta Claudia Sheinbaum, y las autoridades estatales, continua sin descanso.\u00a0 El Plan DN-III sigue operando, el censo de bienestar \u00a0se est\u00e1 levantando, se ha recuperado la energ\u00eda el\u00e9ctrica al 92 por ciento, y se empezar\u00e1 la fumigaci\u00f3n, para evitar el dengue.<\/p>\n<\/div>\n<div class=\"post-tags-box\"><\/div>\n<div class=\"widget widget-twitter\">\n<div class=\"fb-like-box fb_iframe_widget\" data-href=\"https:\/\/www.facebook.com\/temoflama\/\" data-width=\"300\" data-height=\"600\" data-colorscheme=\"light\" data-show-faces=\"true\" data-header=\"true\" data-stream=\"true\" data-show-border=\"true\"><\/div>\n<\/div>\n","protected":false},"excerpt":{"rendered":"<p>*.\u2014-DESTACA OLGA SOSA, LA INTERVENCI\u00d3N DE SHEINBAUM, PARA PROTEGER A DAMNIFICADOS. \u00a0La verdad \u00a0me negaba a creer todo lo que se dice de la \u00a0Secretaria de Energ\u00eda, perd\u00f3n gobernadora de Veracruz, Roc\u00edo Nahle Garc\u00eda, cuando le formulaban cr\u00edticas, en el sentido de que, ha perdido el sentido de la realidad. Cuando mataron a la maestra [&hellip;]<\/p>\n","protected":false},"author":1,"featured_media":212126,"comment_status":"closed","ping_status":"closed","sticky":false,"template":"","format":"standard","meta":{"footnotes":""},"categories":[16],"tags":[],"class_list":["post-213045","post","type-post","status-publish","format-standard","has-post-thumbnail","hentry","category-opinion"],"_links":{"self":[{"href":"https:\/\/www.elsinodaldetamaulipas.com.mx\/index.php?rest_route=\/wp\/v2\/posts\/213045","targetHints":{"allow":["GET"]}}],"collection":[{"href":"https:\/\/www.elsinodaldetamaulipas.com.mx\/index.php?rest_route=\/wp\/v2\/posts"}],"about":[{"href":"https:\/\/www.elsinodaldetamaulipas.com.mx\/index.php?rest_route=\/wp\/v2\/types\/post"}],"author":[{"embeddable":true,"href":"https:\/\/www.elsinodaldetamaulipas.com.mx\/index.php?rest_route=\/wp\/v2\/users\/1"}],"replies":[{"embeddable":true,"href":"https:\/\/www.elsinodaldetamaulipas.com.mx\/index.php?rest_route=%2Fwp%2Fv2%2Fcomments&post=213045"}],"version-history":[{"count":1,"href":"https:\/\/www.elsinodaldetamaulipas.com.mx\/index.php?rest_route=\/wp\/v2\/posts\/213045\/revisions"}],"predecessor-version":[{"id":213046,"href":"https:\/\/www.elsinodaldetamaulipas.com.mx\/index.php?rest_route=\/wp\/v2\/posts\/213045\/revisions\/213046"}],"wp:featuredmedia":[{"embeddable":true,"href":"https:\/\/www.elsinodaldetamaulipas.com.mx\/index.php?rest_route=\/wp\/v2\/media\/212126"}],"wp:attachment":[{"href":"https:\/\/www.elsinodaldetamaulipas.com.mx\/index.php?rest_route=%2Fwp%2Fv2%2Fmedia&parent=213045"}],"wp:term":[{"taxonomy":"category","embeddable":true,"href":"https:\/\/www.elsinodaldetamaulipas.com.mx\/index.php?rest_route=%2Fwp%2Fv2%2Fcategories&post=213045"},{"taxonomy":"post_tag","embeddable":true,"href":"https:\/\/www.elsinodaldetamaulipas.com.mx\/index.php?rest_route=%2Fwp%2Fv2%2Ftags&post=213045"}],"curies":[{"name":"wp","href":"https:\/\/api.w.org\/{rel}","templated":true}]}}