{"id":213052,"date":"2025-10-15T19:51:44","date_gmt":"2025-10-15T23:51:44","guid":{"rendered":"https:\/\/www.elsinodaldetamaulipas.com.mx\/?p=213052"},"modified":"2025-10-15T19:51:44","modified_gmt":"2025-10-15T23:51:44","slug":"situacion-general-del-empleo-en-tamaulipas","status":"publish","type":"post","link":"https:\/\/www.elsinodaldetamaulipas.com.mx\/?p=213052","title":{"rendered":"SITUACI\u00d3N GENERAL DEL EMPLEO EN TAMAULIPAS"},"content":{"rendered":"<div class=\"post-content\">\n<p>Tamaulipas ha consolidado su liderazgo en empleabilidad y formalidad laboral en el norte del pa\u00eds, superando incluso la media nacional en algunos indicadores, seg\u00fan informes del gobierno estatal liderados por AVA.<\/p>\n<p>Pese a estos avances, una situaci\u00f3n preocupante en Tamaulipas es la alta tasa de empleo informal.<\/p>\n<p>Estudios recientes del INEGI muestran que aproximadamente 767,116 personas trabajan sin prestaciones sociales, seguridad social o acceso a servicios de salud, lo que representa un 46.4% del empleo total en la regi\u00f3n, cifra superior a la media nacional.<\/p>\n<p>Esta tendencia refleja un aumento en empleos sin derechos laborales, principalmente en comercio, servicios y agroindustria en ciudades como Reynosa, Matamoros y Ciudad Victoria.<\/p>\n<p>Aunque se han implementado programas y ferias de empleo para incentivar la formalizaci\u00f3n, los resultados a\u00fan son insuficientes para reducir la informalidad.<\/p>\n<p>Por estas razones las autoridades laborales y el sector privado contin\u00faan promoviendo acciones para mejorar la calidad del empleo a trav\u00e9s de inspecciones, incentivos fiscales, y fortaleciendo la conexi\u00f3n entre empresas y el sistema educativo, con el fin de impulsar una econom\u00eda laboral m\u00e1s formal y estable.<\/p>\n<p>Tambi\u00e9n se report\u00f3 que en el contexto nacional, el empleo formal en M\u00e9xico experiment\u00f3 una ca\u00edda en comparaci\u00f3n con 2024, con una p\u00e9rdida del 27% en los primeros nueve meses, aunque en Tamaulipas la situaci\u00f3n local sigue siendo relativamente estable gracias a la inversi\u00f3n y las pol\u00edticas regionales.<\/p>\n<p>En conclusi\u00f3n, en 2025, Tamaulipas muestra avances en la generaci\u00f3n de empleo y en la formalidad laboral, aunque a\u00fan enfrenta desaf\u00edos importantes por la alta proporci\u00f3n de empleo informal, que afecta tanto a los trabajadores como a la econom\u00eda del estado.<\/p>\n<p>Las tendencias indican un esfuerzo continuado con pol\u00edticas p\u00fablicas y acciones sectoriales para mejorar esta situaci\u00f3n tan relevante.<\/p>\n<\/div>\n","protected":false},"excerpt":{"rendered":"<p>Tamaulipas ha consolidado su liderazgo en empleabilidad y formalidad laboral en el norte del pa\u00eds, superando incluso la media nacional en algunos indicadores, seg\u00fan informes del gobierno estatal liderados por AVA. Pese a estos avances, una situaci\u00f3n preocupante en Tamaulipas es la alta tasa de empleo informal. Estudios recientes del INEGI muestran que aproximadamente 767,116 [&hellip;]<\/p>\n","protected":false},"author":1,"featured_media":212060,"comment_status":"closed","ping_status":"closed","sticky":false,"template":"","format":"standard","meta":{"footnotes":""},"categories":[16],"tags":[],"class_list":["post-213052","post","type-post","status-publish","format-standard","has-post-thumbnail","hentry","category-opinion"],"_links":{"self":[{"href":"https:\/\/www.elsinodaldetamaulipas.com.mx\/index.php?rest_route=\/wp\/v2\/posts\/213052","targetHints":{"allow":["GET"]}}],"collection":[{"href":"https:\/\/www.elsinodaldetamaulipas.com.mx\/index.php?rest_route=\/wp\/v2\/posts"}],"about":[{"href":"https:\/\/www.elsinodaldetamaulipas.com.mx\/index.php?rest_route=\/wp\/v2\/types\/post"}],"author":[{"embeddable":true,"href":"https:\/\/www.elsinodaldetamaulipas.com.mx\/index.php?rest_route=\/wp\/v2\/users\/1"}],"replies":[{"embeddable":true,"href":"https:\/\/www.elsinodaldetamaulipas.com.mx\/index.php?rest_route=%2Fwp%2Fv2%2Fcomments&post=213052"}],"version-history":[{"count":1,"href":"https:\/\/www.elsinodaldetamaulipas.com.mx\/index.php?rest_route=\/wp\/v2\/posts\/213052\/revisions"}],"predecessor-version":[{"id":213053,"href":"https:\/\/www.elsinodaldetamaulipas.com.mx\/index.php?rest_route=\/wp\/v2\/posts\/213052\/revisions\/213053"}],"wp:featuredmedia":[{"embeddable":true,"href":"https:\/\/www.elsinodaldetamaulipas.com.mx\/index.php?rest_route=\/wp\/v2\/media\/212060"}],"wp:attachment":[{"href":"https:\/\/www.elsinodaldetamaulipas.com.mx\/index.php?rest_route=%2Fwp%2Fv2%2Fmedia&parent=213052"}],"wp:term":[{"taxonomy":"category","embeddable":true,"href":"https:\/\/www.elsinodaldetamaulipas.com.mx\/index.php?rest_route=%2Fwp%2Fv2%2Fcategories&post=213052"},{"taxonomy":"post_tag","embeddable":true,"href":"https:\/\/www.elsinodaldetamaulipas.com.mx\/index.php?rest_route=%2Fwp%2Fv2%2Ftags&post=213052"}],"curies":[{"name":"wp","href":"https:\/\/api.w.org\/{rel}","templated":true}]}}