{"id":213080,"date":"2025-10-15T23:09:29","date_gmt":"2025-10-16T03:09:29","guid":{"rendered":"https:\/\/www.elsinodaldetamaulipas.com.mx\/?p=213080"},"modified":"2025-10-15T23:09:29","modified_gmt":"2025-10-16T03:09:29","slug":"par-de-peligrosos-maleantes-vinculados-a-proceso","status":"publish","type":"post","link":"https:\/\/www.elsinodaldetamaulipas.com.mx\/?p=213080","title":{"rendered":"PAR DE PELIGROSOS MALEANTES VINCULADOS A PROCESO"},"content":{"rendered":"<p>EL SINODAL DE TAMAULIPAS<\/p>\n<p>Ciudad Victoria, Tamaulipas.\u2013 La Fiscal\u00eda General de Justicia del Estado de Tamaulipas informa que el Agente del Ministerio P\u00fablico obtuvo la vinculaci\u00f3n a proceso en contra de Javier Eduardo \u201cO\u201d y Miguel Alexander \u201cR\u201d, por los delitos de Homicidio Calificado, Desaparici\u00f3n Forzada Cometida por Particulares, Privaci\u00f3n Ilegal de la Libertad y Lesiones Dolosas.<\/p>\n<p>Un Juez de Control emiti\u00f3 la resoluci\u00f3n despu\u00e9s de que el Representante Social presentara datos de prueba suficientes que acreditan la probable responsabilidad de los imputados en los hechos ocurridos el 13 de julio de 2025, en el interior de un domicilio ubicado en la Colonia Guadalupe Mainero, de esta ciudad.<\/p>\n<p>La autoridad judicial impuso como medida cautelar la prisi\u00f3n preventiva oficiosa por un plazo de dos a\u00f1os y estableci\u00f3 un plazo de tres meses para la investigaci\u00f3n complementaria.<\/p>\n<p>Con acciones como esta, la Fiscal\u00eda General de Justicia del Estado de Tamaulipas reafirma su compromiso de investigar y llevar ante la justicia a quienes atenten contra la vida, la libertad y la seguridad de las y los tamaulipecos.<\/p>\n","protected":false},"excerpt":{"rendered":"<p>EL SINODAL DE TAMAULIPAS Ciudad Victoria, Tamaulipas.\u2013 La Fiscal\u00eda General de Justicia del Estado de Tamaulipas informa que el Agente del Ministerio P\u00fablico obtuvo la vinculaci\u00f3n a proceso en contra de Javier Eduardo \u201cO\u201d y Miguel Alexander \u201cR\u201d, por los delitos de Homicidio Calificado, Desaparici\u00f3n Forzada Cometida por Particulares, Privaci\u00f3n Ilegal de la Libertad y [&hellip;]<\/p>\n","protected":false},"author":1,"featured_media":213081,"comment_status":"closed","ping_status":"closed","sticky":false,"template":"","format":"standard","meta":{"footnotes":""},"categories":[25],"tags":[],"class_list":["post-213080","post","type-post","status-publish","format-standard","has-post-thumbnail","hentry","category-leyyorden"],"_links":{"self":[{"href":"https:\/\/www.elsinodaldetamaulipas.com.mx\/index.php?rest_route=\/wp\/v2\/posts\/213080","targetHints":{"allow":["GET"]}}],"collection":[{"href":"https:\/\/www.elsinodaldetamaulipas.com.mx\/index.php?rest_route=\/wp\/v2\/posts"}],"about":[{"href":"https:\/\/www.elsinodaldetamaulipas.com.mx\/index.php?rest_route=\/wp\/v2\/types\/post"}],"author":[{"embeddable":true,"href":"https:\/\/www.elsinodaldetamaulipas.com.mx\/index.php?rest_route=\/wp\/v2\/users\/1"}],"replies":[{"embeddable":true,"href":"https:\/\/www.elsinodaldetamaulipas.com.mx\/index.php?rest_route=%2Fwp%2Fv2%2Fcomments&post=213080"}],"version-history":[{"count":1,"href":"https:\/\/www.elsinodaldetamaulipas.com.mx\/index.php?rest_route=\/wp\/v2\/posts\/213080\/revisions"}],"predecessor-version":[{"id":213082,"href":"https:\/\/www.elsinodaldetamaulipas.com.mx\/index.php?rest_route=\/wp\/v2\/posts\/213080\/revisions\/213082"}],"wp:featuredmedia":[{"embeddable":true,"href":"https:\/\/www.elsinodaldetamaulipas.com.mx\/index.php?rest_route=\/wp\/v2\/media\/213081"}],"wp:attachment":[{"href":"https:\/\/www.elsinodaldetamaulipas.com.mx\/index.php?rest_route=%2Fwp%2Fv2%2Fmedia&parent=213080"}],"wp:term":[{"taxonomy":"category","embeddable":true,"href":"https:\/\/www.elsinodaldetamaulipas.com.mx\/index.php?rest_route=%2Fwp%2Fv2%2Fcategories&post=213080"},{"taxonomy":"post_tag","embeddable":true,"href":"https:\/\/www.elsinodaldetamaulipas.com.mx\/index.php?rest_route=%2Fwp%2Fv2%2Ftags&post=213080"}],"curies":[{"name":"wp","href":"https:\/\/api.w.org\/{rel}","templated":true}]}}