{"id":213089,"date":"2025-10-16T01:58:05","date_gmt":"2025-10-16T05:58:05","guid":{"rendered":"https:\/\/www.elsinodaldetamaulipas.com.mx\/?p=213089"},"modified":"2025-10-16T01:58:05","modified_gmt":"2025-10-16T05:58:05","slug":"fortalece-rector-damaso-anaya-capacitacion-a-personal-academico","status":"publish","type":"post","link":"https:\/\/www.elsinodaldetamaulipas.com.mx\/?p=213089","title":{"rendered":"* FORTALECE RECTOR DAMASO ANAYA CAPACITACION A PERSONAL ACAD\u00c9MICO"},"content":{"rendered":"<div class=\"xdj266r x14z9mp xat24cr x1lziwak x1vvkbs x126k92a\">\n<div dir=\"auto\">* CELEBRAN 75 A\u00d1OS DE EMANCIPACION DE CIUDAD MIGUEL ALEMAN<\/div>\n<\/div>\n<div class=\"x14z9mp xat24cr x1lziwak x1vvkbs xtlvy1s x126k92a\">\n<div dir=\"auto\">*CON MEJOR TECNOLOGIA EN APOYO A LA ENSE\u00d1ANZA<\/div>\n<\/div>\n<div class=\"x14z9mp xat24cr x1lziwak x1vvkbs xtlvy1s x126k92a\">\n<div dir=\"auto\">El rector de la Universidad Aut\u00f3noma de Tamaulipas (UAT), DAMASO ANAYA ALVARADO, puso en marcha el curso taller para capacitar al personal acad\u00e9mico en el uso de pantallas interactivas equipadas con tecnolog\u00eda de \u00faltima generaci\u00f3n en apoyo a la ense\u00f1anza.<\/div>\n<\/div>\n<div class=\"x14z9mp xat24cr x1lziwak x1vvkbs xtlvy1s x126k92a\">\n<div dir=\"auto\">En sesi\u00f3n virtual, el rector DAMASO ANAYA dio apertura a este programa que se imparte en l\u00ednea a m\u00e1s de 550 docentes de todos los planteles de la UAT, a quienes reconoci\u00f3 su compromiso por actualizar sus conocimientos pedag\u00f3gicos y contribuir al mejoramiento integral de la educaci\u00f3n universitaria.<\/div>\n<\/div>\n<div class=\"x14z9mp xat24cr x1lziwak x1vvkbs xtlvy1s x126k92a\">\n<div dir=\"auto\">El curso tiene como objetivo capacitar y dar a conocer las funciones de la Pantalla Interactiva Huawei IdeaHub ES2 75\u2019, que, entre otras herramientas, integra un pizarr\u00f3n inteligente, proyecci\u00f3n inal\u00e1mbrica y videoconferencia de alta definici\u00f3n y audio con inteligencia artificial, lo que permite clases virtuales fluidas, compartir contenido desde dispositivos y brindar una mejor experiencia visual y auditiva para el estudiante.<\/div>\n<\/div>\n<div class=\"x14z9mp xat24cr x1lziwak x1vvkbs xtlvy1s x126k92a\">\n<div dir=\"auto\">EL RECTOR subray\u00f3 la importancia de estar a la vanguardia en una educaci\u00f3n marcada por la innovaci\u00f3n tecnol\u00f3gica, y que, en este escenario, el reto de la UAT es actualizar las pr\u00e1cticas con un prop\u00f3sito pedag\u00f3gico claro que inspire y transforme la manera en que se ense\u00f1a y se aprende.<\/div>\n<\/div>\n<div class=\"x14z9mp xat24cr x1lziwak x1vvkbs xtlvy1s x126k92a\">\n<div dir=\"auto\">En ese sentido, reafirm\u00f3 el compromiso de la Universidad de dotar a todas las facultades y escuelas de este equipamiento, as\u00ed como tambi\u00e9n de impulsar iniciativas que fortalezcan las capacidades docentes y tecnol\u00f3gicas para construir una educaci\u00f3n humanista, transformadora y de excelencia al servicio de la sociedad.<\/div>\n<\/div>\n<div class=\"x14z9mp xat24cr x1lziwak x1vvkbs xtlvy1s x126k92a\">\n<div dir=\"auto\">La presentaci\u00f3n de esta iniciativa est\u00e1 a cargo de la Secretar\u00eda Acad\u00e9mica, en colaboraci\u00f3n con la Secretar\u00eda de Administraci\u00f3n y la Direcci\u00f3n de Infraestructura Tecnol\u00f3gica de la UAT, destac\u00e1ndose el objetivo de promover la integraci\u00f3n pedag\u00f3gica de las pantallas interactivas para generar entornos de aprendizaje m\u00e1s din\u00e1micos, colaborativos e inclusivos.<\/div>\n<\/div>\n<div class=\"x14z9mp xat24cr x1lziwak x1vvkbs xtlvy1s x126k92a\">\n<div dir=\"auto\">SIN DUDA QUE EL VICTORENSE egresado de la facultad de veterinaria, conoce las entra\u00f1as de la universidad y desarrolla acciones que vayan en fortalecimiento de la ense\u00f1anza de los estudiantes, un sector muy importante para el progreso de nuestro estado.<\/div>\n<\/div>\n<div class=\"x14z9mp xat24cr x1lziwak x1vvkbs xtlvy1s x126k92a\">\n<div dir=\"auto\">No hay que perder de vista la trayectoria del rector del Alma m\u00e1ter tamaulipeca.<\/div>\n<\/div>\n<div class=\"x14z9mp xat24cr x1lziwak x1vvkbs xtlvy1s x126k92a\">\n<div dir=\"auto\">PROPONE INICIATIVA SERGIO OJEDA EN FAVOR DE PAISANOS EN EL EXTRANJERO<\/div>\n<\/div>\n<div class=\"x14z9mp xat24cr x1lziwak x1vvkbs xtlvy1s x126k92a\">\n<div dir=\"auto\">Respaldar a las y los tamaulipecos que radican fuera del pa\u00eds, el Congreso del estado de Tamaulipas, aprob\u00f3 por unanimidad la iniciativa el diputado SERGIO \u201cCheko\u201d OJEDA CASTILLO, la cual solicita a los 43 Ayuntamientos de Tamaulipas reforzar la capacitaci\u00f3n del personal encargado de la expedici\u00f3n de Cartas de Origen o Constancias de Identidad y lograr un tr\u00e1mite \u00e1gil.<\/div>\n<\/div>\n<div class=\"x14z9mp xat24cr x1lziwak x1vvkbs xtlvy1s x126k92a\">\n<div dir=\"auto\">El legislador destac\u00f3 que este documento es fundamental para las y los mexicanos que viven en el extranjero, ya que acredita su identidad y lugar de origen, permiti\u00e9ndoles acceder a servicios esenciales como la salud, la educaci\u00f3n y la asistencia social, adem\u00e1s de facilitar los tr\u00e1mites para regularizar su situaci\u00f3n migratoria.<\/div>\n<div dir=\"auto\">\u201cMuchos de nuestros paisanos se encuentran en Estados Unidos en una situaci\u00f3n migratoria complicada, y tener documentos de identidad emitidos por su municipio de origen puede hacer una gran diferencia en su calidad de vida y en sus posibilidades de regularizaci\u00f3n\u201d, expres\u00f3 el diputado Ojeda.<\/div>\n<\/div>\n<div class=\"x14z9mp xat24cr x1lziwak x1vvkbs xtlvy1s x126k92a\">\n<div dir=\"auto\">El punto de acuerdo exhorta respetuosamente a los gobiernos municipales a capacitar a su personal en los procedimientos para la expedici\u00f3n de estos documentos, para agilizar y simplificar su obtenci\u00f3n, sobre todo para las familias que los solicitan desde el extranjero.<\/div>\n<\/div>\n<div class=\"x14z9mp xat24cr x1lziwak x1vvkbs xtlvy1s x126k92a\">\n<div dir=\"auto\">\u201cSe trata de una acci\u00f3n humanista y solidaria con quienes han tenido que migrar, pero que siguen teniendo sus ra\u00edces en Tamaulipas. Nuestro deber es facilitarles los medios para mantener ese v\u00ednculo y garantizar sus derechos\u201d, agreg\u00f3 el legislador SERGIO \u201cCheko\u201d OJEDA.<\/div>\n<\/div>\n<div class=\"x14z9mp xat24cr x1lziwak x1vvkbs xtlvy1s x126k92a\">\n<div dir=\"auto\">CELEBRAN 75 A\u00d1OS DE EMANCIPACION EN MIGUEL ALEMAN<\/div>\n<\/div>\n<div class=\"x14z9mp xat24cr x1lziwak x1vvkbs xtlvy1s x126k92a\">\n<div dir=\"auto\">Acompa\u00f1ado de su esposa, Sra. ANDREA AGUIRRE DE CORTEZ, de la presidenta del Sistema DIF, Dra. ANDREA CORTEZ DE CAVAZOS, y del Comit\u00e9 de Festejos de la Expo-Feria 2025, presidido por el regidor Profr. JESUS SANTOS DIAZ GONZALEZ, el Alcalde Biol. RAMIRO CORTEZ BARRERA encabez\u00f3 la ceremonia oficial con la que se conmemor\u00f3 el 75 Aniversario de la Emancipaci\u00f3n Pol\u00edtica de Miguel Alem\u00e1n.<\/div>\n<\/div>\n<div class=\"x14z9mp xat24cr x1lziwak x1vvkbs xtlvy1s x126k92a\">\n<div dir=\"auto\">En la ceremonia, luego de rendir honores a los s\u00edmbolos patrios, el contralor Profr. MARTIN FACUNDO ESPARZA ley\u00f3 una rese\u00f1a hist\u00f3rica del municipio, y el secretario del Ayuntamiento, Lic. RICARDO HERNANDEZ ROCHA, fue el encargado de dar lectura al Decreto del 11 de Octubre de 1950.<\/div>\n<\/div>\n<div class=\"x14z9mp xat24cr x1lziwak x1vvkbs xtlvy1s x126k92a\">\n<div dir=\"auto\">Posteriormente, se entreg\u00f3 un merecido reconocimiento a una mujer que es orgullo de Miguel Alem\u00e1n, la Ing. Amariliz Garc\u00eda Solano, directora de la Planta Heineken, en Toluca, Estado de M\u00e9xico.<\/div>\n<\/div>\n<div class=\"x14z9mp xat24cr x1lziwak x1vvkbs xtlvy1s x126k92a\">\n<div dir=\"auto\">A su vez, el Biol. RAMIRO CORTEZ BARRERA emiti\u00f3 su mensaje oficial del 75 Aniversario, en el que reconoci\u00f3 c\u00f3mo la gente buena y trabajadora, en cada una de las \u00e9pocas de Miguel Alem\u00e1n, ha contribuido en el desarrollo del municipio, emotivo momento que cerr\u00f3 con un espect\u00e1culo de juegos pirot\u00e9cnicos.<\/div>\n<\/div>\n<div class=\"x14z9mp xat24cr x1lziwak x1vvkbs xtlvy1s x126k92a\">\n<div dir=\"auto\">Terminada la ceremonia, el Alcalde encabez\u00f3 un recorrido por todas las \u00e1reas de la Expo-Feria Miguel Alem\u00e1n 2025, deseando el mayor de los \u00e9xitos a los expositores; y finalmente disfrut\u00f3 con todas las familias de la m\u00fasica de Los Alemanes de la T y de la gran presentaci\u00f3n del grupo Pega-Pega de Emilio Reyna, que abarrot\u00f3 el ampliado y remodelado Teatro del Pueblo, poniendo a bailar a cientos de personas.<\/div>\n<\/div>\n<div class=\"x14z9mp xat24cr x1lziwak x1vvkbs xtlvy1s x126k92a\">\n<div dir=\"auto\">AMPLIAN EN MATAMOROS CENTROS DE ACOPIO EN FAVOR DE PAISANOS DE VERACRUZ<\/div>\n<\/div>\n<div class=\"x14z9mp xat24cr x1lziwak x1vvkbs xtlvy1s x126k92a\">\n<div dir=\"auto\">Con el prop\u00f3sito de facilitar la entrega de v\u00edveres y brindar un mayor apoyo a quienes hoy m\u00e1s lo necesitan, el gobierno municipal que preside el alcalde, BETO GRANADOS, ha ampliado los centros de acopio disponibles en la comunidad.<\/div>\n<div dir=\"auto\">Cada donaci\u00f3n representa esperanza, solidaridad y un abrazo fraterno hacia nuestros hermanos veracruzanos. \u201cEn momentos dif\u00edciles, la unidad de nuestra gente marca la diferencia. Invitamos a toda la ciudadan\u00eda a sumarse a esta causa humanitaria que refleja lo mejor de nuestro municipio, afirm\u00f3 el presidente municipal, Beto Granados\u201d.<\/div>\n<\/div>\n<div class=\"x14z9mp xat24cr x1lziwak x1vvkbs xtlvy1s x126k92a\">\n<div dir=\"auto\">Los centros de acopio disponibles son: Tamul de Guadalupe Victoria, Calle V. G\u00f3mez Far\u00edas, Guadalupe Victoria; Tamul Lomas de San Juan, Av. Benito Ju\u00e1rez, entre Diego Rivera y San Carlos, Lomas de San Juan; Tamul de Encinos, Bugambilia 50, Los Encinos; Tamul de Las Brisas, Av. Bah\u00eda de Santa Mar\u00eda, entre Laguna de las Brisas y Laguna del Tigre; Tamul Rinc\u00f3n Colonial, Calle Madrid, Fracc. Rinc\u00f3n Colonial.<\/div>\n<\/div>\n<div class=\"x14z9mp xat24cr x1lziwak x1vvkbs xtlvy1s x126k92a\">\n<div dir=\"auto\">Asimismo, se agregan como centros de acopio el Parque Ol\u00edmpico, Cultura y Conocimiento<\/div>\n<div dir=\"auto\">Calle Constituci\u00f3n, Colonia Jard\u00edn; Centro de Bienestar y Paz Las Brisas, Calle Pirules esquina Puerto Arista s\/n, Fracc. Palmares de Las Brisas y Unidad de Bienestar Los \u00c1ngeles, Calle Balcones, esquina Jos\u00e9 Carretera, Fracc. Los \u00c1ngeles.<\/div>\n<\/div>\n<div class=\"x14z9mp xat24cr x1lziwak x1vvkbs xtlvy1s x126k92a\">\n<div dir=\"auto\">UN DICTAMEN VIGENTE DE PROTECCION CIVIL PUEDE SALVAR VIDAS<\/div>\n<\/div>\n<div class=\"x14z9mp xat24cr x1lziwak x1vvkbs xtlvy1s x126k92a\">\n<div dir=\"auto\">El gobierno de BETO GRANADOS contin\u00faa impulsando medidas de prevenci\u00f3n para salvaguardar la integridad de la ciudadan\u00eda, destacando la importancia de mantener vigente el dictamen de Protecci\u00f3n Civil en todos los comercios. Esta acci\u00f3n busca reducir riesgos como incendios, explosiones o accidentes que puedan poner en peligro a trabajadores, clientes y a la comunidad en general.<\/div>\n<\/div>\n<div class=\"x14z9mp xat24cr x1lziwak x1vvkbs xtlvy1s x126k92a\">\n<div dir=\"auto\">A trav\u00e9s de una campa\u00f1a informativa, la administraci\u00f3n municipal hace un llamado a propietarios de negocios a no bajar la guardia en materia de seguridad. \u00abNo esperes a que ocurra un incidente: una acci\u00f3n preventiva hoy puede evitar tragedias ma\u00f1ana\u00bb, es el mensaje central que se difunde en p\u00e1ginas oficiales.<\/div>\n<\/div>\n<div class=\"x14z9mp xat24cr x1lziwak x1vvkbs xtlvy1s x126k92a\">\n<div dir=\"auto\">El gobierno municipal subraya que contar con un dictamen actualizado no solo es un requisito legal, sino una herramienta fundamental para garantizar espacios seguros y preparados ante cualquier contingencia. Estas acciones forman parte de un enfoque integral que prioriza la prevenci\u00f3n como estrategia clave de protecci\u00f3n civil.<\/div>\n<div dir=\"auto\">Con el lema \u201cLa seguridad no es lujo, es deber\u201d, el gobierno de Beto Granados reafirma su compromiso con la protecci\u00f3n de la ciudadan\u00eda y la creaci\u00f3n de entornos m\u00e1s seguros para todos. La colaboraci\u00f3n entre autoridades y sociedad es esencial para prevenir tragedias y fomentar una cultura de responsabilidad compartida.<\/div>\n<\/div>\n<div class=\"x14z9mp xat24cr x1lziwak x1vvkbs xtlvy1s x126k92a\">\n<div dir=\"auto\">UNIMEX VISITAN ESTUDIANTES DE LA UTTN AGENCIA ADUANAL UNIMEX<\/div>\n<\/div>\n<div class=\"x14z9mp xat24cr x1lziwak x1vvkbs xtlvy1s x126k92a\">\n<div dir=\"auto\">Todo un \u00e9xito result\u00f3 la carrera atl\u00e9tica con Como parte de su formaci\u00f3n acad\u00e9mica, estudiantes de la carrera de Log\u00edstica Internacional de la Universidad Tecnol\u00f3gica de Tamaulipas Norte (UTTN) realizaron una visita acad\u00e9mica a la Agencia Aduanal UNIMEX, ubicada en las inmediaciones del Puente Internacional Reynosa-Pharr.<\/div>\n<\/div>\n<div class=\"x14z9mp xat24cr x1lziwak x1vvkbs xtlvy1s x126k92a\">\n<div dir=\"auto\">EDGAR GARZA HERNANDEZ, rector de la instituci\u00f3n, coment\u00f3 que alumnas y alumnos del tercer cuatrimestre de dicha carrera, acompa\u00f1ados por un docente, realizaron esta visita con el objetivo de vincular a las y los estudiantes con el entorno real de las operaciones log\u00edsticas y aduaneras, as\u00ed como conocer de primera mano los procesos y responsabilidades que conlleva el trabajo de un agente aduanal y de las empresas con certificaci\u00f3n IMMEX de Servicios.<\/div>\n<\/div>\n<div class=\"x14z9mp xat24cr x1lziwak x1vvkbs xtlvy1s x126k92a\">\n<div dir=\"auto\">Durante la visita, fueron recibidos por JOSE JUAREZ GOMEZ, supervisor de Cumplimiento Aduanero, y Ver\u00f3nica Hern\u00e1ndez Ulloa, supervisora de Recursos Humanos, quienes ofrecieron una pl\u00e1tica informativa sobre los servicios integrales que brinda la empresa en materia de comercio exterior, as\u00ed como sobre su capacidad operativa a nivel binacional (M\u00e9xico\u2013Estados Unidos).<\/div>\n<\/div>\n<div class=\"x14z9mp xat24cr x1lziwak x1vvkbs xtlvy1s x126k92a\">\n<div dir=\"auto\">Posteriormente, las y los j\u00f3venes realizaron un recorrido guiado por las distintas \u00e1reas de la empresa, tales como Cumplimiento Aduanero, Documentaci\u00f3n Aduanera, \u00c1rea de Mar\u00edtimos, Glosa, Tr\u00e1fico e Inbond, entre otras. Esta experiencia les permiti\u00f3 observar la operaci\u00f3n interna de una agencia aduanal en tiempo real y comprender mejor la aplicaci\u00f3n de la legislaci\u00f3n y los procedimientos en materia de comercio exterior.<\/div>\n<\/div>\n<div class=\"x14z9mp xat24cr x1lziwak x1vvkbs xtlvy1s x126k92a\">\n<div dir=\"auto\">El rector subray\u00f3 que este tipo de visitas forma parte de las actividades de vinculaci\u00f3n promovidas por la UTTN, para enriquecer la formaci\u00f3n t\u00e9cnica y profesional de sus estudiantes, fomentando una educaci\u00f3n pr\u00e1ctica y cercana a las demandas reales del sector log\u00edstico y aduanero, acorde con la visi\u00f3n educativa de calidad que impulsa el gobernador Am\u00e9rico Villarreal Anaya e implementa la Secretar\u00eda de Educaci\u00f3n de Tamaulipas (SET), a cargo de MIGUEL VALDEZ GARCIA.<\/div>\n<\/div>\n<div class=\"x14z9mp xat24cr x1lziwak x1vvkbs xtlvy1s x126k92a\">\n<div dir=\"auto\">ABREN CENTROS DE ACOPIO EN SISTEMA DIF TAMAULIPAS<\/div>\n<\/div>\n<div class=\"x14z9mp xat24cr x1lziwak x1vvkbs xtlvy1s x126k92a\">\n<div dir=\"auto\">El Sistema DIF Tamaulipas, que preside la doctora MARIA DE VILLARREAL, abri\u00f3 un centro de acopio en la capital del estado con el prop\u00f3sito de reunir apoyo para las familias que resultaron afectadas por las recientes lluvias e inundaciones en el norte de Veracruz.<\/div>\n<\/div>\n<div class=\"x14z9mp xat24cr x1lziwak x1vvkbs xtlvy1s x126k92a\">\n<div dir=\"auto\">El centro se encuentra en las oficinas centrales del Sistema DIF Tamaulipas, ubicadas en calzada General Luis Caballero n\u00famero 297, colonia Tamat\u00e1n, en Ciudad Victoria. A partir del 13 de octubre permanecer\u00e1 abierto de lunes a viernes, en un horario de 8:30 a 15:30 horas, para recibir las donaciones de la poblaci\u00f3n.<\/div>\n<div dir=\"auto\">El DIF Tamaulipas invita a la ciudadan\u00eda a contribuir con alimentos enlatados, agua embotellada, as\u00ed como art\u00edculos de higiene personal como papel higi\u00e9nico, jab\u00f3n de ba\u00f1o, toallas sanitarias, pa\u00f1ales, desodorante, cepillos y pasta dental; adem\u00e1s de productos de limpieza como cloro, detergente, jab\u00f3n en barra, esponjas, toallitas h\u00famedas, desinfectantes y escobas.<\/div>\n<\/div>\n<div class=\"x14z9mp xat24cr x1lziwak x1vvkbs xtlvy1s x126k92a\">\n<div dir=\"auto\">Todo lo recolectado ser\u00e1 clasificado, empaquetado y distribuido por el Sistema DIF Tamaulipas, garantizando que los insumos lleguen a las familias del norte de Veracruz que enfrentan las consecuencias de las inundaciones.<\/div>\n<\/div>\n<div class=\"x14z9mp xat24cr x1lziwak x1vvkbs xtlvy1s x126k92a\">\n<div dir=\"auto\">Con esta acci\u00f3n, los Mensajeros de Paz del Sistema DIF Tamaulipas reafirman el compromiso del gobernador AMERICO VILLARREAL de brindar respaldo a quienes m\u00e1s lo necesitan, extendiendo la mano fraterna del pueblo tamaulipeco hacia las comunidades veracruzanas afectadas.<\/div>\n<div dir=\"auto\">CIERRA CON \u00c9XITO FESTIVAL CULTURAL EN TAMPICO<\/div>\n<div dir=\"auto\">LA PRESIDENTA MUNICIPAL, MONICA VILLARREAL reconoci\u00f3 el trabajo de organizadores, artistas y p\u00fablico asistente, destacando que la cultura es un puente que une a las comunidades y fortalece la identidad tampique\u00f1a.<\/div>\n<div dir=\"auto\">El cierre de actividades estuvo a cargo de la destacada soprano mexicana Mar\u00eda Katzarava, quien interpret\u00f3 \u2018Piaf de Bolsillo\u2019 ante un lleno total en el recinto, consolidando as\u00ed, a la XXXII edici\u00f3n del Festival, como una de las celebraciones culturales m\u00e1s importantes de Tamaulipas.<\/div>\n<\/div>\n<div class=\"x14z9mp xat24cr x1lziwak x1vvkbs xtlvy1s x126k92a\">\n<div dir=\"auto\">\u201cHemos sido testigos de la fuerza de nuestro arte, de la diversidad de nuestras voces y de la pasi\u00f3n que une a Tamaulipas y a todo M\u00e9xico. Y para cerrar con broche de oro, tuvimos el privilegio de contar con la presencia de una artista excepcional, Mar\u00eda Katzarava, una soprano mexicana que ha conquistado escenarios en Europa, Asia y Am\u00e9rica. Hoy Tampico se despide con orgullo y gratitud, gracias a todos por ser parte de esta fiesta del alma y del arte\u201d, puntualiz\u00f3 M\u00f3nica Villarreal.<\/div>\n<\/div>\n<div class=\"x14z9mp xat24cr x1lziwak x1vvkbs xtlvy1s x126k92a\">\n<div dir=\"auto\">Al evento culminante de esta gran muestra art\u00edstica y cultural, asistieron tambi\u00e9n la presidenta del Sistema DIF Tampico LUZ ADRIANA VILLARREAL, el se\u00f1or ANTONIO VERDEAL MILLAN, esposo de la alcaldesa porte\u00f1a, as\u00ed como dem\u00e1s directores y secretarios municipales.<\/div>\n<\/div>\n<div class=\"x14z9mp xat24cr x1lziwak x1vvkbs xtlvy1s x126k92a\">\n<div dir=\"auto\">PROMUEVE CARLOS CANTUROSAS REFORMA SOBRE BEBIDAS ENERGIZANTE<\/div>\n<\/div>\n<div class=\"x14z9mp xat24cr x1lziwak x1vvkbs xtlvy1s x126k92a\">\n<div dir=\"auto\">El diputado federal CARLOS CANTUROSAS VILLARREAL destac\u00f3 que esta medida responde a la creciente preocupaci\u00f3n por el consumo de este tipo de productos entre j\u00f3venes, cuyo acceso es actualmente demasiado f\u00e1cil y su promoci\u00f3n, especialmente dirigida a este sector de la poblaci\u00f3n.<\/div>\n<\/div>\n<div class=\"x14z9mp xat24cr x1lziwak x1vvkbs xtlvy1s x126k92a\">\n<div dir=\"auto\">\u201cAunque se promocionan como inofensivas, las bebidas energ\u00e9ticas pueden provocar graves consecuencias en la salud de los menores, como trastornos del sue\u00f1o, ansiedad, d\u00e9ficit de atenci\u00f3n y problemas card\u00edacos. Esta reforma protege su bienestar y pone un alto a una pr\u00e1ctica que se hab\u00eda normalizado\u201d, se\u00f1al\u00f3 Canturosas Villarreal.<\/div>\n<div dir=\"auto\">CARLOS CANTUROSAS explic\u00f3 que la reforma aprobada adiciona y modifica tres art\u00edculos de la Ley General de Salud. El art\u00edculo 215, que Define el concepto de \u201cbebida energizante\u201d y faculta a la Secretar\u00eda de Salud para determinar, mediante normas oficiales mexicanas, qu\u00e9 sustancias y mezclas deben considerarse como tales; el art\u00edculo 216, que proh\u00edbe expresamente a los establecimientos la venta y suministro de bebidas energ\u00e9ticas a menores de edad; y el art\u00edculo 419 que establece las sanciones y multas a los establecimientos que incumplan con esta nueva disposici\u00f3n.<\/div>\n<\/div>\n<div class=\"x14z9mp xat24cr x1lziwak x1vvkbs xtlvy1s x126k92a\">\n<div dir=\"auto\">El legislador tamaulipeco reiter\u00f3 su compromiso con la salud y el bienestar de la juventud mexicana, se\u00f1alando que esta reforma es un paso importante hacia una pol\u00edtica p\u00fablica m\u00e1s responsable y preventiva en materia de consumo de productos nocivos.<\/div>\n<div dir=\"auto\">\u201cNuestro deber es cuidar a las y los j\u00f3venes, garantizarles entornos m\u00e1s saludables y evitar que intereses comerciales se impongan sobre su salud\u201d, concluy\u00f3 el diputado federal.<\/div>\n<\/div>\n<div class=\"x14z9mp xat24cr x1lziwak x1vvkbs xtlvy1s x126k92a\">\n<div dir=\"auto\">INVITAN A LA SEGUNDA CARRERA 5K EN RIO BRAVO<\/div>\n<\/div>\n<div class=\"x14z9mp xat24cr x1lziwak x1vvkbs xtlvy1s x126k92a\">\n<div dir=\"auto\">EL ALCALDE DE LA CIUDAD, MIGUEL ANGEL ALMARAZ MALDONADO, invit\u00f3 a la segunda carrera que se celebrar\u00e1 en un evento lleno de uni\u00f3n, esperanza y solidaridad en el marco de la celebraci\u00f3n del dia de la lucha contra el c\u00e1ncer de mama.<\/div>\n<div dir=\"auto\">Evento que se realizar\u00e1 este domingo 26 de octubre en punto de las 7 de la ma\u00f1ana saliendo de la oficina del sistema DIF municipal que preside la SRA. BLANCA ARIZPE DE ALMARAZ.<\/div>\n<\/div>\n<div class=\"x14z9mp xat24cr x1lziwak x1vvkbs xtlvy1s x126k92a\">\n<div dir=\"auto\">Te invitamos a ser parte de la 2da Carrera 5K en la lucha contra el c\u00e1ncer de mama, un evento lleno de uni\u00f3n, esperanza y solidaridad.<\/div>\n<div dir=\"auto\">Indic\u00f3 el alcalde que se pueden pasar a inscribir al departamento de planeaci\u00f3n e innovaci\u00f3n de proyectos en donde se recibir\u00e1 una playera conmemorativa, el n\u00famero de participante y la medalla de participaci\u00f3n.<\/div>\n<\/div>\n<div class=\"x14z9mp xat24cr x1lziwak x1vvkbs xtlvy1s x126k92a\">\n<div dir=\"auto\">SIN DUDA ES UN TRABAJO coordinado con el sistema de desarrollo integral de la familia que viene impulsando actividades en beneficio de la familia, de las madres de familia asi como de la ni\u00f1ez en la prevenci\u00f3n de enfermedades.<\/div>\n<div dir=\"auto\">Siendo esta una importante ocasi\u00f3n para sumar esfuerzos en cada uno de los temas de salud donde se tiende la mano solidaria del sistema DIF municipal que preside la se\u00f1ora BLANCA ARIZPE DE ALMARAZ.<\/div>\n<\/div>\n<div class=\"x14z9mp xat24cr x1lziwak x1vvkbs xtlvy1s x126k92a\">\n<div dir=\"auto\">SUMAN MAS A NUEVO MOVIMIENTO POLITICO: MAURICIO DE ALEJANDRO<\/div>\n<\/div>\n<div class=\"x14z9mp xat24cr x1lziwak x1vvkbs xtlvy1s x126k92a\">\n<div dir=\"auto\">SOMOS M\u00c9XICO, un nuevo proyecto y pr\u00f3ximo partido pol\u00edtico que llega a Reynosa con gran aceptaci\u00f3n.<\/div>\n<\/div>\n<div class=\"x14z9mp xat24cr x1lziwak x1vvkbs xtlvy1s x126k92a\">\n<div dir=\"auto\">De la mano del Lic. MAURICIO DE ALEJANDRO, llega a esta ciudad fronteriza este movimiento que busca la finalidad de convertirse en un nuevo partido pol\u00edtico, donde buscan abrir nuevos espacios de participaci\u00f3n pol\u00edtica, no solo en Reynosa, sino en todo el pa\u00eds.<\/div>\n<div dir=\"auto\">Dicho movimiento sigue trabajando en diversas ciudades del pa\u00eds con asambleas para dar a conocer las ra\u00edces de este movimiento y poder convertir a un M\u00e9xico m\u00e1s fuerte.<\/div>\n<\/div>\n<div class=\"x14z9mp xat24cr x1lziwak x1vvkbs xtlvy1s x126k92a\">\n<div dir=\"auto\">Con un qu\u00f3rum sobrepasado en Reynosa, se llev\u00f3 a cabo la segunda asamblea en el Distrito 02 Federal, donde se busca la democracia, justicia social y un estado de derecho con gobernabilidad con dicha asamblea SOMOS M\u00c9XICO ya se suman 135 de las 200 en todo el pa\u00eds.<\/div>\n<div dir=\"auto\">SOMOS M\u00c9XICO se siente listo y preparado para darlo todo en las pr\u00f3ximas elecciones del 2027 con el apoyo de diversos sectores de la sociedad.<\/div>\n<div dir=\"auto\">En SOMOS M\u00c9XICO, somos la fuerza que nos une.<\/div>\n<\/div>\n<div class=\"x14z9mp xat24cr x1lziwak x1vvkbs xtlvy1s x126k92a\">\n<div dir=\"auto\">ADULTOS MAYORES SON LOS MAS CONSENTIDOS DEL GOBIERNO DE PATTY CHIO<\/div>\n<\/div>\n<div class=\"x14z9mp xat24cr x1lziwak x1vvkbs xtlvy1s x126k92a\">\n<div dir=\"auto\">\u00abLos adultos mayores son los consentidos del gobierno de la transformaci\u00f3n\u00bb, dijo la Presidenta Municipal PATTY CHIO al hacer entrega de uniformes y apoyos alimentarios a beneficiarios del programa \u00abAdulto Activo\u00bb.<\/div>\n<\/div>\n<div class=\"x14z9mp xat24cr x1lziwak x1vvkbs xtlvy1s x126k92a\">\n<div dir=\"auto\">Son 86 adultos mayores que se mantienen productivos en sociedad al trabajar como empacadores voluntarios, quienes a trav\u00e9s del Sistema DIF El Mante tienen todo el respaldo del Gobierno Municipal para abrir espacios laborales en tiendas de auto servicio y a su vez guiarlos y protegerles sus derechos.<\/div>\n<div dir=\"auto\">\u00abUstedes son los consentidos porque desde que lleg\u00f3 el Gobierno de la Transformaci\u00f3n se incrementaron las pensiones, se les garantiza un trato digno y se les protege en sus derechos y esta es la prueba de que est\u00e1n mejor, porque los vemos todos los d\u00edas muy activos y siendo personas productivas y un ejemplo a seguir\u00bb les dijo la Presidenta Municipal Patty Ch\u00edo, al reiterar que en el gobierno federal, estatal y municipal se les cuida y protege para mantenerlos simpre con bienestar.<\/div>\n<\/div>\n<div class=\"x14z9mp xat24cr x1lziwak x1vvkbs xtlvy1s x126k92a\">\n<div dir=\"auto\">Agradeci\u00f3 a la Presidenta del Sistema DIF Tamaulipas Dra. MARIA SANTIAGO DE VILLARREAL por fortalecer el programa \u00abAdulto Mayor Activo\u00bb a trav\u00e9s del cual, se brindan espacios y oportunidades laborales para que puedan tener un ingreso econ\u00f3mico en su hogar.<\/div>\n<\/div>\n<div class=\"x14z9mp xat24cr x1lziwak x1vvkbs xtlvy1s x126k92a\">\n<div dir=\"auto\">A nombre de los Adultos Activos, Don Crescencio agradeci\u00f3 los recursos: \u00abGracias Patty por estos uniformes que nos dan identidad. Reconocemos el trabajo humanista que realizas junto al Gobernador Am\u00e9rico Villarreal Anaya para transformar El Mante, con el cual tambi\u00e9n nos beneficiamos los adultos mayores\u00bb.<\/div>\n<div dir=\"auto\">Le acompa\u00f1aron la Presidenta del Patronato DIF PERLA CRISTINA CHIO DE LA GARZA, la directora ERIKA TORRES, regidoras del cabildo mantense e integrantes del patronato.<\/div>\n<\/div>\n<div class=\"x14z9mp xat24cr x1lziwak x1vvkbs xtlvy1s x126k92a\">\n<div dir=\"auto\">PREPARAN CAMINATA PARA FOMENTAR PREVENCION DEL CANCER DE MAMA<\/div>\n<\/div>\n<div class=\"x14z9mp xat24cr x1lziwak x1vvkbs xtlvy1s x126k92a\">\n<div dir=\"auto\">EN EL MUNICIPIO DE REYNOSA, integrantes de la federaci\u00f3n de trabajadores de Reynosa que dirige REYNALDO GARZA ELIZONDO como secretario general de la CTM asi como con la coordinaci\u00f3n de NORMA GONZALEZ SALINAS del sindicato de Trabajadoras y trabajadores de la COMAPA Reynosa adem\u00e1s de JUAN SALVADOR PORTILLO MARTINEZ, integrante de la directiva de la federaci\u00f3n de trabajadores, se encuentran en la planeaci\u00f3n de este evento donde participaran otras organizaciones.<\/div>\n<\/div>\n<div class=\"x14z9mp xat24cr x1lziwak x1vvkbs xtlvy1s x126k92a\">\n<div dir=\"auto\">-Estamos invitando a todos nuestros compa\u00f1eros y compa\u00f1eras a que se sumen a esta marcha rosa el pr\u00f3ximo 19 de este mes de octubre, como cada a\u00f1o, para recordar que el c\u00e1ncer de mama, se puede prevenir-, comento Juan Salvador Portillo Mart\u00ednez.<\/div>\n<div dir=\"auto\">DICHA TRAVESIA iniciara seg\u00fan dieron a conocer por parte de las autoridades de esta federaci\u00f3n de trabajadores que ser\u00e1 en punto de las ocho de la ma\u00f1ana, partiendo del 14avo comit\u00e9 regional agrario, conocido como la Casa del campesino de Reynosa con rumbo a la presidencia municipal.<\/div>\n<\/div>\n<div class=\"x14z9mp xat24cr x1lziwak x1vvkbs xtlvy1s x126k92a\">\n<div dir=\"auto\">ALGO DE HISTORIA OBRERA<\/div>\n<\/div>\n<div class=\"x14z9mp xat24cr x1lziwak x1vvkbs xtlvy1s x126k92a\">\n<div dir=\"auto\">LA LUCHA DE LAS ORGANIZACIONES OBRERAS en M\u00e9xico, data desde hace d\u00e9cadas.<\/div>\n<div dir=\"auto\">UNO DE LOS MOMENTOS MAS ALGIDOS, fue la que sucedi\u00f3 entre 1921 y 1928 entre la CROM y la CGT, Confederaciones dirigidas por personajes de la pol\u00edtica nacional.<\/div>\n<div dir=\"auto\">SIN DUDA como es sabido, fue la CROM de LUIS N. MORONES la que llevaba la voz cantante en el gobierno aliada de ALVARO OBREGON primero y posteriormente con PLAUTARCO ELIAS CALLES en el tiempo en que gobernaron los sonorenses ADOLFO DE LA HUERTA, OBREGON Y CALLES.<\/div>\n<div dir=\"auto\">FUE EL 22 de febrero de 1921 en que la CGT se fund\u00f3 dando la contra a los intereses pol\u00edticos y sindicales de la CROM.<\/div>\n<div dir=\"auto\">Algunos de los fundadores de la CGT fueron JOSE CAYETANO VALADES, MANUEL P. RAMIREZ, ALBERTO ARAOZ DE LEON Y EDMUNDO SOLIS.<\/div>\n<\/div>\n<div class=\"x14z9mp xat24cr x1lziwak x1vvkbs xtlvy1s x126k92a\">\n<div dir=\"auto\">Se desborono este centralismo obrerista cuando se produjo el asesinato en 1928 de ALVARO OBREGON en el restaurant \u201cLa Bombilla\u201d y que antecedi\u00f3 al de otro candidato en sui momento en la era moderna en la persona de LUIS DONALDO COLOSIO MURRIETA en 1994.<\/div>\n<\/div>\n<div class=\"x14z9mp xat24cr x1lziwak x1vvkbs xtlvy1s x126k92a\">\n<div dir=\"auto\">ES ASI COMO un grupo de l\u00edderes obreros funda la federaci\u00f3n sindical de trabajadores del distrito federal como FERNANDO AMILPA, JESUS YUREN, FIDEL VELAZQUES SANCHEZ, ALFONSO SANCHEZ MADARIAGA Y LUIS QUINTERO conocidos con el mote de \u201cLOS CINCO LOBITOS\u201d, j\u00f3venes obreros que dar\u00e1n lustre a la historia nacional de la lucha obrera a\u00f1os m\u00e1s tarde.<\/div>\n<\/div>\n<div class=\"x14z9mp xat24cr x1lziwak x1vvkbs xtlvy1s x126k92a\">\n<div dir=\"auto\">NUESTRA SOLIDARIDAD<\/div>\n<\/div>\n<div class=\"x14z9mp xat24cr x1lziwak x1vvkbs xtlvy1s x126k92a\">\n<div dir=\"auto\">ENVIO MI CONDOLENCIA al licenciado ADOLFO RIVERA SAENZ por el sensible deceso de su se\u00f1ora madre DO\u00d1A MA. ANITA SAENZ en dias pasados, deseando para \u00e9l y su familia mi solidaridad y abrazo fraternal por una pronta resignaci\u00f3n que dios todo poderoso les brinde en este momento de dolor y tristeza.<\/div>\n<\/div>\n<div class=\"x14z9mp xat24cr x1lziwak x1vvkbs xtlvy1s x126k92a\">\n<div dir=\"auto\">Envio mi felicitaci\u00f3n por su cumplea\u00f1os este pasado 11 de octubre al ING. LAUREANO LARRAGA CHAVERRI, SRA. GUADALUPE GUZMAN, NORA DOMINGUEZ, DRA. LIDIA GALLEGOS, MANUEL HERRERA SALAS, JESUS NARVAEZ, NOELIA CANTU DE MILLAN, CARLOS HINOJOSA, RAFAEL HERNANDEZ SORIANO y recuerdo en su natalicio a mi tio materno, ING. GONZALO PERALTA FRANCO (+).<\/div>\n<div dir=\"auto\">Asi mismo este pasado 12 de octubre felicito a MARIO SALINAS, SANTIAGO PE\u00d1A PONCE, JUAN JOSE ELIZONDO, YOLANDA BARRERA, CLAUDIA CARENAS QUINZA\u00d1OS y recuerdo en su natalicio a PEDRO ORTIZ (+).<\/div>\n<\/div>\n<div class=\"x14z9mp xat24cr x1lziwak x1vvkbs xtlvy1s x126k92a\">\n<div dir=\"auto\">ADEMAS DE felicitar este 13 de octubre a JUAN MANUEL TREVI\u00d1O, LUIS BARBOZA SUSTAITA, SALVADOR PIZA\u00d1A, JORGE AGUIRRE, OMAR CHAVEZ y recuerdo en su natalicio a JORGE MENDEZ SOTO, periodista de la regi\u00f3n ribere\u00f1a (+).<\/div>\n<\/div>\n<div class=\"x14z9mp xat24cr x1lziwak x1vvkbs xtlvy1s x126k92a\">\n<div dir=\"auto\">Felicito este pasado 14 de octubre a ADRIANA VIVIAN RODRIGUEZ, JAIME SOSA, JESUS CUELLAR, JOSE IVAN MANCIAS HINOJOSA, ex alcalde de ciudad Mier; ALAN MORALES, CARLOS SALINAS y JOEL ZERTUCHE.<\/div>\n<\/div>\n<div class=\"x14z9mp xat24cr x1lziwak x1vvkbs xtlvy1s x126k92a\">\n<div dir=\"auto\">TAMBIEN ESTE 15 de octubre felicito a CARLOS ARTURO GUERRA VELASCO, ex diputado local de Matamoros y Presidente del peri\u00f3dico CONTACTO de Matamoros; RAFAEL TORRES GUILLEN, ARGELIO VILLASANA, DON JUAN CARDENAS, ELIBERTO ELIZONDO, DON LAURO PE\u00d1A, destacado empresario matamorense; SERGIO GARZA VIVIAN, CARLOS PEREZ GALVAN, JAQUELINE CHIMAL NAVARRETE, LIC. LEOPOLDO LARA PUENTE, HOMERO FLORES CABELLO Y recuerdo en su natalicio al amigo JESUS MARTINEZ RAMIREZ (+).<\/div>\n<\/div>\n<div class=\"x14z9mp xat24cr x1lziwak x1vvkbs xtlvy1s x126k92a\">\n<div dir=\"auto\">Asi como este 16 de octubre felicito a EZEQUIEL L. CAVAZOS MENDOZA, RAUL BOCANEGRA ALONSO, ex diputado local; JAVIER IBA\u00d1EZ, IMELDA CAVAZOS GARZA, dirigente de la UGOCM de Vallehermoso, Tamaulipas; LUIS ALFREDO GUZMAN, ONESIMO GALLARDO LANDEROS Y MARTHA OLIVIA LOPEZ MARROQUIN.<\/div>\n<div dir=\"auto\">ADEMAS SE CELEBRA el dia de la alimentaci\u00f3n.<\/div>\n<div dir=\"auto\">Y NOS VEREMOS.<\/div>\n<\/div>\n","protected":false},"excerpt":{"rendered":"<p>* CELEBRAN 75 A\u00d1OS DE EMANCIPACION DE CIUDAD MIGUEL ALEMAN *CON MEJOR TECNOLOGIA EN APOYO A LA ENSE\u00d1ANZA El rector de la Universidad Aut\u00f3noma de Tamaulipas (UAT), DAMASO ANAYA ALVARADO, puso en marcha el curso taller para capacitar al personal acad\u00e9mico en el uso de pantallas interactivas equipadas con tecnolog\u00eda de \u00faltima generaci\u00f3n en apoyo [&hellip;]<\/p>\n","protected":false},"author":1,"featured_media":211447,"comment_status":"closed","ping_status":"closed","sticky":false,"template":"","format":"standard","meta":{"footnotes":""},"categories":[16],"tags":[],"class_list":["post-213089","post","type-post","status-publish","format-standard","has-post-thumbnail","hentry","category-opinion"],"_links":{"self":[{"href":"https:\/\/www.elsinodaldetamaulipas.com.mx\/index.php?rest_route=\/wp\/v2\/posts\/213089","targetHints":{"allow":["GET"]}}],"collection":[{"href":"https:\/\/www.elsinodaldetamaulipas.com.mx\/index.php?rest_route=\/wp\/v2\/posts"}],"about":[{"href":"https:\/\/www.elsinodaldetamaulipas.com.mx\/index.php?rest_route=\/wp\/v2\/types\/post"}],"author":[{"embeddable":true,"href":"https:\/\/www.elsinodaldetamaulipas.com.mx\/index.php?rest_route=\/wp\/v2\/users\/1"}],"replies":[{"embeddable":true,"href":"https:\/\/www.elsinodaldetamaulipas.com.mx\/index.php?rest_route=%2Fwp%2Fv2%2Fcomments&post=213089"}],"version-history":[{"count":1,"href":"https:\/\/www.elsinodaldetamaulipas.com.mx\/index.php?rest_route=\/wp\/v2\/posts\/213089\/revisions"}],"predecessor-version":[{"id":213090,"href":"https:\/\/www.elsinodaldetamaulipas.com.mx\/index.php?rest_route=\/wp\/v2\/posts\/213089\/revisions\/213090"}],"wp:featuredmedia":[{"embeddable":true,"href":"https:\/\/www.elsinodaldetamaulipas.com.mx\/index.php?rest_route=\/wp\/v2\/media\/211447"}],"wp:attachment":[{"href":"https:\/\/www.elsinodaldetamaulipas.com.mx\/index.php?rest_route=%2Fwp%2Fv2%2Fmedia&parent=213089"}],"wp:term":[{"taxonomy":"category","embeddable":true,"href":"https:\/\/www.elsinodaldetamaulipas.com.mx\/index.php?rest_route=%2Fwp%2Fv2%2Fcategories&post=213089"},{"taxonomy":"post_tag","embeddable":true,"href":"https:\/\/www.elsinodaldetamaulipas.com.mx\/index.php?rest_route=%2Fwp%2Fv2%2Ftags&post=213089"}],"curies":[{"name":"wp","href":"https:\/\/api.w.org\/{rel}","templated":true}]}}