{"id":213092,"date":"2025-10-16T19:21:26","date_gmt":"2025-10-16T23:21:26","guid":{"rendered":"https:\/\/www.elsinodaldetamaulipas.com.mx\/?p=213092"},"modified":"2025-10-16T19:25:12","modified_gmt":"2025-10-16T23:25:12","slug":"monica-villarreal-la-century-21","status":"publish","type":"post","link":"https:\/\/www.elsinodaldetamaulipas.com.mx\/?p=213092","title":{"rendered":"M\u00d3NICA VILLARREAL; LA CENTURY 21"},"content":{"rendered":"<p><em><strong>Por Oscar D\u00edaz Salazar<\/strong><\/em><\/p>\n<p>Muy generosa con lo que no es suyo, con los bienes ajenos, con el patrimonio municipal, as\u00ed se ha manejado la presidenta de Tampico, M\u00f3nica Villarreal Anaya, conocida tambi\u00e9n como la Hermana inc\u00f3moda.<\/p>\n<p>Regalar los predios que pertenecen al gobierno municipal, es decir a la comunidad, es una tarea en la que se ha aplicado la alcaldesa porte\u00f1a que lo mismo cede predios de la Laguna del Carpintero, para favorecer a una empresa hotelera, como terrenos para la construcci\u00f3n de una iglesia.<\/p>\n<p>El caso m\u00e1s reciente es el de la \u201cdonaci\u00f3n\u201d de un terreno en el sector del fraccionamiento \u201cColinas de San Gerardo\u201d, con una superficie de 3500 metros cuadrados, a favor del Instituto del Fondo Nacional de Vivienda para los Trabajadores, Infonavit por sus siglas.<\/p>\n<p>En la trig\u00e9sima s\u00e9ptima (37) sesi\u00f3n ordinaria del Cabildo de Tampico, aplicando una estrategia de diluir un tema pol\u00e9mico, entre una docena de asuntos menores o de mero tr\u00e1mite, se propuso y se mayoriteo la desincorporaci\u00f3n de un terreno del patrimonio municipal para cederlo al Infonavit, instituci\u00f3n que a su vez lo usara para construir vivienda en un esquema de colaboraci\u00f3n m\u00faltiple entre el Infonavit, donde coinciden los intereses y aportaciones de los trabajadores, los patrones y el gobierno, y en donde adem\u00e1s participar\u00e1n los beneficiarios y las empresas que realicen la construcci\u00f3n de las viviendas.<\/p>\n<p>Oportuno es aclarar que los terrenos para \u00e1reas verdes y de equipamiento, son terrenos que forman parte del patrimonio municipal y que se obtienen de la reserva territorial que la ley obliga, a los fraccionadores, entregar a la autoridad municipal.<\/p>\n<p>Pero esos predios que la misma ley identifica como \u00e1reas verdes y\/o de equipamiento, deben utilizarse para operar como jardines p\u00fablicos, o para usos de beneficio colectivo, como es el caso de escuelas, dispensarios m\u00e9dicos, \u00e1reas deportivas, etc.<\/p>\n<p>El leg\u00edtimo derecho de las familias a tener una vivienda, no debe hacerse valer pasando por el tambi\u00e9n leg\u00edtimo derecho de la colectividad a tener espacios recreativos y servicios p\u00fablicos y lo digo convencido de que el hacinamiento y la carencia de \u00e1reas verdes deteriora considerablemente la calidad de vida de las familias que ya estaban ah\u00ed, en este caso en Colinas de San Gerardo, que como dicen los abogados: fueron primeras en el tiempo y son primeras en el derecho.<\/p>\n<p>El regidor panista Mon Maron, en este, como en muchos otros asuntos que se resuelven en el Ayuntamiento tampique\u00f1o, ha sido la voz de la cordura, la voz de los argumentos, aunque lamentablemente tambi\u00e9n, la voz que clama en el desierto, la voz que ha sido ignorada por las mayor\u00edas que obedecen los caprichos y favorecen los negocios de la presidenta municipal.<\/p>\n<p>En la argumentaci\u00f3n de su voto en contra de regalar los bienes p\u00fablicos, en esta caso los predios de Colinas de San Gerardo, el regidor Maron se\u00f1ala que le est\u00e1n generando muchos problemas al sector, al quitarles la posibilidad de tener \u00e1reas verdes, al aumentar la densidad poblacional con las viviendas que se van a construir, y al destinar terrenos adjuntos para edificar espacios de prop\u00f3sitos m\u00e9dicos con la donaci\u00f3n a favor del IMSS realizada en esa misma sesi\u00f3n de Cabildo.<\/p>\n<p>La se\u00f1ora M\u00f3nica Villarreal Anaya, alias la Century 21, sigue manejando lo instituci\u00f3n que administra como un bot\u00edn personal\u2026 corrijo: familiar, porque trae a toda la parentela metida en el negocio, y cada vez se atreve a mas y es m\u00e1s nociva, pues el da\u00f1o causados al regalar el patrimonio municipal ser\u00e1 muy dif\u00edcil revertir.<\/p>\n","protected":false},"excerpt":{"rendered":"<p>Por Oscar D\u00edaz Salazar Muy generosa con lo que no es suyo, con los bienes ajenos, con el patrimonio municipal, as\u00ed se ha manejado la presidenta de Tampico, M\u00f3nica Villarreal Anaya, conocida tambi\u00e9n como la Hermana inc\u00f3moda. Regalar los predios que pertenecen al gobierno municipal, es decir a la comunidad, es una tarea en la [&hellip;]<\/p>\n","protected":false},"author":1,"featured_media":213093,"comment_status":"closed","ping_status":"closed","sticky":false,"template":"","format":"standard","meta":{"footnotes":""},"categories":[16],"tags":[],"class_list":["post-213092","post","type-post","status-publish","format-standard","has-post-thumbnail","hentry","category-opinion"],"_links":{"self":[{"href":"https:\/\/www.elsinodaldetamaulipas.com.mx\/index.php?rest_route=\/wp\/v2\/posts\/213092","targetHints":{"allow":["GET"]}}],"collection":[{"href":"https:\/\/www.elsinodaldetamaulipas.com.mx\/index.php?rest_route=\/wp\/v2\/posts"}],"about":[{"href":"https:\/\/www.elsinodaldetamaulipas.com.mx\/index.php?rest_route=\/wp\/v2\/types\/post"}],"author":[{"embeddable":true,"href":"https:\/\/www.elsinodaldetamaulipas.com.mx\/index.php?rest_route=\/wp\/v2\/users\/1"}],"replies":[{"embeddable":true,"href":"https:\/\/www.elsinodaldetamaulipas.com.mx\/index.php?rest_route=%2Fwp%2Fv2%2Fcomments&post=213092"}],"version-history":[{"count":1,"href":"https:\/\/www.elsinodaldetamaulipas.com.mx\/index.php?rest_route=\/wp\/v2\/posts\/213092\/revisions"}],"predecessor-version":[{"id":213094,"href":"https:\/\/www.elsinodaldetamaulipas.com.mx\/index.php?rest_route=\/wp\/v2\/posts\/213092\/revisions\/213094"}],"wp:featuredmedia":[{"embeddable":true,"href":"https:\/\/www.elsinodaldetamaulipas.com.mx\/index.php?rest_route=\/wp\/v2\/media\/213093"}],"wp:attachment":[{"href":"https:\/\/www.elsinodaldetamaulipas.com.mx\/index.php?rest_route=%2Fwp%2Fv2%2Fmedia&parent=213092"}],"wp:term":[{"taxonomy":"category","embeddable":true,"href":"https:\/\/www.elsinodaldetamaulipas.com.mx\/index.php?rest_route=%2Fwp%2Fv2%2Fcategories&post=213092"},{"taxonomy":"post_tag","embeddable":true,"href":"https:\/\/www.elsinodaldetamaulipas.com.mx\/index.php?rest_route=%2Fwp%2Fv2%2Ftags&post=213092"}],"curies":[{"name":"wp","href":"https:\/\/api.w.org\/{rel}","templated":true}]}}