{"id":213099,"date":"2025-10-16T19:39:44","date_gmt":"2025-10-16T23:39:44","guid":{"rendered":"https:\/\/www.elsinodaldetamaulipas.com.mx\/?p=213099"},"modified":"2025-10-16T19:39:44","modified_gmt":"2025-10-16T23:39:44","slug":"las-mananeras-perdieron-su-objetividad","status":"publish","type":"post","link":"https:\/\/www.elsinodaldetamaulipas.com.mx\/?p=213099","title":{"rendered":"LAS MA\u00d1ANERAS, PERDIERON SU OBJETIVIDAD"},"content":{"rendered":"<p>Qu\u00e9 est\u00e1 pasando en el Palacio Nacional que en el corte de este d\u00eda, dicho por muchos amigos expertos en medios, la Comunicaci\u00f3n Pol\u00edtica es un desastre descomunal.<\/p>\n<p>Comenzando con el formato cada vez m\u00e1s anacr\u00f3nico de las llamadas Ma\u00f1aneras, porque las mismas, son todo, menos una conferencia que d\u00e9 seriedad a la figura de la titular del Ejecutivo Federal.<\/p>\n<p>La Presidenta de M\u00e9xico a quien muchos le ven bien;le quieren con una enorme \u201cE\u201d de empoderamiento, nunca en el riesgo innecesario e irresponsable, tantas veces como les es posible. Cierto: No sabemos si por omisi\u00f3n o por vocaci\u00f3n.<\/p>\n<p>Y cuando se trata de salir a campo en tiempos de crisis, \u00bfqui\u00e9nes son los genios de \u201cMedia Training\u201d que le mandan a confrontar, que le env\u00edan a antagonizar, incluso a defender a personajes tan perniciosos para la Cuarta Transformaci\u00f3n, como los gobernadores Roc\u00edo Nahle de Veracruz y de Puebla Alejandro Armenta?<\/p>\n<p>No se trata de comparar a nadie, pero, por ejemplo, recordamos aquel d\u00eda en que el gobernador de Tamaulipas, acudi\u00f3 al sitio donde cientos de maestros ten\u00edan tomadas las instalaciones de la Secretar\u00eda de Educaci\u00f3n en Tamaulipas.<\/p>\n<p>Para ustedes recuperamos el comunicado: \u201cLa tarde de este lunes, el gobernador del Estado, junto con el secretario general de Gobierno H\u00e9ctor Joel Villegas Gonz\u00e1lez, asisti\u00f3 al exterior de la Secretar\u00eda de Educaci\u00f3n, en la Calzada General Luis Caballero, en donde se realiza el plant\u00f3n convocado por la dirigencia de la Secci\u00f3n 30 del SNTE y ah\u00ed, de cara a las y los maestros, Am\u00e9rico Villarreal expres\u00f3 toda la voluntad del gobierno para atender sus peticiones y aprovech\u00f3 para dirigirse al dirigente sindical, Arnulfo Rodr\u00edguez Trevi\u00f1o, a quien le asegur\u00f3 que no hay ninguna amenaza en su contra\u201d. Septiembre 11 de 2023. Efem\u00e9ride de dos tamaulipecos, que ahora son buenos amigos.<\/p>\n<p>Est\u00e1n los videos, las fotograf\u00edas, donde con todo respeto AVA y Joel Villegas acudieron sin exageraci\u00f3n de seguridad, a un sitio donde los docentes bravos como son, les pudieron agredir, pero se contuvieron no solo por el trato de respeto, si no, por el agradecimiento de dar la cara.<\/p>\n<p>Esa es la clave. Mientras, aunque s\u00e9 que las comparaciones son odiosas, Armenta y Nahle, parece que lo que tienen es una vocaci\u00f3n para justificarse frente a una sociedad que todos los d\u00edas les exigen cuentas.<\/p>\n<p>Peor aun, haciendo sarcasmos, en esta circunstancia de la tragedia que tiene \u201cen datos\u201d a m\u00e1s de 60 fallecidos y una cantidad muy superior de desaparecidos, tras las tormentas rudas en la zona, especialmente en Poza Rica.<\/p>\n<p>Caray, \u00bfqui\u00e9nes son los genios que por un lado empujan a la agresi\u00f3n oficial?, porque en el caso de la Presidenta de M\u00e9xico Claudia Sheinbaum, a\u00fan no sabemos si deber\u00eda asomarse a sus expertos que le exponen y donde nada tienen que ver la oposici\u00f3n, o los medios que hacen dura cr\u00edtica cotidiana.<\/p>\n<p>Dicho de otra manera, un asunto es la posici\u00f3n ideol\u00f3gica y otra, la de salir todos los d\u00edas sin red de protecci\u00f3n, porque, quedarse con la narrativa de las encuestas, hasta se antoja muy peligroso, con perd\u00f3n de mis amigos profesionales de la demoscop\u00eda.<\/p>\n<p>Pero bueno, que nadie festine la tragedia y que alguien le d\u00e9 luz con tarjetas, para que CSP no se meta autogoles a nivel nacional, justificando la eliminaci\u00f3n del Fondo Nacional de Desastres por corrupci\u00f3n, que nadie pone en tela de juicio, pero que al menos le digan que el corrupto de corruptos ex titular del Fonden en tiempos de Pe\u00f1a Nieto, ahora es uno de los suyos en Quer\u00e9taro.<\/p>\n<p>Me refiero a Jos\u00e9 Mar\u00eda \u201cChema\u201d Tapia Franco, exhibido entre tantas linduras, por sus viajes a Las Vegas durante emergencias y presuntas irregularidades millonarias. Por cierto de los fuertes aspirantes de Morena a gobernar la entidad de la que es originario.<\/p>\n<p>Incluso en lo municipal, reiteramos. Aun en tiempos de crisis, no hemos visto ning\u00fan alcalde tamaulipeco -con excepci\u00f3n de Carlitos el de Reynosa-, agrediendo a la gente, a los votantes en p\u00fablico. Revisen los datos de Gatt\u00e1s, de Armando, de Erasmo, de M\u00f3nica, Beto, de Carmen y no encuentro casos extremos como los vemos ahora con el alcalde de Poza Rica.<\/p>\n<p>A tal grado que, Fernando Luis Remes Garza, de plano por sus palabras y cero empat\u00eda fue corrido de la zona del desastre con bolas de lodo, al que acudi\u00f3 en su lujosa camioneta, al fin, cuate de AMLO.<\/p>\n<p>Total que el enojo en los sitios siniestrados, algunos como Poza Rica convertidos en cementerio, demandan lo que no se da mucho en los palacios,nacional, de Xalapa o de Puebla.\u00bf<\/p>\n<p>Comunicaci\u00f3n asertiva y humildad.<\/p>\n<p>Nostra Pol\u00edtica: \u201cPor severo que sea un padre juzgando a su hijo, nunca es tan severo como un hijo juzgando a su padre\u201d. Enrique Jardiel Poncela.<\/p>\n<p>18 pendiente<\/p>\n<p>Correo: jeleazarmedia@gmail.com<\/p>\n<p>X: @jeleazaravila<\/p>\n","protected":false},"excerpt":{"rendered":"<p>Qu\u00e9 est\u00e1 pasando en el Palacio Nacional que en el corte de este d\u00eda, dicho por muchos amigos expertos en medios, la Comunicaci\u00f3n Pol\u00edtica es un desastre descomunal. Comenzando con el formato cada vez m\u00e1s anacr\u00f3nico de las llamadas Ma\u00f1aneras, porque las mismas, son todo, menos una conferencia que d\u00e9 seriedad a la figura de [&hellip;]<\/p>\n","protected":false},"author":1,"featured_media":212622,"comment_status":"closed","ping_status":"closed","sticky":false,"template":"","format":"standard","meta":{"footnotes":""},"categories":[16],"tags":[],"class_list":["post-213099","post","type-post","status-publish","format-standard","has-post-thumbnail","hentry","category-opinion"],"_links":{"self":[{"href":"https:\/\/www.elsinodaldetamaulipas.com.mx\/index.php?rest_route=\/wp\/v2\/posts\/213099","targetHints":{"allow":["GET"]}}],"collection":[{"href":"https:\/\/www.elsinodaldetamaulipas.com.mx\/index.php?rest_route=\/wp\/v2\/posts"}],"about":[{"href":"https:\/\/www.elsinodaldetamaulipas.com.mx\/index.php?rest_route=\/wp\/v2\/types\/post"}],"author":[{"embeddable":true,"href":"https:\/\/www.elsinodaldetamaulipas.com.mx\/index.php?rest_route=\/wp\/v2\/users\/1"}],"replies":[{"embeddable":true,"href":"https:\/\/www.elsinodaldetamaulipas.com.mx\/index.php?rest_route=%2Fwp%2Fv2%2Fcomments&post=213099"}],"version-history":[{"count":1,"href":"https:\/\/www.elsinodaldetamaulipas.com.mx\/index.php?rest_route=\/wp\/v2\/posts\/213099\/revisions"}],"predecessor-version":[{"id":213100,"href":"https:\/\/www.elsinodaldetamaulipas.com.mx\/index.php?rest_route=\/wp\/v2\/posts\/213099\/revisions\/213100"}],"wp:featuredmedia":[{"embeddable":true,"href":"https:\/\/www.elsinodaldetamaulipas.com.mx\/index.php?rest_route=\/wp\/v2\/media\/212622"}],"wp:attachment":[{"href":"https:\/\/www.elsinodaldetamaulipas.com.mx\/index.php?rest_route=%2Fwp%2Fv2%2Fmedia&parent=213099"}],"wp:term":[{"taxonomy":"category","embeddable":true,"href":"https:\/\/www.elsinodaldetamaulipas.com.mx\/index.php?rest_route=%2Fwp%2Fv2%2Fcategories&post=213099"},{"taxonomy":"post_tag","embeddable":true,"href":"https:\/\/www.elsinodaldetamaulipas.com.mx\/index.php?rest_route=%2Fwp%2Fv2%2Ftags&post=213099"}],"curies":[{"name":"wp","href":"https:\/\/api.w.org\/{rel}","templated":true}]}}