{"id":213104,"date":"2025-10-16T19:49:29","date_gmt":"2025-10-16T23:49:29","guid":{"rendered":"https:\/\/www.elsinodaldetamaulipas.com.mx\/?p=213104"},"modified":"2025-10-16T19:49:29","modified_gmt":"2025-10-16T23:49:29","slug":"y-las-que-faltan-apa","status":"publish","type":"post","link":"https:\/\/www.elsinodaldetamaulipas.com.mx\/?p=213104","title":{"rendered":"\u00bfY LAS QUE FALTAN AP\u00c1?"},"content":{"rendered":"<div class=\"post-content\">\n<p>Cd. Victoria, Tamaulipas.- Hicieron una robadera y lo raro es que gozan<br \/>\nde cabal libertad \u00bflos sigue protegiendo Don Irving desde la Fiscal\u00eda? Se<br \/>\nsabe que hay \u00f3rdenes de aprehensi\u00f3n incumplidas.<br \/>\nFue el primer megafraude del que tuvo conocimiento la entrante<br \/>\nadministraci\u00f3n americanista: Con el cuento de seguros de vida,<br \/>\ndesplumaron a trabajadores del Sector Salud, Seguridad P\u00fablica, Fiscal\u00eda<br \/>\nde Tamaulipas y beneficiarios de la Secretar\u00eda de Econom\u00eda.<br \/>\nLa sospecha es que centavearon a miles de inocentes, incluyendo a los<br \/>\nbeneficiados del Fondo Tamaulipas a los que hicieron comprar un seguro<br \/>\npor si fallec\u00edan; la aseguradora Consultor\u00eda Internacional de Seguros y<br \/>\nFinanzas -que luego se descubri\u00f3 que era patito- pagar\u00eda el resto.<br \/>\nDemasiado lenta la justicia. Apenas la semana anterior fue vinculado a<br \/>\nproceso Enrique Jorge \u201cN\u201d, ex Subsecretario de Administraci\u00f3n y Finanzas<br \/>\nde Salud por echarse el \u201ctirito\u201d \u00bfy los otros? \u00bflo hizo s\u00f3lo?. El representante<br \/>\nLegal era V\u00edctor Jos\u00e9 Gir\u00f3n Dimas y la jefa de Personal Issa Edgar Alvarez.<br \/>\nUn \u201cjale\u201d de ese tipo, de millones, no se lo puede echar por iniciativa<br \/>\npropia un subalterno. Por fuerza tuvo que estar esterada la jefa Gloria<br \/>\nMolina Gamboa y hasta el Gobernador. El fraude cubri\u00f3 cinco secretar\u00edas.<br \/>\nDescontaban quincenalmente los pagos v\u00eda n\u00f3mina.<br \/>\nFraude orquestado con las tres agravantes: Premeditaci\u00f3n, alevos\u00eda y<br \/>\nventaja. Estuvieron coludidos los jefes de Finanzas y Administraci\u00f3n. De<br \/>\notra manera no se habr\u00eda cumplido la operaci\u00f3n gansteril.<br \/>\nEn 2021 las esferas de mando en Palacio ya sab\u00edan del \u201cchiste\u201d<br \/>\n\u00bfinvolucrado el gobernadorcito Ismael?. El proveedor ten\u00eda su domicilio en<br \/>\nReynosa, que con descaro llegaron a calificar como \u201cla segunda capital de<br \/>\nTamaulipas\u201d y que all\u00e1 despachar\u00edan para no venir a Victoria.<br \/>\nFue hasta el fallecimiento del Dr. Javier Ord\u00f3\u00f1ez Nazar, por Covid el 5<br \/>\nde julio del 2020, que se abri\u00f3 el agujero de la corrupci\u00f3n. Se negaron a<br \/>\npagar el seguro a sus deudos.<br \/>\nSiguieron desplumando gente hasta finales del sexenio, septiembre del<br \/>\n2022, cuando ya se iban, en que presentaron las denuncias ante la Fiscal\u00eda.<br \/>\nEn Salud hab\u00eda por lo menos dos mil defraudados.<br \/>\nA finales del 22\u00b4 se obsequiaron \u00f3rdenes de aprehensi\u00f3n en contra de<br \/>\nlos operadores de Consultor\u00eda Internacional \u00bfqu\u00e9 se hicieron Luz Olivia \u201cG\u201d<br \/>\ny H\u00e9ctor \u201cM\u201d?. Nada ha dicho la Fiscal\u00eda.<br \/>\nSab\u00edan muy bien lo que hac\u00edan \u00bfPor qu\u00e9 nadie est\u00e1 en el bote? Los<br \/>\nexpedientes son varios, todos del 2022.<\/p>\n<p>Los contratos de Econom\u00eda fueron firmados por Carlos Garc\u00eda Gonz\u00e1lez,<br \/>\nex candidato perdedor del PAN a la alcald\u00eda de Matamoros, quien tra\u00eda<br \/>\nganas de volver a jugar en el 2027; Ayde\u00e9 Gonz\u00e1lez Garc\u00eda, Directora<br \/>\nGeneral del Fideicomiso de Garant\u00eda y Fomento a Microindustrial; el<br \/>\ncontador Karim Gonz\u00e1lez Castillo, jefe administrativo y el contador<br \/>\nGuadalupe Gonz\u00e1lez Olazar\u00e1n, de Administraci\u00f3n y Contabilidad del Fondo.<br \/>\nEl Subsecretario de Administraci\u00f3n, hoy vinculado a proceso, hab\u00eda<br \/>\ntrabajado para el IMSS en los tiempos del delegado Jes\u00fas Antonio Nader<br \/>\n\u00bfsu pariente?. Al llegar el gobierno de Cabeza de Vaca lo hizo titular del<br \/>\nInstituto de Becas, Itabec.<br \/>\nA pesar de las tardanzas, es satisfactorio saber que, por fin, luego de<br \/>\ntres a\u00f1os, el gobierno de Am\u00e9rico Villarreal ha comenzado a encarcelar a<br \/>\nlos pillastres que con descaro robaron el presupuesto.<br \/>\nHablando de cosas mejores, al iniciar la Feria Tamaulipas 2025 el<br \/>\nGobierno del Estado empez\u00f3 registro de denominaci\u00f3n origen para<br \/>\nautentificar cada uno de los productos m\u00e1s representativos de esta tierra,<br \/>\ncomo la Cuera Tamaulipeca que le ha dado la vuelta al mundo.<br \/>\nEl tr\u00e1mite se hace ante el Instituto Mexicano de Propiedad Industrial que<br \/>\ndirige Santiago Nieto Castillo, para que la prenda ya no pueda elaborarse en<br \/>\notras regiones del planeta m\u00e1s que en Tamaulipas.<br \/>\nEn la compilaci\u00f3n para el tr\u00e1mite, la Secretar\u00eda de Econom\u00eda estatal<br \/>\nestableci\u00f3 que han portado la cuera los papas Juan Pablo III y Benedicto<br \/>\nXVI, el Rey Juan Carlos es Espa\u00f1a y el cantante Pl\u00e1cido Domingo.<br \/>\nLa figura de \u201cindicaci\u00f3n geogr\u00e1fica\u201d que se pidi\u00f3 para la cuera, viendo<br \/>\nsiendo una denominaci\u00f3n de origen para otros productos comerciales. Ya<br \/>\nno podr\u00e1n vendernos cueras made in China como las banderitas<br \/>\nnacionales.<br \/>\nEl Congreso del Estado comenz\u00f3 su segundo periodo ordinario con un<br \/>\nintenso trabajo en comisiones y pleno. Ese jueves los diputados aprobaron<br \/>\nreformas al decreto por el que se autoriza al ejecutivo a pedir financiamiento<br \/>\nbancario hasta por mil 123 millones de pesos, para que su destino sea<br \/>\nexclusivo para la construcci\u00f3n de estaciones de seguridad en la zona<br \/>\nfronteriza, bienes muebles, inmuebles e intangibles, en inversi\u00f3n p\u00fablica.<br \/>\nNo implica incremento en la deuda, sino precisi\u00f3n t\u00e9cnica que fortalece<br \/>\nmecanismos de rendici\u00f3n de cuentas. Las 15 estaciones se ubicar\u00e1n por<br \/>\nribere\u00f1a, operadas por la Guardia Estatal.<br \/>\nEn asuntos de la capital, el alcalde Eduardo Gatt\u00e1s anunci\u00f3 el Plan<br \/>\nEmergente de Bacheo de la ciudad, para reparar los da\u00f1os ocasionados por<br \/>\nlas recientes lluvias. La disposici\u00f3n presupuestal es de 10 millones de<br \/>\npesos.<br \/>\nEn conferencia de prensa, Gatt\u00e1s estuvo acompa\u00f1ado del presidente de<br \/>\nla C\u00e1mara Mexicana de la Industria de la Construcci\u00f3n, Jorge Contreras<br \/>\nGalv\u00e1n y el secretario de Obras del Municipio, Eusebio Alfaro Reyna. El<\/p>\n<p>plan divide a la ciudad en nueve sectores en que se trabajar\u00e1 contra reloj<br \/>\npara mejorar las vialidades.<\/p>\n<\/div>\n","protected":false},"excerpt":{"rendered":"<p>Cd. Victoria, Tamaulipas.- Hicieron una robadera y lo raro es que gozan de cabal libertad \u00bflos sigue protegiendo Don Irving desde la Fiscal\u00eda? Se sabe que hay \u00f3rdenes de aprehensi\u00f3n incumplidas. Fue el primer megafraude del que tuvo conocimiento la entrante administraci\u00f3n americanista: Con el cuento de seguros de vida, desplumaron a trabajadores del Sector [&hellip;]<\/p>\n","protected":false},"author":1,"featured_media":212043,"comment_status":"closed","ping_status":"closed","sticky":false,"template":"","format":"standard","meta":{"footnotes":""},"categories":[16],"tags":[],"class_list":["post-213104","post","type-post","status-publish","format-standard","has-post-thumbnail","hentry","category-opinion"],"_links":{"self":[{"href":"https:\/\/www.elsinodaldetamaulipas.com.mx\/index.php?rest_route=\/wp\/v2\/posts\/213104","targetHints":{"allow":["GET"]}}],"collection":[{"href":"https:\/\/www.elsinodaldetamaulipas.com.mx\/index.php?rest_route=\/wp\/v2\/posts"}],"about":[{"href":"https:\/\/www.elsinodaldetamaulipas.com.mx\/index.php?rest_route=\/wp\/v2\/types\/post"}],"author":[{"embeddable":true,"href":"https:\/\/www.elsinodaldetamaulipas.com.mx\/index.php?rest_route=\/wp\/v2\/users\/1"}],"replies":[{"embeddable":true,"href":"https:\/\/www.elsinodaldetamaulipas.com.mx\/index.php?rest_route=%2Fwp%2Fv2%2Fcomments&post=213104"}],"version-history":[{"count":1,"href":"https:\/\/www.elsinodaldetamaulipas.com.mx\/index.php?rest_route=\/wp\/v2\/posts\/213104\/revisions"}],"predecessor-version":[{"id":213105,"href":"https:\/\/www.elsinodaldetamaulipas.com.mx\/index.php?rest_route=\/wp\/v2\/posts\/213104\/revisions\/213105"}],"wp:featuredmedia":[{"embeddable":true,"href":"https:\/\/www.elsinodaldetamaulipas.com.mx\/index.php?rest_route=\/wp\/v2\/media\/212043"}],"wp:attachment":[{"href":"https:\/\/www.elsinodaldetamaulipas.com.mx\/index.php?rest_route=%2Fwp%2Fv2%2Fmedia&parent=213104"}],"wp:term":[{"taxonomy":"category","embeddable":true,"href":"https:\/\/www.elsinodaldetamaulipas.com.mx\/index.php?rest_route=%2Fwp%2Fv2%2Fcategories&post=213104"},{"taxonomy":"post_tag","embeddable":true,"href":"https:\/\/www.elsinodaldetamaulipas.com.mx\/index.php?rest_route=%2Fwp%2Fv2%2Ftags&post=213104"}],"curies":[{"name":"wp","href":"https:\/\/api.w.org\/{rel}","templated":true}]}}