{"id":213106,"date":"2025-10-16T19:51:36","date_gmt":"2025-10-16T23:51:36","guid":{"rendered":"https:\/\/www.elsinodaldetamaulipas.com.mx\/?p=213106"},"modified":"2025-10-16T19:51:36","modified_gmt":"2025-10-16T23:51:36","slug":"gattas-10-md-para-bacheo-emergente","status":"publish","type":"post","link":"https:\/\/www.elsinodaldetamaulipas.com.mx\/?p=213106","title":{"rendered":"GATT\u00c1S 10 MD$ PARA BACHEO EMERGENTE"},"content":{"rendered":"<p>*.PROMETIERON QUE HABLAR\u00c1N CON JAVIER C\u00d3RDOBA, PARA QUE FRENE LOS ABUSOS.<\/p>\n<p>Ante la deplorable situaci\u00f3n en la que se encuentran las calles de ciudad Victoria, el alcalde Eduardo Gattas acaba de anunciar que, emprender\u00e1 un plan emergente de bacheo, a lo largo y ancho de la urbe capitalina. Para tal prop\u00f3sito se invertir\u00e1n diez millones de pesos, a partir de esta fecha y hasta el d\u00eda \u00faltimo de diciembre.<\/p>\n<p>Posteriormente, seg\u00fan lo acaba de anunciar LG, habr\u00e1 una propuesta al cabildo, para una ampliaci\u00f3n del presupuesto 2026.<\/p>\n<p>\u2014- Hoy enfrentamos una crisis real en nuestras calles, propiciadas por las lluvias m\u00e1s intensas de los \u00faltimos a\u00f1os. Pero somos un gobierno que no le teme a los retos, un gobierno resiliente que da respuestas, que act\u00faa y que cumple, dijo el alcalde.<\/p>\n<p>\u2014Por eso hemos dise\u00f1ado un programa emergente de bacheo, con una inversi\u00f3n de m\u00e1s de diez millones de pesos, de aqu\u00ed a diciembre. Y el pr\u00f3ximo a\u00f1o, le solicitaremos al cabildo, una ampliaci\u00f3n de presupuesto para mejorar las calles en esta capital.<\/p>\n<p>Precis\u00f3:<\/p>\n<p>\u2014-Este plan prioriza tres rutas, fundamentales para la vida de ciudad Victoria: la ruta comercial, la ruta educativa y la ruta de salud y de transporte p\u00fablico. El Plan que pondremos en marcha, se divide en nueve sectores de trabajo, para que cada acci\u00f3n tenga un orden, planeaci\u00f3n y resultados.<\/p>\n<p>\u2014\u2013Queremos hacerlo de la mano de la gente, porque esta ciudad se construye entre todos: sociedad, gobierno, todos juntos.<\/p>\n<p>Gattas se dirigi\u00f3 a la poblaci\u00f3n victorense, en los siguientes t\u00e9rminos:<\/p>\n<p>\u2014\u2014Ustedes nos ayudan , respetando las zonas de trabajo, y nosotros cumpliendo con resultados visibles. Sabemos de antemano que estos trabajos pueden causar molestia: que habr\u00e1 tr\u00e1fico, polvo y algunas demoras, pero les pedimos paciencia y comprensi\u00f3n, porque lo que hoy representa una inconformidad temporal, ma\u00f1ana ser\u00e1 una ciudad , con un nuevo rostro. Una urbe en \u00f3ptimas condiciones para recibir a todos los visitantes, durante la \u00e9poca decembrina.<\/p>\n<p>LG se\u00f1al\u00f3 que actualmente el gobierno municipal a su cargo, se ha apretado el cintur\u00f3n, en materia presupuestal. Pero hemos hecho un esfuerzo, dijo, para lograr una inversi\u00f3n sin precedentes, con recursos propios. Y seguiremos, como siempre, trabajando de la mano con el gobierno del estado.<\/p>\n<p>El alcalde Victorense reiter\u00f3 que el gobierno tamaulipeco y el gobierno federal, han sido sus dos grandes aliados. Todo ello en la tarea de traer m\u00e1s apoyos para la capital, m\u00e1s infraestructura y m\u00e1s bienestar para Victoria.<\/p>\n<p>Lalo Gattas agradeci\u00f3 tambi\u00e9n a las empresas del sector privado de esta regi\u00f3n centro. Dijo que todos ellos son victorenses comprometidos que se est\u00e1n sumando con maquinaria, materiales y apoyo t\u00e9cnico. Y lo repito, este esfuerzo es de todos: de la sociedad, del gobierno, y de quienes creen en Victoria.<\/p>\n<p>\u2014-D\u00eda a d\u00eda estaremos informando del avance de los trabajos, desde nuestras redes sociales, y en los medios de comunicaci\u00f3n. Para que la gente sepa donde estamos trabajando. Que avances hay y que viene despu\u00e9s. As\u00ed funciona una capital, como Victoria, que late con fuerza, con trabajo, con unidad. Porque cuidar a Victoria, es cuidar nuestro hogar. Y hacerla latir con fuerza, es darle esperanza a todo Tamaulipas, concluy\u00f3.<\/p>\n<p>\u2014-EXHORTARAN A JAVIER C\u00d3RDOBA, PARA QUE FRENE LOS ABUSOS\u2013<\/p>\n<p>La periodista Mary Jaramillo le pregunt\u00f3 este jueves al alcalde Gattas, en relaci\u00f3n a las excesivas multas en el \u00e1rea de tr\u00e1nsito, que tiene que ver con un fuerte reclamo popular. Mencion\u00f3 que gente con discapacidad, tambi\u00e9n ha sido afectada, de manera grosera, sin atender, eso de que \u201cd\u00e9jenme mi coche, porque no puedo caminar\u201d. Dijo que retiran muchos veh\u00edculos por toda la ciudad, lo cual provoca mucha molestia ciudadana, y se crea un sentimiento de rabia y de impotencia.<\/p>\n<p>LG contest\u00f3 lo siguiente:<\/p>\n<p>\u2014\u2013 Vamos a ser m\u00e1s cuidadosos, y vamos a mandarle hablar, a ponernos de acuerdo con Javier C\u00f3rdoba. No se con quien se reporten ellos, si con Seguridad P\u00fablica o con Secretar\u00eda General. Porque nosotros manejamos el tema administrativo, y ellos manejan el tema operativo. Nosotros no nos metemos con ellos para nada.<\/p>\n<p>\u2014Pero s\u00ed podemos hacerle un llamado a Javier C\u00f3rdoba, para que seamos m\u00e1s sensibles con la sociedad, y en el tema de personas con discapacidad, es un tema de sensibilidad, por favor, \u00bfverdad?. Si le podemos hacer un llamado,\u2013(a C\u00f3rdoba)\u2014a que se siente con nosotros, a que sea m\u00e1s sensible ante la sociedad. Y que bueno, a final de cuentas, es importante que tengamos lo que se llama empat\u00eda, que significa ponernos en los zapatos de los dem\u00e1s. Vamos a hablar con C\u00f3rdoba. Lo vamos a hacer, concluy\u00f3.<\/p>\n","protected":false},"excerpt":{"rendered":"<p>*.PROMETIERON QUE HABLAR\u00c1N CON JAVIER C\u00d3RDOBA, PARA QUE FRENE LOS ABUSOS. Ante la deplorable situaci\u00f3n en la que se encuentran las calles de ciudad Victoria, el alcalde Eduardo Gattas acaba de anunciar que, emprender\u00e1 un plan emergente de bacheo, a lo largo y ancho de la urbe capitalina. Para tal prop\u00f3sito se invertir\u00e1n diez millones [&hellip;]<\/p>\n","protected":false},"author":1,"featured_media":212126,"comment_status":"closed","ping_status":"closed","sticky":false,"template":"","format":"standard","meta":{"footnotes":""},"categories":[16],"tags":[],"class_list":["post-213106","post","type-post","status-publish","format-standard","has-post-thumbnail","hentry","category-opinion"],"_links":{"self":[{"href":"https:\/\/www.elsinodaldetamaulipas.com.mx\/index.php?rest_route=\/wp\/v2\/posts\/213106","targetHints":{"allow":["GET"]}}],"collection":[{"href":"https:\/\/www.elsinodaldetamaulipas.com.mx\/index.php?rest_route=\/wp\/v2\/posts"}],"about":[{"href":"https:\/\/www.elsinodaldetamaulipas.com.mx\/index.php?rest_route=\/wp\/v2\/types\/post"}],"author":[{"embeddable":true,"href":"https:\/\/www.elsinodaldetamaulipas.com.mx\/index.php?rest_route=\/wp\/v2\/users\/1"}],"replies":[{"embeddable":true,"href":"https:\/\/www.elsinodaldetamaulipas.com.mx\/index.php?rest_route=%2Fwp%2Fv2%2Fcomments&post=213106"}],"version-history":[{"count":1,"href":"https:\/\/www.elsinodaldetamaulipas.com.mx\/index.php?rest_route=\/wp\/v2\/posts\/213106\/revisions"}],"predecessor-version":[{"id":213107,"href":"https:\/\/www.elsinodaldetamaulipas.com.mx\/index.php?rest_route=\/wp\/v2\/posts\/213106\/revisions\/213107"}],"wp:featuredmedia":[{"embeddable":true,"href":"https:\/\/www.elsinodaldetamaulipas.com.mx\/index.php?rest_route=\/wp\/v2\/media\/212126"}],"wp:attachment":[{"href":"https:\/\/www.elsinodaldetamaulipas.com.mx\/index.php?rest_route=%2Fwp%2Fv2%2Fmedia&parent=213106"}],"wp:term":[{"taxonomy":"category","embeddable":true,"href":"https:\/\/www.elsinodaldetamaulipas.com.mx\/index.php?rest_route=%2Fwp%2Fv2%2Fcategories&post=213106"},{"taxonomy":"post_tag","embeddable":true,"href":"https:\/\/www.elsinodaldetamaulipas.com.mx\/index.php?rest_route=%2Fwp%2Fv2%2Ftags&post=213106"}],"curies":[{"name":"wp","href":"https:\/\/api.w.org\/{rel}","templated":true}]}}