{"id":213112,"date":"2025-10-16T20:00:03","date_gmt":"2025-10-17T00:00:03","guid":{"rendered":"https:\/\/www.elsinodaldetamaulipas.com.mx\/?p=213112"},"modified":"2025-10-16T20:00:03","modified_gmt":"2025-10-17T00:00:03","slug":"amor-correspondido","status":"publish","type":"post","link":"https:\/\/www.elsinodaldetamaulipas.com.mx\/?p=213112","title":{"rendered":"AMOR CORRESPONDIDO"},"content":{"rendered":"<p>LOS HECHOS<br \/>\nPOR Jos\u00e9 In\u00e9s Figueroa Vitela<\/p>\n<p>Dec\u00eda el creador, fundador, propulsor del Movimiento de Regeneraci\u00f3n Nacional,<br \/>\ntambi\u00e9n conocido como la Cuarta Transformaci\u00f3n y quien no es otro que el<br \/>\nexpresidente ANDR\u00c9S MANUEL L\u00d3PEZ OBRADOR que \u201camor, con amor se<br \/>\npaga\u201d.<br \/>\nAMLO ya se fue, pero su escuela, continuada a nivel nacional por la Presidenta<br \/>\nCLAUDIA SHEINBAUM PARDO y en Tamaulipas por el Gobernador AM\u00c9RICO<br \/>\nVILLARREAL ANAYA, tiene fiel reflejo entre los tamaulipecos.<br \/>\nEn ella se encuentra la respuesta al hecho de que, desde la llegada del doctor<br \/>\nAM\u00c9RICO al Gobierno estatal, en todas las mediciones, los tamaulipecos han estado<br \/>\nentre quienes mejor han calificado a la doctora SHEINBAUM.<br \/>\nDesde octubre del 2 mil 22, las mediciones en Tamaulipas para la Presidenta de la<br \/>\nRep\u00fablica, han estado muy por encima de la media nacional y en la \u00faltima levantada<br \/>\npor Mitofsky, con el 83.4 por ciento de aprobaci\u00f3n, le ubic\u00f3 en el primer sitio del pa\u00eds.<br \/>\nEse cari\u00f1o compartido tiene otras reciprocidades que conforma un c\u00edrculo virtuoso<br \/>\nde largo aliento.<br \/>\nTodo el poder presidencial ha respondido con obras y acciones sociales, proyectos<br \/>\nimpulsados por el Gobernador AM\u00c9RICO VILLARREAL, quien con los<br \/>\ntamaulipecos mucho abonan al desarrollo del pa\u00eds.<br \/>\nEl pueblo sabe que AM\u00c9RICO y CLAUDIA son honestos, visionarios y<br \/>\ntrabajadores; la confianza que nace de esa identificaci\u00f3n, se multiplica en frutos que<br \/>\ndesde los distintos ordenes de gobierno se traducen en satisfactores colectivos.<br \/>\nAs\u00ed, en general, hemos ido mejorando en nuestras condiciones de vida, con la<br \/>\nesperanza fundada de que, y\u00e9ndonos bien, nos ir\u00e1 mejor, como la propia Presidenta<br \/>\ndijo en su reciente mensaje a la naci\u00f3n.<br \/>\nEn el aqu\u00ed y ahora, aparte, el Mandatario Estatal, con los alcaldes de la zona<br \/>\nconurbada del sur, instal\u00f3 una mesa de coordinaci\u00f3n para dar seguimiento,<br \/>\npermanecer en alerta y desplegar las acciones de auxilio que eventualmente se hagan<br \/>\nnecesarias por las avenidas del r\u00edo.<br \/>\nYa sabe, los afluentes del r\u00edo P\u00e1nuco que desembocan en el sureste tamaulipeco,<\/p>\n<p>vienen desde tierras muy lejanas, del centro mismo del pa\u00eds, y cruzan las huastecas,<br \/>\npor donde se desat\u00f3 el temporal, provocando desastres en los estados vecinos.<br \/>\nAc\u00e1 solo se hab\u00edan registrado encharcamientos callejeros en las zonas bajas<br \/>\ncercanas a la corriente, pero el nivel sigue creciendo y se espera una cresta importante<br \/>\nde aqu\u00ed al fin de semana.<br \/>\nPor eso el estado de alertamiento interinstitucional, con el concurso de la Comisi\u00f3n<br \/>\nNacional del Agua cuyos monitoreos, r\u00edo arriba, resultan fundamentales para<br \/>\nreaccionar con tiempo y abatir los da\u00f1os posibles.<br \/>\nTodo ello no altera la decisi\u00f3n y acci\u00f3n de ir en auxilio de los vecinos<br \/>\nveracruzanos, por parte de las instituciones estatales encabezadas por el doctor<br \/>\nAM\u00c9RICO y a su convocatoria, de la ciudadan\u00eda que se ha volcado en los centros de<br \/>\nacopio acercando apoyos para los damnificados.<br \/>\nV\u00edveres, medicinas, personal m\u00e9dico y de auxilio, equipo, incluido uno de los<br \/>\nhelic\u00f3pteros de Protecci\u00f3n Civil, andan al sur del P\u00e1nuco, acompa\u00f1ando los esfuerzos<br \/>\nde la Presideenta SHEINBAUM por atender a nuestra gente.<br \/>\n\u201c\u00a1Dios no libre!\u201d, repiten propios y extra\u00f1os, cuando escuchan las amenazas de los<br \/>\ncabecillas del PAN y el PRI de que \u201cvan a rescatar y a reinstalar el Fondo Nacional de<br \/>\nDesastres\u201d.<br \/>\nSiguen pensando que el pueblo es tonto y desmemoriado.<br \/>\nA\u00fan para quienes ya tenemos gastada la memoria, existen las benditas plataformas<br \/>\nde b\u00fasqueda en el internet, para recordarnos lo que fue el FONDEN y a quien<br \/>\nbeneficio, que tampoco fue al pueblo.<br \/>\nEsos del PRI y del PAN entre ellos se echaban, en su tiempo, acus\u00e1ndose<br \/>\nmutuamente de corrupci\u00f3n y desv\u00edo de recursos, porque se robaban el presupuesto<br \/>\ncon el pretexto de ayudar a las v\u00edctimas de desastres\u2026 ayuda que nunca lleg\u00f3 en<br \/>\ntiempo y forma.<br \/>\nEl mayor ejemplo de eso lo tuvimos aqu\u00ed, en Tamaulipas, durante los seis a\u00f1os en<br \/>\nque en mala hora los cabecistas asaltaron el poder p\u00fablico estatal.<br \/>\nCon cualquier temporal, ya estaba el tal CABEZA pidiendo presupuesto al<br \/>\ngobierno federal e invariablemente acus\u00f3 al FONDEN de ineficiencia, porque los<br \/>\nrecursos para las emergencias se liberaban, de manera parcial, a\u00f1os despu\u00e9s de la<br \/>\nafectaci\u00f3n.<br \/>\nPara entonce, claro, las v\u00edstimas ya hab\u00eda rehecho sus vidas, pero los dineros<br \/>\np\u00fablicos como quiera se gastaban en producotos que, en el mejor de los casos, estaban<\/p>\n<p>inflados en precios y surtidos por empresas fantasma.<br \/>\nHoy la respuesta no admite m\u00e1s tr\u00e1mite que el levantamiento del padr\u00f3n de<br \/>\ndamnificados reales, sin m\u00e1s demora que el tiempo de surtimiento y ent<\/p>\n","protected":false},"excerpt":{"rendered":"<p>LOS HECHOS POR Jos\u00e9 In\u00e9s Figueroa Vitela Dec\u00eda el creador, fundador, propulsor del Movimiento de Regeneraci\u00f3n Nacional, tambi\u00e9n conocido como la Cuarta Transformaci\u00f3n y quien no es otro que el expresidente ANDR\u00c9S MANUEL L\u00d3PEZ OBRADOR que \u201camor, con amor se paga\u201d. AMLO ya se fue, pero su escuela, continuada a nivel nacional por la Presidenta [&hellip;]<\/p>\n","protected":false},"author":1,"featured_media":212000,"comment_status":"closed","ping_status":"closed","sticky":false,"template":"","format":"standard","meta":{"footnotes":""},"categories":[16],"tags":[],"class_list":["post-213112","post","type-post","status-publish","format-standard","has-post-thumbnail","hentry","category-opinion"],"_links":{"self":[{"href":"https:\/\/www.elsinodaldetamaulipas.com.mx\/index.php?rest_route=\/wp\/v2\/posts\/213112","targetHints":{"allow":["GET"]}}],"collection":[{"href":"https:\/\/www.elsinodaldetamaulipas.com.mx\/index.php?rest_route=\/wp\/v2\/posts"}],"about":[{"href":"https:\/\/www.elsinodaldetamaulipas.com.mx\/index.php?rest_route=\/wp\/v2\/types\/post"}],"author":[{"embeddable":true,"href":"https:\/\/www.elsinodaldetamaulipas.com.mx\/index.php?rest_route=\/wp\/v2\/users\/1"}],"replies":[{"embeddable":true,"href":"https:\/\/www.elsinodaldetamaulipas.com.mx\/index.php?rest_route=%2Fwp%2Fv2%2Fcomments&post=213112"}],"version-history":[{"count":1,"href":"https:\/\/www.elsinodaldetamaulipas.com.mx\/index.php?rest_route=\/wp\/v2\/posts\/213112\/revisions"}],"predecessor-version":[{"id":213113,"href":"https:\/\/www.elsinodaldetamaulipas.com.mx\/index.php?rest_route=\/wp\/v2\/posts\/213112\/revisions\/213113"}],"wp:featuredmedia":[{"embeddable":true,"href":"https:\/\/www.elsinodaldetamaulipas.com.mx\/index.php?rest_route=\/wp\/v2\/media\/212000"}],"wp:attachment":[{"href":"https:\/\/www.elsinodaldetamaulipas.com.mx\/index.php?rest_route=%2Fwp%2Fv2%2Fmedia&parent=213112"}],"wp:term":[{"taxonomy":"category","embeddable":true,"href":"https:\/\/www.elsinodaldetamaulipas.com.mx\/index.php?rest_route=%2Fwp%2Fv2%2Fcategories&post=213112"},{"taxonomy":"post_tag","embeddable":true,"href":"https:\/\/www.elsinodaldetamaulipas.com.mx\/index.php?rest_route=%2Fwp%2Fv2%2Ftags&post=213112"}],"curies":[{"name":"wp","href":"https:\/\/api.w.org\/{rel}","templated":true}]}}