{"id":213118,"date":"2025-10-16T20:08:14","date_gmt":"2025-10-17T00:08:14","guid":{"rendered":"https:\/\/www.elsinodaldetamaulipas.com.mx\/?p=213118"},"modified":"2025-10-16T20:08:14","modified_gmt":"2025-10-17T00:08:14","slug":"tamaulipas-bastion-de-la-iv-t-y-de-la-presidenta-sheinbaum","status":"publish","type":"post","link":"https:\/\/www.elsinodaldetamaulipas.com.mx\/?p=213118","title":{"rendered":"TAMAULIPAS, BASTI\u00d3N DE LA IV T Y DE LA PRESIDENTA SHEINBAUM"},"content":{"rendered":"<p>T E C L A Z O S<br \/>\nPor Guadalupe E. Gonz\u00e1lez<\/p>\n<p><strong>X.-El gobernador Am\u00e9rico Villarreal Anaya, se<\/strong><br \/>\n<strong>previene ante la probable crecida del r\u00edo P\u00e1nuco<\/strong><br \/>\nCOMO una muestra m\u00e1s de que, \u201cTamaulipas es un fuerte basti\u00f3n de la 4-T y del Gobierno de la Rep\u00fablica\u201d, encabezado por la Dra. Claudia Sheinbaum Pardo, el mandatario estatal Dr. Am\u00e9rico<br \/>\nVillarreal Anaya, junto a la Direcci\u00f3n de Protecci\u00f3n Civil y de los alcaldes del sur del Estado Armando Mart\u00ednez Manrique de Altamira, M\u00f3nica Villarreal de Tampico y Erasmo Gonz\u00e1lez de Madero, \u201cha adoptado medidas preventivas, ante la probable crecida del r\u00edo P\u00e1nuco, para en este marco, evitar posibles desastres naturales\u201d.<br \/>\nPOR ello, reza el refr\u00e1n que, \u201ces mejor prevenir que lamentar\u201d y por este esencial motivo, el gobernador del estado Dr. Am\u00e9rico Villarreal Anaya, el pasado martes, \u201cinstal\u00f3 una mesa de coordinaci\u00f3n\u201d, para que oportunamente se atienda a la gente ante la posible crecida del caudaloso r\u00edo P\u00e1nuco, all\u00e1 en la zona sur del estado.<br \/>\nEN esta mesa de trabajo, estar\u00e1 tomando parte de manera fundamental la Comisi\u00f3n Nacional del Agua, con la finalidad de \u201cestar monitoreando\u201d el cauce del r\u00edo P\u00e1nuco, para mantener debidamente<br \/>\ninformada a la poblaci\u00f3n y as\u00ed prevenir da\u00f1os mayores.<br \/>\nESTA medida del Ejecutivo estatal Dr. Am\u00e9rico Villarreal Anaya, \u201ces una decisi\u00f3n acertada\u201d, con la que, \u201cse tiene la firme intenci\u00f3n de seguir brindando apoyo solidario a la poblaci\u00f3n veracruzana, mediante el env\u00edo de alimentos, medicinas y un helic\u00f3ptero, como lo ha destacado en las conferencias ma\u00f1aneras de esta semana, la presidenta Claudia Sheinbaum Pardo\u201d, de quien se informa, estar\u00e1 nuevamente en Tamaulipas, para junto al gobernador y, de la alcaldesa de Nuevo<br \/>\nLaredo Carmen Lilia Cant\u00farosas,\u201d inaugurar, las instalaciones de la Agencia Nacional de Aduanas\u201d.<\/p>\n<p>Por otra parte, les dir\u00e9 que, de acuerdo a las mediciones mensuales que realiza la encuestadora \u201cMitofsky\u201d, para medir la aprobaci\u00f3n del desempe\u00f1o presidencial, no dejan lugar a la duda que, \u201cTamaulipas representa uno de los principales bastiones del respaldo popular a la presidenta Sheinbaum Pardo\u201d, ocupando los primeros lugares del Ranking nacional, desde el inicio de su mandato en octubre de 2024.<br \/>\nPOR este motivo, \u201cse refleja y confirma el apoyo del Gobierno Federal a los proyectos estrat\u00e9gicos gestionados por Am\u00e9rico Villarreal Anaya\u201d, as\u00ed como a la creciente inversi\u00f3n en los programas sociales, raz\u00f3n por la que, \u201cla ciudadan\u00eda tamaulipeca, manifiesta su agradecimiento con una gran aprobaci\u00f3n al gobierno de la doctora Claudia Sheinbaum Pardo\u201d, quien en septiembre pasado fue la m\u00e1s alta en el pa\u00eds con 83.4%, con el agregado de que, en las doce mediciones del primer a\u00f1o de su mandato, \u201cla calificaci\u00f3n de Tamaulipas, se encuentra muy por arriba del promedio nacional. Y,<br \/>\npor eso, hay que recordar que, \u201camor con amor se paga\u201d.<br \/>\nPor hoy es todo y hasta ma\u00f1ana.<br \/>\nPara sugerencias y puntos de vista en general al email:<br \/>\nlupeernesto@yahoo.com.mx<\/p>\n","protected":false},"excerpt":{"rendered":"<p>T E C L A Z O S Por Guadalupe E. Gonz\u00e1lez X.-El gobernador Am\u00e9rico Villarreal Anaya, se previene ante la probable crecida del r\u00edo P\u00e1nuco COMO una muestra m\u00e1s de que, \u201cTamaulipas es un fuerte basti\u00f3n de la 4-T y del Gobierno de la Rep\u00fablica\u201d, encabezado por la Dra. Claudia Sheinbaum Pardo, el mandatario [&hellip;]<\/p>\n","protected":false},"author":1,"featured_media":212096,"comment_status":"closed","ping_status":"closed","sticky":false,"template":"","format":"standard","meta":{"footnotes":""},"categories":[16],"tags":[],"class_list":["post-213118","post","type-post","status-publish","format-standard","has-post-thumbnail","hentry","category-opinion"],"_links":{"self":[{"href":"https:\/\/www.elsinodaldetamaulipas.com.mx\/index.php?rest_route=\/wp\/v2\/posts\/213118","targetHints":{"allow":["GET"]}}],"collection":[{"href":"https:\/\/www.elsinodaldetamaulipas.com.mx\/index.php?rest_route=\/wp\/v2\/posts"}],"about":[{"href":"https:\/\/www.elsinodaldetamaulipas.com.mx\/index.php?rest_route=\/wp\/v2\/types\/post"}],"author":[{"embeddable":true,"href":"https:\/\/www.elsinodaldetamaulipas.com.mx\/index.php?rest_route=\/wp\/v2\/users\/1"}],"replies":[{"embeddable":true,"href":"https:\/\/www.elsinodaldetamaulipas.com.mx\/index.php?rest_route=%2Fwp%2Fv2%2Fcomments&post=213118"}],"version-history":[{"count":1,"href":"https:\/\/www.elsinodaldetamaulipas.com.mx\/index.php?rest_route=\/wp\/v2\/posts\/213118\/revisions"}],"predecessor-version":[{"id":213119,"href":"https:\/\/www.elsinodaldetamaulipas.com.mx\/index.php?rest_route=\/wp\/v2\/posts\/213118\/revisions\/213119"}],"wp:featuredmedia":[{"embeddable":true,"href":"https:\/\/www.elsinodaldetamaulipas.com.mx\/index.php?rest_route=\/wp\/v2\/media\/212096"}],"wp:attachment":[{"href":"https:\/\/www.elsinodaldetamaulipas.com.mx\/index.php?rest_route=%2Fwp%2Fv2%2Fmedia&parent=213118"}],"wp:term":[{"taxonomy":"category","embeddable":true,"href":"https:\/\/www.elsinodaldetamaulipas.com.mx\/index.php?rest_route=%2Fwp%2Fv2%2Fcategories&post=213118"},{"taxonomy":"post_tag","embeddable":true,"href":"https:\/\/www.elsinodaldetamaulipas.com.mx\/index.php?rest_route=%2Fwp%2Fv2%2Ftags&post=213118"}],"curies":[{"name":"wp","href":"https:\/\/api.w.org\/{rel}","templated":true}]}}