{"id":213120,"date":"2025-10-16T20:11:01","date_gmt":"2025-10-17T00:11:01","guid":{"rendered":"https:\/\/www.elsinodaldetamaulipas.com.mx\/?p=213120"},"modified":"2025-10-16T20:11:01","modified_gmt":"2025-10-17T00:11:01","slug":"tamaulipas-alcanza-un-superavit-en-finanzas","status":"publish","type":"post","link":"https:\/\/www.elsinodaldetamaulipas.com.mx\/?p=213120","title":{"rendered":"TAMAULIPAS, ALCANZA UN SUPER\u00c1VIT EN FINANZAS"},"content":{"rendered":"<div class=\"post-content\">\n<p>La agencia HR Ratings ratific\u00f3 la calificaci\u00f3n HR A+ con Perspectiva Estable al Gobierno del Estado de Tamaulipas, al reconocer su manejo responsable de las finanzas p\u00fablicas y su estabilidad econ\u00f3mica.<\/p>\n<p>El secretario de Finanzas, Jes\u00fas Lav\u00edn Ver\u00e1stegui, inform\u00f3 que durante 2024 la entidad logr\u00f3 un super\u00e1vit equivalente al 2% de los ingresos totales y que los ingresos disponibles crecieron 7% respecto al a\u00f1o anterior.<\/p>\n<p>Este desempe\u00f1o permiti\u00f3 reducir el pasivo circulante de 16.1% a 12.6% y fortalecer la disminuci\u00f3n del endeudamiento estatal.<\/p>\n<p>La calificadora destac\u00f3 la disciplina financiera del estado y proyect\u00f3 que, aun con el incremento de inversi\u00f3n en infraestructura, Tamaulipas preservar\u00e1 su equilibrio presupuestal.<\/p>\n<p>Adem\u00e1s, en su evaluaci\u00f3n de factores ambientales, sociales y de gobernanza (ESG), identific\u00f3 un riesgo bajo y desempe\u00f1o promedio.<\/p>\n<p>Esta ratificaci\u00f3n se suma a las de Moody\u2019s Local M\u00e9xico, Fitch Ratings y PCR Verum, consolidando a Tamaulipas como referencia nacional en estabilidad fiscal y transparencia administrativa.<\/p>\n<p>ALTAMIRA HACE SU LABOR:<\/p>\n<p>En este contexto, Altamira refuerza la disciplina financiera en el \u00e1mbito municipal: el cabildo aprob\u00f3 para 2025 un presupuesto hist\u00f3rico de mil 890 millones de pesos, con incremento del 13% respecto al a\u00f1o anterior.<\/p>\n<p>La administraci\u00f3n local implementa descuentos fiscales, modernizaci\u00f3n administrativa y acciones intermunicipales para optimizar la recaudaci\u00f3n y facilitar la inversi\u00f3n, junto a millonarias inversiones en obra p\u00fablica y proyectos estrat\u00e9gicos de infraestructura, movilidad y desarrollo econ\u00f3mico.<\/p>\n<p>Estas acciones destacan la consolidaci\u00f3n de Tamaulipas y Altamira como referencia nacional en estabilidad fiscal, transparencia administrativa y fomento al desarrollo regional.<\/p>\n<p>Altamira ha sido reconocida por la Secretar\u00eda de Gobierno de Tamaulipas como municipio ejemplar por su manejo transparente, innovaci\u00f3n administrativa y alto desempe\u00f1o en obra p\u00fablica y sostenibilidad. El gobierno municipal, encabezado por Armando Mart\u00ednez Manr\u00edquez, ha logrado consolidar proyectos estrat\u00e9gicos, como la modernizaci\u00f3n urbana, la implementaci\u00f3n de tr\u00e1mites digitales y el desarrollo intermunicipal, posicionando a Altamira entre los municipios mejor evaluados en eficiencia y satisfacci\u00f3n ciudadana en el estado durante 2025.<\/p>\n<\/div>\n","protected":false},"excerpt":{"rendered":"<p>La agencia HR Ratings ratific\u00f3 la calificaci\u00f3n HR A+ con Perspectiva Estable al Gobierno del Estado de Tamaulipas, al reconocer su manejo responsable de las finanzas p\u00fablicas y su estabilidad econ\u00f3mica. El secretario de Finanzas, Jes\u00fas Lav\u00edn Ver\u00e1stegui, inform\u00f3 que durante 2024 la entidad logr\u00f3 un super\u00e1vit equivalente al 2% de los ingresos totales y [&hellip;]<\/p>\n","protected":false},"author":1,"featured_media":212060,"comment_status":"closed","ping_status":"closed","sticky":false,"template":"","format":"standard","meta":{"footnotes":""},"categories":[16],"tags":[],"class_list":["post-213120","post","type-post","status-publish","format-standard","has-post-thumbnail","hentry","category-opinion"],"_links":{"self":[{"href":"https:\/\/www.elsinodaldetamaulipas.com.mx\/index.php?rest_route=\/wp\/v2\/posts\/213120","targetHints":{"allow":["GET"]}}],"collection":[{"href":"https:\/\/www.elsinodaldetamaulipas.com.mx\/index.php?rest_route=\/wp\/v2\/posts"}],"about":[{"href":"https:\/\/www.elsinodaldetamaulipas.com.mx\/index.php?rest_route=\/wp\/v2\/types\/post"}],"author":[{"embeddable":true,"href":"https:\/\/www.elsinodaldetamaulipas.com.mx\/index.php?rest_route=\/wp\/v2\/users\/1"}],"replies":[{"embeddable":true,"href":"https:\/\/www.elsinodaldetamaulipas.com.mx\/index.php?rest_route=%2Fwp%2Fv2%2Fcomments&post=213120"}],"version-history":[{"count":1,"href":"https:\/\/www.elsinodaldetamaulipas.com.mx\/index.php?rest_route=\/wp\/v2\/posts\/213120\/revisions"}],"predecessor-version":[{"id":213121,"href":"https:\/\/www.elsinodaldetamaulipas.com.mx\/index.php?rest_route=\/wp\/v2\/posts\/213120\/revisions\/213121"}],"wp:featuredmedia":[{"embeddable":true,"href":"https:\/\/www.elsinodaldetamaulipas.com.mx\/index.php?rest_route=\/wp\/v2\/media\/212060"}],"wp:attachment":[{"href":"https:\/\/www.elsinodaldetamaulipas.com.mx\/index.php?rest_route=%2Fwp%2Fv2%2Fmedia&parent=213120"}],"wp:term":[{"taxonomy":"category","embeddable":true,"href":"https:\/\/www.elsinodaldetamaulipas.com.mx\/index.php?rest_route=%2Fwp%2Fv2%2Fcategories&post=213120"},{"taxonomy":"post_tag","embeddable":true,"href":"https:\/\/www.elsinodaldetamaulipas.com.mx\/index.php?rest_route=%2Fwp%2Fv2%2Ftags&post=213120"}],"curies":[{"name":"wp","href":"https:\/\/api.w.org\/{rel}","templated":true}]}}