{"id":213122,"date":"2025-10-16T20:17:02","date_gmt":"2025-10-17T00:17:02","guid":{"rendered":"https:\/\/www.elsinodaldetamaulipas.com.mx\/?p=213122"},"modified":"2025-10-16T20:17:02","modified_gmt":"2025-10-17T00:17:02","slug":"70-de-los-accidentes-causados-por-falta-de-precaucion","status":"publish","type":"post","link":"https:\/\/www.elsinodaldetamaulipas.com.mx\/?p=213122","title":{"rendered":"70% DE LOS ACCIDENTES CAUSADOS POR FALTA DE PRECAUCI\u00d3N"},"content":{"rendered":"<div class=\"post-content\">\n<p>El director de Seguridad P\u00fablica, Tr\u00e1nsito y Vialidad de Ciudad Victoria, Javier C\u00f3rdova Gonz\u00e1lez, hace un llamado a la ciudadan\u00eda para conducir con mayor precauci\u00f3n y evitar distracciones al volante, principalmente el uso del tel\u00e9fono celular, ya que este h\u00e1bito se ha identificado como una de las principales causas de accidentes en la ciudad.<br \/>\nTambi\u00e9n se\u00f1al\u00f3 que en las \u00faltimas semanas se ha observado un aumento en los incidentes viales, sobre todo de motocicletas, por lo que exhort\u00f3 a las y los automovilistas a reforzar las medidas de seguridad durante la conducci\u00f3n.<br \/>\n\u201cHoy en d\u00eda, el tel\u00e9fono es una distracci\u00f3n muy importante; cerca del 70 por ciento de los accidentes se deben a no poner atenci\u00f3n al camino, muchas veces por el uso del celular, incluso en choques con veh\u00edculos estacionados\u201d, expuso el funcionario municipal.<br \/>\nC\u00f3rdova Gonz\u00e1lez record\u00f3 que el Reglamento de Tr\u00e1nsito establece una multa de Mil 697 pesos y los primeros 14 d\u00edas paga la mitad del monto para quienes conduzcan utilizando el celular, la cual puede pagarse en la presidencia municipal. As\u00ed que evite esa sanci\u00f3n, agreg\u00f3.<br \/>\nFinalmente, reiter\u00f3 que la Direcci\u00f3n de Tr\u00e1nsito y Vialidad continuar\u00e1 fortaleciendo sus acciones de concientizaci\u00f3n y vigilancia para fomentar una cultura vial responsable, con el objetivo de reducir los accidentes y proteger la vida de todas y todos los victorenses.<br \/>\nPor cierto, me informan que Tr\u00e1nsito y Vialidad local tuvo una reuni\u00f3n ayer con los organizadores de la feria y se acord\u00f3 que esta corporaci\u00f3n ya est\u00e1 lista y puesta para cubrir todo el operativo de la Feria Tamaulipas 2025. Concientizando y orientando el buen orden.<\/p>\n<p>NOTAS CORTAS<\/p>\n<p>1.- Por cierto, todo est\u00e1 listo y preparado para que se lleve a cabo la Cabalgata de la FMVZ que celebrar\u00e1 su 68 Aniversario, por lo que esta Facultad y la UAT vienen invitando a toda la comunidad a participar a la tradicional cabalgata con motivo de su fundaci\u00f3n.<\/p>\n<p>Ser\u00e1 este s\u00e1bado 18 de octubre la cita, salida: Hospital Veterinaria de Grandes Especies en Ciudad Victoria, en punto de las 11:00 horas. As\u00ed que si te gusta montar, cabalgar o trotear en caballo est\u00e1 invitado.<br \/>\n2.- Por cierto, aun no se han puesto de acuerdo en el Senado de la Republica con la aportaci\u00f3n para los damnificados, unos dicen que una quincena, otros que un mes, pero no se ponen de acuerdo. No sean taca\u00f1os.<br \/>\nMientras tanto, aqu\u00ed en Tamaulipas las diferentes dependencias del gobierno estatal vienen haciendo colectas para mandar apoyo a nuestros hermanos de Veracruz. Otros lo hacen desde fundaciones para el mismo fin, caso espec\u00edfico la de Marcelo Ol\u00e1n Mendoza de Reynosa, la cual hay que reconocerle por su altruismo que desde mucho tiempo lo viene haciendo en bien de todos.<br \/>\n3.- Hoy inaugurar\u00e1 Am\u00e9rico Villarreal Anaya Feria Tamaulipas 2025, donde el gobernador llamar\u00e1 a las y los tamaulipecos a vivir y disfrutar en paz estos momentos que contribuyen a forjar una sociedad m\u00e1s solidaria y humanista.<br \/>\nSeguramente se har\u00e1 acompa\u00f1ar por su distinguida esposa, la presidenta del DIF Estatal, doctora Mar\u00eda de Villarreal, quienes cortaran el tradicional list\u00f3n inaugural de la magna fiesta de las y los tamaulipecos, que este a\u00f1o se enmarca en una 0celebraci\u00f3n m\u00e1s de nuestro estado.<br \/>\nPor hoy es todo, en la pr\u00f3xima seguiremos dialogando del acontecer+ pol\u00edtico tamaulipeco.<\/p>\n<div class=\"post-content\">\n<p>&nbsp;<\/p>\n<\/div>\n<\/div>\n","protected":false},"excerpt":{"rendered":"<p>El director de Seguridad P\u00fablica, Tr\u00e1nsito y Vialidad de Ciudad Victoria, Javier C\u00f3rdova Gonz\u00e1lez, hace un llamado a la ciudadan\u00eda para conducir con mayor precauci\u00f3n y evitar distracciones al volante, principalmente el uso del tel\u00e9fono celular, ya que este h\u00e1bito se ha identificado como una de las principales causas de accidentes en la ciudad. Tambi\u00e9n [&hellip;]<\/p>\n","protected":false},"author":1,"featured_media":212132,"comment_status":"closed","ping_status":"closed","sticky":false,"template":"","format":"standard","meta":{"footnotes":""},"categories":[16],"tags":[],"class_list":["post-213122","post","type-post","status-publish","format-standard","has-post-thumbnail","hentry","category-opinion"],"_links":{"self":[{"href":"https:\/\/www.elsinodaldetamaulipas.com.mx\/index.php?rest_route=\/wp\/v2\/posts\/213122","targetHints":{"allow":["GET"]}}],"collection":[{"href":"https:\/\/www.elsinodaldetamaulipas.com.mx\/index.php?rest_route=\/wp\/v2\/posts"}],"about":[{"href":"https:\/\/www.elsinodaldetamaulipas.com.mx\/index.php?rest_route=\/wp\/v2\/types\/post"}],"author":[{"embeddable":true,"href":"https:\/\/www.elsinodaldetamaulipas.com.mx\/index.php?rest_route=\/wp\/v2\/users\/1"}],"replies":[{"embeddable":true,"href":"https:\/\/www.elsinodaldetamaulipas.com.mx\/index.php?rest_route=%2Fwp%2Fv2%2Fcomments&post=213122"}],"version-history":[{"count":1,"href":"https:\/\/www.elsinodaldetamaulipas.com.mx\/index.php?rest_route=\/wp\/v2\/posts\/213122\/revisions"}],"predecessor-version":[{"id":213123,"href":"https:\/\/www.elsinodaldetamaulipas.com.mx\/index.php?rest_route=\/wp\/v2\/posts\/213122\/revisions\/213123"}],"wp:featuredmedia":[{"embeddable":true,"href":"https:\/\/www.elsinodaldetamaulipas.com.mx\/index.php?rest_route=\/wp\/v2\/media\/212132"}],"wp:attachment":[{"href":"https:\/\/www.elsinodaldetamaulipas.com.mx\/index.php?rest_route=%2Fwp%2Fv2%2Fmedia&parent=213122"}],"wp:term":[{"taxonomy":"category","embeddable":true,"href":"https:\/\/www.elsinodaldetamaulipas.com.mx\/index.php?rest_route=%2Fwp%2Fv2%2Fcategories&post=213122"},{"taxonomy":"post_tag","embeddable":true,"href":"https:\/\/www.elsinodaldetamaulipas.com.mx\/index.php?rest_route=%2Fwp%2Fv2%2Ftags&post=213122"}],"curies":[{"name":"wp","href":"https:\/\/api.w.org\/{rel}","templated":true}]}}