{"id":213124,"date":"2025-10-16T20:18:39","date_gmt":"2025-10-17T00:18:39","guid":{"rendered":"https:\/\/www.elsinodaldetamaulipas.com.mx\/?p=213124"},"modified":"2025-10-16T20:18:39","modified_gmt":"2025-10-17T00:18:39","slug":"fantasma-de-yarrington-aletea-sobre-cabeza-de-vaca","status":"publish","type":"post","link":"https:\/\/www.elsinodaldetamaulipas.com.mx\/?p=213124","title":{"rendered":"FANTASMA DE YARRINGTON ALETEA SOBRE CABEZA DE VACA"},"content":{"rendered":"<div class=\"post-content\">\n<h3>La Comuna<\/h3>\n<h3>Jos\u00e9 \u00c1ngel Solorio Mart\u00ednez<\/h3>\n<p>La derecha mexicana anda desorientada, bocabajeada. No tienen precandidatos respetables, para la batalla electoral que se realizar\u00e1 para suceder a la presidenta, Claudia Sheinbaum. Tan desangelados se ven todos los aspirantes panistas -y priistas-, que han echado mano de uno de los s\u00edmbolos y personajes, m\u00e1s destacados del desastre azul: el texano-tamaulipeco, Francisco Garc\u00eda Cabeza de Vaca.<br \/>\nSaben que est\u00e1 en el exilio por sus tropel\u00edas con los fondos de los tamaulipecos; est\u00e1n enterados, de sus acusaciones por lavado de dinero y conocen sus v\u00ednculos con personajes insignia del guachicol fronterizo.<br \/>\nComo tambi\u00e9n tienen datos de que posee una inconmensurable fortuna en d\u00f3lares producto del saqueo del dinero p\u00fablico.<br \/>\nPosiblemente, ese sea el factor que est\u00e1 haciendo que diversos l\u00edderes de opini\u00f3n lo alisten para la guerra electoral que se aproxima.<br \/>\nNo lo ven como un pol\u00edtico con posibilidades; lo ven, como un cliente con vigor econ\u00f3mico que puede financiar toda aventura electoral que le limpie la cara tan manchada por el largo rosario de malos manejos en la administraci\u00f3n estatal.<br \/>\nLa derecha, sali\u00f3 diezmada con el permanente enfrentamiento con la IV T y su dirigente Andr\u00e9s Manuel L\u00f3pez Obrador en la presidencia; pero result\u00f3 m\u00e1s maltrecha, con la arrollada que les propin\u00f3 Sheinbaum. Casi los desapareci\u00f3, cuando amagaban con enterrar lo que iba a ser el Segundo Piso de la IVT.<br \/>\nSi AMLO los descont\u00f3, Claudia los aplast\u00f3.<br \/>\nDesde entonces, no han podido levantar cabeza el PRIAN.<br \/>\n\u00bfQui\u00e9n despunta para candidato presidencial de los conservadores?<br \/>\nEch\u00e9mosle un ojo:<br \/>\nAlito Moreno, personaje demencial, mit\u00f3mano, clept\u00f3mano a punto de desprenderse de la realidad por el peso de la inmoralidad que carga.<br \/>\nX\u00f3chitl G\u00e1lvez, que hasta se meti\u00f3 al gym para recomponer su figura y lograr m\u00e1s likes como muestra de su permanencia en la jugada pol\u00edtica.<br \/>\nLily T\u00e9llez, estridente senadora de la rep\u00fablica, cuyo discurso destila m\u00e1s odio irracional que propuesta de oposici\u00f3n seria.<br \/>\nRicardo Salinas Pliego, deudor fiscal, usurero, y expoliador de miles de trabajadores de sus rapaces empresas.<br \/>\nParece la lista de un archivo policiaco.<br \/>\nTodos ellos millonarios por obra y gracia de la pol\u00edtica neoliberal.<br \/>\nAhora los amarra navajas, le dan vuelo a la precandidatura de Cabeza de Vaca, como \u00fanica f\u00f3rmula de rescatar a M\u00e9xico de la dictatorial forma de gobernar de la IV T y su Segundo Piso.<br \/>\nEso me recuerda viejos escenarios regionales: la b\u00fasqueda de Tom\u00e1s Yarrington de la presidencia; no pudo obtenerla.<br \/>\nEso s\u00ed: logr\u00f3 una estancia en las mejores prisiones de Italia, Estados Unidos y M\u00e9xico.<\/p>\n<\/div>\n","protected":false},"excerpt":{"rendered":"<p>La Comuna Jos\u00e9 \u00c1ngel Solorio Mart\u00ednez La derecha mexicana anda desorientada, bocabajeada. No tienen precandidatos respetables, para la batalla electoral que se realizar\u00e1 para suceder a la presidenta, Claudia Sheinbaum. Tan desangelados se ven todos los aspirantes panistas -y priistas-, que han echado mano de uno de los s\u00edmbolos y personajes, m\u00e1s destacados del desastre [&hellip;]<\/p>\n","protected":false},"author":1,"featured_media":212173,"comment_status":"closed","ping_status":"closed","sticky":false,"template":"","format":"standard","meta":{"footnotes":""},"categories":[16],"tags":[],"class_list":["post-213124","post","type-post","status-publish","format-standard","has-post-thumbnail","hentry","category-opinion"],"_links":{"self":[{"href":"https:\/\/www.elsinodaldetamaulipas.com.mx\/index.php?rest_route=\/wp\/v2\/posts\/213124","targetHints":{"allow":["GET"]}}],"collection":[{"href":"https:\/\/www.elsinodaldetamaulipas.com.mx\/index.php?rest_route=\/wp\/v2\/posts"}],"about":[{"href":"https:\/\/www.elsinodaldetamaulipas.com.mx\/index.php?rest_route=\/wp\/v2\/types\/post"}],"author":[{"embeddable":true,"href":"https:\/\/www.elsinodaldetamaulipas.com.mx\/index.php?rest_route=\/wp\/v2\/users\/1"}],"replies":[{"embeddable":true,"href":"https:\/\/www.elsinodaldetamaulipas.com.mx\/index.php?rest_route=%2Fwp%2Fv2%2Fcomments&post=213124"}],"version-history":[{"count":1,"href":"https:\/\/www.elsinodaldetamaulipas.com.mx\/index.php?rest_route=\/wp\/v2\/posts\/213124\/revisions"}],"predecessor-version":[{"id":213125,"href":"https:\/\/www.elsinodaldetamaulipas.com.mx\/index.php?rest_route=\/wp\/v2\/posts\/213124\/revisions\/213125"}],"wp:featuredmedia":[{"embeddable":true,"href":"https:\/\/www.elsinodaldetamaulipas.com.mx\/index.php?rest_route=\/wp\/v2\/media\/212173"}],"wp:attachment":[{"href":"https:\/\/www.elsinodaldetamaulipas.com.mx\/index.php?rest_route=%2Fwp%2Fv2%2Fmedia&parent=213124"}],"wp:term":[{"taxonomy":"category","embeddable":true,"href":"https:\/\/www.elsinodaldetamaulipas.com.mx\/index.php?rest_route=%2Fwp%2Fv2%2Fcategories&post=213124"},{"taxonomy":"post_tag","embeddable":true,"href":"https:\/\/www.elsinodaldetamaulipas.com.mx\/index.php?rest_route=%2Fwp%2Fv2%2Ftags&post=213124"}],"curies":[{"name":"wp","href":"https:\/\/api.w.org\/{rel}","templated":true}]}}