{"id":213126,"date":"2025-10-16T20:21:14","date_gmt":"2025-10-17T00:21:14","guid":{"rendered":"https:\/\/www.elsinodaldetamaulipas.com.mx\/?p=213126"},"modified":"2025-10-16T20:21:14","modified_gmt":"2025-10-17T00:21:14","slug":"dios-es-bueno-con-ciudad-victoria-gattas","status":"publish","type":"post","link":"https:\/\/www.elsinodaldetamaulipas.com.mx\/?p=213126","title":{"rendered":"DIOS ES BUENO CON CIUDAD VICTORIA: GATT\u00c1S"},"content":{"rendered":"<div class=\"post-content\">EXPEDIENTEAzahel Jaramillo H.<\/p>\n<p>&nbsp;<\/p>\n<p><strong>\u00a0 \u00a0 \u00a0 \u00a0 \u00a0 \u00a0 \u00a0 \u00a0 \u00a0 \u00a0 \u00a0 Con En\u00e9rgico, optimista, feliz, Eduardo Abraham Gatt\u00e1s B\u00e1ez, en el Palacio del 17 tuvo su conferencia \u00abma\u00f1anera\u00bb este jueves 16 con reporteros y medios de comunicaci\u00f3n donde anuncio su Plan Emergente de Bacheo en que se va a gastar, a invertirle m\u00e1s de 10 millones de pesos \u2013de recursos municipales para recuperar las calles de las principales vialidades afectadas por las lluvias.\u00a0<\/strong><\/p>\n<p><strong>\u00a0 \u00a0 \u00a0 \u00a0 \u00abEn 90 d\u00edas nos llovi\u00f3 m\u00e1s que en los \u00faltimos 15 a\u00f1os\u00bb, dijo rotundo el presidente municipal Lalo Gatt\u00e1s.\u00a0<\/strong><\/p>\n<p><strong>\u00a0 \u00a0 \u00a0 \u00a0 \u00a0En la mesa, junto al presidente de la C\u00e1mara Mexicana de la Industria de la Construcci\u00f3n, Pablo Haro; el\u00a0 gerente de COMAPA, el matamorense C. P. Fernando Garc\u00eda Fuentes; y el secretario del Ayuntamiento Hugo Arael Res\u00e9ndez Silva, el alcalde Lalo Gattas inici\u00f3 su turno al micr\u00f3fono:\u00a0 \u00a0\u00abHace unos d\u00edas, gracias a Dios, tuvimos lluvias que trajeron alivio y esperanza a Victoria. Tenemos la bendici\u00f3n que nuestras presas tuvieron un respiro, al igual que nuestros mantos acu\u00edferos. Esa agua volvi\u00f3 a dar vida al campo. Soy\u00a0 un hombre de fe y puedo decir con toda certeza: Dios ha sido bueno con Victoria\u00bb.\u00a0<\/strong><\/p>\n<p><strong>\u00a0 \u00a0 \u00a0 \u00a0 \u00a0Eduardo Abraham, realista\u2026, con voz pausada y tono firme a\u00f1adi\u00f3: \u00abY aunque es una bendici\u00f3n tambi\u00e9n representa un reto enorme para nuestra ciudad. No podemos apartar la vista, ni negar la realidad. Hoy enfrentamos una crisis real en las calles, provocada por las lluvias m\u00e1s intensas de los \u00faltimos a\u00f1os. Calles con da\u00f1os, con baches, con afectaciones que todos vemos y que todos sentimos , pero somos un gobierno que no le teme a los retos, somos un gobierno resiliente, que da respuesta, que act\u00faa y ..por eso hemos dise\u00f1ado un Plan Emergente de Bacheo con una inversi\u00f3n de m\u00e1s de 10 millones de pesos. de aqu\u00ed a diciembre. Y el pr\u00f3ximo a\u00f1o le solicitaremos al Cabildo una ampliaci\u00f3n de presupuesto para mejorar las calles en la capital.\u00a0<\/strong><\/p>\n<p><strong>\u00a0 \u00a0 \u00a0 \u00a0 \u00a0 \u00a0 Detall\u00f3 que este plan emergente prioriza las vialidades comercial, de educaci\u00f3n, de salud, y de transporte p\u00fablico. Y coment\u00f3 que este plan \u00abqueremos hacerlo de la mano de las gente, porque esta ciudad se construye entre todos: sociedad y gobierno\u00bb.\u00a0<\/strong><\/p>\n<p><strong>\u00a0 \u00a0 \u00a0 \u00a0 \u00a0 \u00a0El alcalde dijo que se trabaja con el apoyo total de los gobiernos estatal y federal. \u00abCuidar Victoria es cuidar nuestro hogar\u00bb, concluy\u00f3.\u00a0<\/strong><\/p>\n<p><strong>\u00a0 \u00a0 \u00a0 \u00a0 \u00a0 \u00a0La rueda de prensa fue conducida por el Director de Comunicaci\u00f3n Social, Lic. Jorge Vela, quien iba dando la voz a las reporteras y los reporteros.<\/strong><\/p>\n<p><strong>\u00a0 \u00a0 \u00a0 \u00a0 \u00a0 \u00a0 Vale comentar que al momento de la primera pregunta al Ing. Eusebio, director de Obras P\u00fablicas el alcalde Eduardo Abraham, luciendo camisa blanca de manga larga, con cero emblemas o logotipos (que si portaban casi todos sus acompa\u00f1antes en la mesa, incluido el presidente de los constructores), al momento ese, \u00e9l, Gatt\u00e1s se desabroch\u00f3 su reloj que portaba en su pulso derecho, y se lo reacomod\u00f3. Portaba un reloj con muy llamativa correa color naranja, cual portan a veces las gentes del partido naranja Movimiento Ciudadano. \u00bfAcaso anunciando una pr\u00f3xima alianza personal con el MC?\u00a0<\/strong><\/p>\n<p><strong>\u00a0 \u00a0 \u00a0 \u00a0Durante la conferencia, la periodista Mar\u00eda Jaramillo Alan\u00eds, del portal Mi Trinchera Vietnamita,\u00a0 pregunt\u00f3, diciendo \u00abque hay un sentimiento de rabia y mucha molestia, adem\u00e1s\u00a0 de operativo de gr\u00faas por parte de Transito contra gente discapacitada, tenemos que\u00a0 la Comapa\u00a0 nos ha quedado a deber, y hay ponerse de acuerdo, porque la COMAPA, ustedes como gobierno municipal, tapando los baches y los de COMAPA parecen topos por la ciudad, abriendo baches\u00bb<\/strong><\/p>\n<p><strong>\u00a0 \u00a0 \u00a0 \u00a0 \u00a0 \u00a0 \u00a0 \u00a0El alcalde respondi\u00f3 que con COMAPA s\u00ed vamos coordinados y mejoremos esa coordinaci\u00f3n.\u00a0<\/strong><\/p>\n<p><strong>\u00a0 \u00a0 \u00a0 \u00a0 \u00a0 \u00a0 \u00a0 \u00a0 TRIBUNAL DE DISCIPLINA JUDICIALORDENA SANCION A JUEZ\u00a0<\/strong><\/p>\n<p><strong>\u00a0 \u00a0 \u00a0 \u00a0 \u00a0 Pues ah\u00ed tienen que el Tribunal de Disciplina Judicial orden\u00f3 sancionar con una suspensi\u00f3n temporal a una persona juzgadora en materia familiar adscrita en el sur de Tamaulipas.<\/strong><\/p>\n<p><strong>Ello por afectar los derechos fundamentales de un menor de edad, motivo por el cual se determin\u00f3\u00a0 actuar de modo urgente e inmediato.\u00a0<\/strong><\/p>\n<p><strong>\u00a0 \u00a0 \u00a0 \u00a0 \u00a0En un comunicado oficial el Poder Judicial dijo reiterar su compromiso con los principios de legalidad, transparencia e imparcialidad y subraya que en el nuevo\u00a0 Poder Judicial no hay espacio para la impunidad.\u00a0<\/strong><\/p>\n<p><strong>\u00a0 \u00a0 \u00a0 En raz\u00f3n de la presunci\u00f3n de inocencia el Poder Judicial se reserv\u00f3 la identidad de la persona sancionada con una suspensi\u00f3n.\u00a0<\/strong><\/p>\n<p><strong>\u00a0 \u00a0 \u00a0 \u00a0 \u00a0 \u00a0 \u00a0 \u00a0 \u00a0 \u00a0 PRESIDENTE DEL TRICOLOR CONVOCA A LA PRENSA<\/strong><\/p>\n<p><strong>\u00a0 \u00a0 \u00a0 \u00a0 \u00a0 \u00a0 Pues ah\u00ed tienen que la Direcci\u00f3n de Comunicaci\u00f3n del Partido Revolucionario Institucional ha convocado a los periodistas para que este viernes 17 a las 10 de la ma\u00f1ana concurran al auditorio del Instituto \u00abJes\u00fas Reyes Heroles\u00bb dado que su\u00a0 presidente estatal, Bruno D\u00edaz Lara, llamado afectuosamente \u00abBatman\u00bb ofrecer\u00e1\u00a0 una conferencia de prensa.\u00a0<\/strong><\/p>\n<p><strong>\u00a0 \u00a0 \u00a0 \u00a0 \u00a0 \u00a0 \u00a0El abogado Reyes Heroles,\u00a0 del mero \u2013hoy algo da\u00f1ado \u2013Tuxpan, Veracruz, ten\u00eda dos frases que le dieron fama. Una es \u00aben el ejercicio de la pol\u00edtica hay que aprender a lavarse las manos con agua sucia. Y la otra es: \u00abLo que resiste, apoya\u00bb. En eso quedamos.\u00a0<\/strong><\/p>\n<p><strong>\u00a0 \u00a0 \u00a0 \u00a0 \u00a0 \u00a0 \u00a0 \u00a0 \u00a0 \u00a0 \u00a0 \u00a0 \u00a0 ANUNCIAN INCIO DE VACUNACION DE TIEMPO INVERNAL\u00a0 \u00a0 \u00a0 \u00a0 \u00a0 \u00a0 \u00a0 \u00a0 \u00a0 \u00a0 \u00a0 \u00a0 \u00a0 \u00a0 \u00a0 \u00a0 \u00a0 \u00a0 \u00a0 \u00a0 \u00a0 \u00a0 \u00a0 \u00a0 \u00a0 \u00a0\u00a0<\/strong><\/p>\n<p><strong>\u00a0 \u00a0 \u00a0 \u00a0 Pues ah\u00ed tienen que con una meta de aplicaci\u00f3n de m\u00e1s de 600 mil dosis de vacunas, dio inicio la Campa\u00f1a de Vacunaci\u00f3n de Temporada Invernal, en las que se incluyen las vacunas para proteger sobre influenza estacional, neumococo y COVID-19, inform\u00f3 el secretario de Salud, Dr. Vicente Joel Hern\u00e1ndez Navarro.<\/strong><\/p>\n<p><strong>Como parte de las pol\u00edticas de bienestar del gobernador Dr. Am\u00e9rico Villarreal Anaya, se destinaron los recursos necesarios para cubrir a la poblaci\u00f3n que no cuenta con seguridad social y para que a trav\u00e9s de las unidades de IMSS Bienestar, acudan a solicitar estas vacunas que los protege contra estos padecimientos propios de la temporada invernal.<\/strong><\/p>\n<p><strong>Detall\u00f3 que son 370 mil 782 dosis de vacunas para influenza; 106 mil 964 contra COVID-19 y contra neumococo se destinaron 163 mil 493 dosis que proteger\u00e1n contra estas enfermedades respiratorias que incrementan su incidencia durante la \u00e9poca de fr\u00edo.<\/strong><\/p>\n<p><strong>\u201cLa campa\u00f1a dio inicio el 13 de octubre a nivel nacional y concluye el 3 de abril de 2026 y est\u00e1 enfocada a proteger a la poblaci\u00f3n m\u00e1s vulnerable y para evitar complicaciones por influenza estacional, COVID-19 y neumococo, y ser\u00e1 a trav\u00e9s de unidades de salud, puestos fijos y semifijos, hospitales, m\u00f3dulos de vacunaci\u00f3n en plazas p\u00fablicas, en donde se estar\u00e1n otorgando\u201d, detall\u00f3 Hern\u00e1ndez Navarro.<\/strong><\/p>\n<p><strong>La poblaci\u00f3n objetivo de esta campa\u00f1a de Vacunaci\u00f3n son las ni\u00f1as y ni\u00f1os de 6 meses a 4 a\u00f1os 11 meses contra influenza estacional y con alguna comorbilidad de riesgo; personas de 5 a 59 a\u00f1os con comorbilidades de riesgo; personas embarazadas; personal de salud y adultos mayores de 60 a\u00f1os y m\u00e1s. La vacuna contra neumococo est\u00e1 destinada a personas de 60 a\u00f1os y m\u00e1s y quienes presentan situaci\u00f3n de riesgo. NOS VEMOS.\u00a0<\/strong><\/p>\n<\/div>\n<div class=\"post-tags-box\">\n<ul class=\"tags-box\">\n<li><i class=\"fa fa-tags\"><\/i>Etiquetas:<\/li>\n<\/ul>\n<\/div>\n","protected":false},"excerpt":{"rendered":"<p>EXPEDIENTEAzahel Jaramillo H. &nbsp; \u00a0 \u00a0 \u00a0 \u00a0 \u00a0 \u00a0 \u00a0 \u00a0 \u00a0 \u00a0 \u00a0 Con En\u00e9rgico, optimista, feliz, Eduardo Abraham Gatt\u00e1s B\u00e1ez, en el Palacio del 17 tuvo su conferencia \u00abma\u00f1anera\u00bb este jueves 16 con reporteros y medios de comunicaci\u00f3n donde anuncio su Plan Emergente de Bacheo en que se va a gastar, a [&hellip;]<\/p>\n","protected":false},"author":1,"featured_media":211939,"comment_status":"closed","ping_status":"closed","sticky":false,"template":"","format":"standard","meta":{"footnotes":""},"categories":[16],"tags":[],"class_list":["post-213126","post","type-post","status-publish","format-standard","has-post-thumbnail","hentry","category-opinion"],"_links":{"self":[{"href":"https:\/\/www.elsinodaldetamaulipas.com.mx\/index.php?rest_route=\/wp\/v2\/posts\/213126","targetHints":{"allow":["GET"]}}],"collection":[{"href":"https:\/\/www.elsinodaldetamaulipas.com.mx\/index.php?rest_route=\/wp\/v2\/posts"}],"about":[{"href":"https:\/\/www.elsinodaldetamaulipas.com.mx\/index.php?rest_route=\/wp\/v2\/types\/post"}],"author":[{"embeddable":true,"href":"https:\/\/www.elsinodaldetamaulipas.com.mx\/index.php?rest_route=\/wp\/v2\/users\/1"}],"replies":[{"embeddable":true,"href":"https:\/\/www.elsinodaldetamaulipas.com.mx\/index.php?rest_route=%2Fwp%2Fv2%2Fcomments&post=213126"}],"version-history":[{"count":1,"href":"https:\/\/www.elsinodaldetamaulipas.com.mx\/index.php?rest_route=\/wp\/v2\/posts\/213126\/revisions"}],"predecessor-version":[{"id":213127,"href":"https:\/\/www.elsinodaldetamaulipas.com.mx\/index.php?rest_route=\/wp\/v2\/posts\/213126\/revisions\/213127"}],"wp:featuredmedia":[{"embeddable":true,"href":"https:\/\/www.elsinodaldetamaulipas.com.mx\/index.php?rest_route=\/wp\/v2\/media\/211939"}],"wp:attachment":[{"href":"https:\/\/www.elsinodaldetamaulipas.com.mx\/index.php?rest_route=%2Fwp%2Fv2%2Fmedia&parent=213126"}],"wp:term":[{"taxonomy":"category","embeddable":true,"href":"https:\/\/www.elsinodaldetamaulipas.com.mx\/index.php?rest_route=%2Fwp%2Fv2%2Fcategories&post=213126"},{"taxonomy":"post_tag","embeddable":true,"href":"https:\/\/www.elsinodaldetamaulipas.com.mx\/index.php?rest_route=%2Fwp%2Fv2%2Ftags&post=213126"}],"curies":[{"name":"wp","href":"https:\/\/api.w.org\/{rel}","templated":true}]}}