{"id":213128,"date":"2025-10-16T20:29:18","date_gmt":"2025-10-17T00:29:18","guid":{"rendered":"https:\/\/www.elsinodaldetamaulipas.com.mx\/?p=213128"},"modified":"2025-10-16T20:29:18","modified_gmt":"2025-10-17T00:29:18","slug":"certifican-calidad-de-investigadores-tamaulipecos","status":"publish","type":"post","link":"https:\/\/www.elsinodaldetamaulipas.com.mx\/?p=213128","title":{"rendered":"CERTIFICAN CALIDAD DE INVESTIGADORES TAMAULIPECOS"},"content":{"rendered":"<h3>Acuden a curso de acreditaci\u00f3n en el Estado de Quer\u00e9taro<\/h3>\n<p><em>EL SINODAL DE TAMAULIPAS<\/em><\/p>\n<p>San Juan del R\u00edo, Quer\u00e9taro &#8211; El Secretariado Ejecutivo de Sistema Nacional de Seguridad P\u00fablica, en coordinaci\u00f3n con el Consejo Acad\u00e9mico Regional del Noreste y la Fiscal\u00eda General de Justicia del Estado de Tamaulipas (FGJT), capacitaron y evaluaron a 7 Agentes de la Polic\u00eda de Investigaci\u00f3n de la Fiscal\u00eda General de Justicia del Estado de Tamaulipas, a trav\u00e9s del curso \u201cProceso de Acreditaci\u00f3n de Instructores-Evaluadores en Competencias B\u00e1sicas de la Funci\u00f3n Policial para el perfil Polic\u00eda de Investigaci\u00f3n\u201d.<\/p>\n<p>&nbsp;<\/p>\n<p>La capacitaci\u00f3n y posterior evaluaci\u00f3n para obtener la certificaci\u00f3n como Instructor Evaluador de Competencias B\u00e1sicas de la Funci\u00f3n del Polic\u00eda de Investigaci\u00f3n se llev\u00f3 a cabo en las instalaciones del Instituto de Formaci\u00f3n Profesional de la Fiscal\u00eda General de la Rep\u00fablica, con el objetivo de evaluar las habilidades y competencias policiales con las que los elementos cuentan, as\u00ed como dotarlos de herramientas que perfeccionen su trabajo en campo; contar con un mayor n\u00famero de Polic\u00edas de Investigaci\u00f3n capacitados para desempe\u00f1arse como Instructores-Evaluadores acreditados y, de esta manera, fortalecer a la FGJT en materia de capacitaci\u00f3n, puesto que los elementos replicar\u00e1n al interior de esta instituci\u00f3n las habilidades y competencias sobre las que fueron capacitados y evaluados.<\/p>\n<p><img loading=\"lazy\" decoding=\"async\" class=\"aligncenter wp-image-213130 size-full\" src=\"https:\/\/www.elsinodaldetamaulipas.com.mx\/wp-content\/uploads\/2025\/10\/AGENTES-2.jpeg\" alt=\"\" width=\"1280\" height=\"960\" srcset=\"https:\/\/www.elsinodaldetamaulipas.com.mx\/wp-content\/uploads\/2025\/10\/AGENTES-2.jpeg 1280w, https:\/\/www.elsinodaldetamaulipas.com.mx\/wp-content\/uploads\/2025\/10\/AGENTES-2-300x225.jpeg 300w, https:\/\/www.elsinodaldetamaulipas.com.mx\/wp-content\/uploads\/2025\/10\/AGENTES-2-1024x768.jpeg 1024w, https:\/\/www.elsinodaldetamaulipas.com.mx\/wp-content\/uploads\/2025\/10\/AGENTES-2-768x576.jpeg 768w, https:\/\/www.elsinodaldetamaulipas.com.mx\/wp-content\/uploads\/2025\/10\/AGENTES-2-272x204.jpeg 272w\" sizes=\"auto, (max-width: 1280px) 100vw, 1280px\" \/><\/p>\n<p>Los Agentes de la Polic\u00eda de Investigaci\u00f3n quienes han logrado en los procesos de certificaci\u00f3n la acreditaci\u00f3n en acondicionamiento f\u00edsico, detenci\u00f3n y conducci\u00f3n de personas, sistema penal acusatorio, armamento y tiro policial, investigaci\u00f3n policial y conducci\u00f3n de Veh\u00edculos Policiales y Operaci\u00f3n de Equipos de Radiocomunicaci\u00f3n. Es de se\u00f1alar que, para los elementos policiales, contar con las competencias aprobadas, es requisito indispensable para la obtenci\u00f3n del Certificado \u00danico Policial (CUP).<\/p>\n<p>&nbsp;<\/p>\n<p>Con la implementaci\u00f3n de estas actividades acad\u00e9micas, la Fiscal\u00eda General de Justicia del Estado de Tamaulipas, refrenda su compromiso de profesionalizar y actualizar a las y los elementos de la Polic\u00eda de Investigaci\u00f3n para fortalecer la procuraci\u00f3n de justicia, ofreciendo un servicio de calidad a favor de la sociedad tamaulipeca.<\/p>\n","protected":false},"excerpt":{"rendered":"<p>Acuden a curso de acreditaci\u00f3n en el Estado de Quer\u00e9taro EL SINODAL DE TAMAULIPAS San Juan del R\u00edo, Quer\u00e9taro &#8211; El Secretariado Ejecutivo de Sistema Nacional de Seguridad P\u00fablica, en coordinaci\u00f3n con el Consejo Acad\u00e9mico Regional del Noreste y la Fiscal\u00eda General de Justicia del Estado de Tamaulipas (FGJT), capacitaron y evaluaron a 7 Agentes [&hellip;]<\/p>\n","protected":false},"author":1,"featured_media":213129,"comment_status":"closed","ping_status":"closed","sticky":false,"template":"","format":"standard","meta":{"footnotes":""},"categories":[25],"tags":[],"class_list":["post-213128","post","type-post","status-publish","format-standard","has-post-thumbnail","hentry","category-leyyorden"],"_links":{"self":[{"href":"https:\/\/www.elsinodaldetamaulipas.com.mx\/index.php?rest_route=\/wp\/v2\/posts\/213128","targetHints":{"allow":["GET"]}}],"collection":[{"href":"https:\/\/www.elsinodaldetamaulipas.com.mx\/index.php?rest_route=\/wp\/v2\/posts"}],"about":[{"href":"https:\/\/www.elsinodaldetamaulipas.com.mx\/index.php?rest_route=\/wp\/v2\/types\/post"}],"author":[{"embeddable":true,"href":"https:\/\/www.elsinodaldetamaulipas.com.mx\/index.php?rest_route=\/wp\/v2\/users\/1"}],"replies":[{"embeddable":true,"href":"https:\/\/www.elsinodaldetamaulipas.com.mx\/index.php?rest_route=%2Fwp%2Fv2%2Fcomments&post=213128"}],"version-history":[{"count":1,"href":"https:\/\/www.elsinodaldetamaulipas.com.mx\/index.php?rest_route=\/wp\/v2\/posts\/213128\/revisions"}],"predecessor-version":[{"id":213131,"href":"https:\/\/www.elsinodaldetamaulipas.com.mx\/index.php?rest_route=\/wp\/v2\/posts\/213128\/revisions\/213131"}],"wp:featuredmedia":[{"embeddable":true,"href":"https:\/\/www.elsinodaldetamaulipas.com.mx\/index.php?rest_route=\/wp\/v2\/media\/213129"}],"wp:attachment":[{"href":"https:\/\/www.elsinodaldetamaulipas.com.mx\/index.php?rest_route=%2Fwp%2Fv2%2Fmedia&parent=213128"}],"wp:term":[{"taxonomy":"category","embeddable":true,"href":"https:\/\/www.elsinodaldetamaulipas.com.mx\/index.php?rest_route=%2Fwp%2Fv2%2Fcategories&post=213128"},{"taxonomy":"post_tag","embeddable":true,"href":"https:\/\/www.elsinodaldetamaulipas.com.mx\/index.php?rest_route=%2Fwp%2Fv2%2Ftags&post=213128"}],"curies":[{"name":"wp","href":"https:\/\/api.w.org\/{rel}","templated":true}]}}