{"id":213132,"date":"2025-10-16T20:31:40","date_gmt":"2025-10-17T00:31:40","guid":{"rendered":"https:\/\/www.elsinodaldetamaulipas.com.mx\/?p=213132"},"modified":"2025-10-16T20:31:40","modified_gmt":"2025-10-17T00:31:40","slug":"por-un-latrocinio-ira-15-largos-anos-a-la-prision","status":"publish","type":"post","link":"https:\/\/www.elsinodaldetamaulipas.com.mx\/?p=213132","title":{"rendered":"POR UN LATROCINIO IR\u00c1 15 LARGOS A\u00d1OS A LA PRISI\u00d3N"},"content":{"rendered":"<p>EL SINODAL DE TAMAULIPAS<\/p>\n<p>Ciudad Victoria, Tamaulipas.- La Fiscal\u00eda General de Justicia del Estado de Tamaulipas informa que, el Agente del Ministerio P\u00fablico realiz\u00f3 las acciones jur\u00eddicas necesarias para que fuera dictada sentencia de 15 a\u00f1os de prisi\u00f3n en contra de Juan Edu \u201cT\u201d, por el delito de Robo de Dependiente.<\/p>\n<p>Un Tribunal de Juicio Oral dict\u00f3 la condena, despu\u00e9s de que la Representaci\u00f3n Social acredit\u00f3 fehacientemente la responsabilidad del hoy sentenciado en el citado delito, imponi\u00e9ndole adem\u00e1s una multa de 15 mil, 839.60 pesos y el pago de la reparaci\u00f3n del da\u00f1o por la cantidad de 2 millones, 651 mil, 623.62 pesos.<\/p>\n<p>La Fiscal\u00eda General de Justicia del Estado de Tamaulipas refrenda su compromiso de trabajar firmemente para garantizar la procuraci\u00f3n de justicia y no permitir la impunidad en los delitos que atentan contra el patrimonio de las y los tamaulipecos.<\/p>\n<p>&#8212;-<\/p>\n","protected":false},"excerpt":{"rendered":"<p>EL SINODAL DE TAMAULIPAS Ciudad Victoria, Tamaulipas.- La Fiscal\u00eda General de Justicia del Estado de Tamaulipas informa que, el Agente del Ministerio P\u00fablico realiz\u00f3 las acciones jur\u00eddicas necesarias para que fuera dictada sentencia de 15 a\u00f1os de prisi\u00f3n en contra de Juan Edu \u201cT\u201d, por el delito de Robo de Dependiente. Un Tribunal de Juicio [&hellip;]<\/p>\n","protected":false},"author":1,"featured_media":213133,"comment_status":"closed","ping_status":"closed","sticky":false,"template":"","format":"standard","meta":{"footnotes":""},"categories":[25],"tags":[],"class_list":["post-213132","post","type-post","status-publish","format-standard","has-post-thumbnail","hentry","category-leyyorden"],"_links":{"self":[{"href":"https:\/\/www.elsinodaldetamaulipas.com.mx\/index.php?rest_route=\/wp\/v2\/posts\/213132","targetHints":{"allow":["GET"]}}],"collection":[{"href":"https:\/\/www.elsinodaldetamaulipas.com.mx\/index.php?rest_route=\/wp\/v2\/posts"}],"about":[{"href":"https:\/\/www.elsinodaldetamaulipas.com.mx\/index.php?rest_route=\/wp\/v2\/types\/post"}],"author":[{"embeddable":true,"href":"https:\/\/www.elsinodaldetamaulipas.com.mx\/index.php?rest_route=\/wp\/v2\/users\/1"}],"replies":[{"embeddable":true,"href":"https:\/\/www.elsinodaldetamaulipas.com.mx\/index.php?rest_route=%2Fwp%2Fv2%2Fcomments&post=213132"}],"version-history":[{"count":1,"href":"https:\/\/www.elsinodaldetamaulipas.com.mx\/index.php?rest_route=\/wp\/v2\/posts\/213132\/revisions"}],"predecessor-version":[{"id":213134,"href":"https:\/\/www.elsinodaldetamaulipas.com.mx\/index.php?rest_route=\/wp\/v2\/posts\/213132\/revisions\/213134"}],"wp:featuredmedia":[{"embeddable":true,"href":"https:\/\/www.elsinodaldetamaulipas.com.mx\/index.php?rest_route=\/wp\/v2\/media\/213133"}],"wp:attachment":[{"href":"https:\/\/www.elsinodaldetamaulipas.com.mx\/index.php?rest_route=%2Fwp%2Fv2%2Fmedia&parent=213132"}],"wp:term":[{"taxonomy":"category","embeddable":true,"href":"https:\/\/www.elsinodaldetamaulipas.com.mx\/index.php?rest_route=%2Fwp%2Fv2%2Fcategories&post=213132"},{"taxonomy":"post_tag","embeddable":true,"href":"https:\/\/www.elsinodaldetamaulipas.com.mx\/index.php?rest_route=%2Fwp%2Fv2%2Ftags&post=213132"}],"curies":[{"name":"wp","href":"https:\/\/api.w.org\/{rel}","templated":true}]}}