{"id":213269,"date":"2025-10-19T22:34:49","date_gmt":"2025-10-20T02:34:49","guid":{"rendered":"https:\/\/www.elsinodaldetamaulipas.com.mx\/?p=213269"},"modified":"2025-10-19T22:34:49","modified_gmt":"2025-10-20T02:34:49","slug":"relanzamiento-del-pan","status":"publish","type":"post","link":"https:\/\/www.elsinodaldetamaulipas.com.mx\/?p=213269","title":{"rendered":"\u00bfRELANZAMIENTO DEL PAN?"},"content":{"rendered":"<div class=\"post-content\">\n<p>La Comuna<\/p>\n<p>&nbsp;<\/p>\n<p>Jos\u00e9 \u00c1ngel Solorio Mart\u00ednez<\/p>\n<p>\u00bfRelanzamiento del PAN?<br \/>\nS\u00ed: volver a lanzar al partido, es m\u00e1s sencillo que refundarlo.<br \/>\nRefundarlo, requiere un an\u00e1lisis profundo, una reflexi\u00f3n sesuda; relanzarlo, es una tarea mec\u00e1nica distante del trabajo intelectual que demanda darle fuelle pol\u00edtico e ideol\u00f3gico a una organizaci\u00f3n.<br \/>\nEse es el nivel de los cuadros panistas.<br \/>\nTienen tal pobreza en sus propuestas, que dan ternura ante la avalancha de MORENA que tienen encima.<br \/>\n\u00bfPor qu\u00e9 se augura un estrepitoso fracaso del panismo, con todo y su nuevo disfraz que a pocos sorprende gratamente?<br \/>\n1.- Su ausencia de liderazgo. No puede haber relanzamiento o refundaci\u00f3n, si no posee un dirigente sensato, ecu\u00e1nime, pensante, que encabece las tareas que requiere uno y otro esfuerzo. Marko Cort\u00e9s, es pat\u00e9tico; as\u00ed como todos lo que pretenden relevarlo. No tiene cualquier dirigente pol\u00edtico enfrente; Claudia Sheinbaum, muestra una presencia arrasadora reduciendo a las oposiciones a verdaderos grupos de presi\u00f3n: representan lo mismo, que algunos sindicatos o grupos derechistas empresariales que opinan s\u00f3lo cuando sus intereses est\u00e1n en riesgo.<br \/>\n(Esto sin desmerecer, el trabajo de Mar\u00eda Luisa Alcalde, al frente de MORENA. Lo que se afirma, es que Sheinbaum personifica el factor al cual combaten las oposiciones).<br \/>\n2.- La penosa carga hist\u00f3rica, que lejos de presumirla en las filas del PAN, los averg\u00fcenza y los abochorna: los presidentes Vicente Fox y Felipe Calder\u00f3n.<br \/>\n\u00bfQu\u00e9 fortalece pol\u00edtica y moralmente a un partido pol\u00edtico, sino su digno pasado?<br \/>\nFox y Calder\u00f3n, dejaron un legado de escarnio y de pena. Cada que hablan, es una palada de tierra en el sepulcro de la derecha.<br \/>\n3.- Su err\u00e1tica pol\u00edtica de alianzas. Ir a la par con el PRI en diversas aventuras electorales, le afect\u00f3 negativamente, en lugar de potenciar su presencia: lo arrastr\u00f3 hasta el fondo con el lastre de su recurrente conducta de deslealtades, con diversos grupos sociales. El PRI contamin\u00f3 al PAN; en tanto que el PAN, hizo lo mismo con el PRI.<br \/>\nNo basta con instrumentar una coalici\u00f3n, es apremiante -en esta coyuntura- deslindarse de la ideolog\u00eda neoliberal que caracteriza a ambos partidos, que los hizo aparecer en contra de los derechos del pueblo.<br \/>\nSi siguen pensando que los salarios son factor de inflaci\u00f3n, est\u00e1n jodidos.<br \/>\nSi insisten en que los apoyos del estado a los m\u00e1s d\u00e9biles es tirar el dinero a la basura, est\u00e1n acabados.<br \/>\nSi insisten en defender a los grandes deudores fiscales -m\u00e1s de 70 mil millones de pesos de Salinas Pliego y 300 mil millones de Samsung-, seguir\u00e1n cosechando la magra cantidad de votos que en el 2018 y el 2024.<br \/>\nRelanzamiento le llaman: a dise\u00f1ar un logo, m\u00e1s propio para un refrigerador, que para un partido aspirante a gobernar.<\/p>\n<\/div>\n","protected":false},"excerpt":{"rendered":"<p>La Comuna &nbsp; Jos\u00e9 \u00c1ngel Solorio Mart\u00ednez \u00bfRelanzamiento del PAN? S\u00ed: volver a lanzar al partido, es m\u00e1s sencillo que refundarlo. Refundarlo, requiere un an\u00e1lisis profundo, una reflexi\u00f3n sesuda; relanzarlo, es una tarea mec\u00e1nica distante del trabajo intelectual que demanda darle fuelle pol\u00edtico e ideol\u00f3gico a una organizaci\u00f3n. Ese es el nivel de los cuadros [&hellip;]<\/p>\n","protected":false},"author":1,"featured_media":212173,"comment_status":"closed","ping_status":"closed","sticky":false,"template":"","format":"standard","meta":{"footnotes":""},"categories":[16],"tags":[],"class_list":["post-213269","post","type-post","status-publish","format-standard","has-post-thumbnail","hentry","category-opinion"],"_links":{"self":[{"href":"https:\/\/www.elsinodaldetamaulipas.com.mx\/index.php?rest_route=\/wp\/v2\/posts\/213269","targetHints":{"allow":["GET"]}}],"collection":[{"href":"https:\/\/www.elsinodaldetamaulipas.com.mx\/index.php?rest_route=\/wp\/v2\/posts"}],"about":[{"href":"https:\/\/www.elsinodaldetamaulipas.com.mx\/index.php?rest_route=\/wp\/v2\/types\/post"}],"author":[{"embeddable":true,"href":"https:\/\/www.elsinodaldetamaulipas.com.mx\/index.php?rest_route=\/wp\/v2\/users\/1"}],"replies":[{"embeddable":true,"href":"https:\/\/www.elsinodaldetamaulipas.com.mx\/index.php?rest_route=%2Fwp%2Fv2%2Fcomments&post=213269"}],"version-history":[{"count":1,"href":"https:\/\/www.elsinodaldetamaulipas.com.mx\/index.php?rest_route=\/wp\/v2\/posts\/213269\/revisions"}],"predecessor-version":[{"id":213270,"href":"https:\/\/www.elsinodaldetamaulipas.com.mx\/index.php?rest_route=\/wp\/v2\/posts\/213269\/revisions\/213270"}],"wp:featuredmedia":[{"embeddable":true,"href":"https:\/\/www.elsinodaldetamaulipas.com.mx\/index.php?rest_route=\/wp\/v2\/media\/212173"}],"wp:attachment":[{"href":"https:\/\/www.elsinodaldetamaulipas.com.mx\/index.php?rest_route=%2Fwp%2Fv2%2Fmedia&parent=213269"}],"wp:term":[{"taxonomy":"category","embeddable":true,"href":"https:\/\/www.elsinodaldetamaulipas.com.mx\/index.php?rest_route=%2Fwp%2Fv2%2Fcategories&post=213269"},{"taxonomy":"post_tag","embeddable":true,"href":"https:\/\/www.elsinodaldetamaulipas.com.mx\/index.php?rest_route=%2Fwp%2Fv2%2Ftags&post=213269"}],"curies":[{"name":"wp","href":"https:\/\/api.w.org\/{rel}","templated":true}]}}