{"id":213271,"date":"2025-10-19T22:38:09","date_gmt":"2025-10-20T02:38:09","guid":{"rendered":"https:\/\/www.elsinodaldetamaulipas.com.mx\/?p=213271"},"modified":"2025-10-19T22:38:09","modified_gmt":"2025-10-20T02:38:09","slug":"homenaje-a-los-tecolotes","status":"publish","type":"post","link":"https:\/\/www.elsinodaldetamaulipas.com.mx\/?p=213271","title":{"rendered":"HOMENAJE A LOS TECOLOTES"},"content":{"rendered":"<div class=\"post-content\">\n<p>C R O N I C A S\u00a0\u00a0\u00a0 P O L I T I C A S<\/p>\n<p>&nbsp;<\/p>\n<p><strong>Por Alberto Guerra Salazar<\/strong><\/p>\n<p><strong>CIUDAD VICTORIA, (ASI).\u2014 Las tempranas lluvias intermitentes en algunas ciudades de Tamaulipas est\u00e1n agravando el cr\u00f3nico problema de los baches en calles y avenidas, sin que las autoridades municipales pongan suficiente inter\u00e9s en arreglarlas.<\/strong><\/p>\n<p><strong>Esto incluye a Ciudad Victoria, pues aun siendo la capital del Estado y teniendo el gobierno municipal alg\u00fan apoyo econ\u00f3mico para atender sus necesidades urban\u00edsticas, presenta un deterioro muy marcado.<\/strong><\/p>\n<p><strong>En tiempo de lluvias la cosa se pone peor pues los automovilistas caen con sus veh\u00edculos en los baches que se vuelven invisibles por estar tapados por el agua. El gobierno del Estado, donde algunas veces rebotan las deficiencias y carencias del gobierno municipal, no hace caso del clamor ciudadano.<\/strong><\/p>\n<p><strong>Recordamos alguna ocasi\u00f3n en que nuestro veh\u00edculo cay\u00f3 en una \u201cnoria\u201d, llamada as\u00ed por la dimensi\u00f3n y profundidad del bache, rompiendo la llanta, el rin y hasta la r\u00f3tula, siendo presidente municipal Cabeza de Vaca.<\/strong><\/p>\n<p><strong>Los amigos nos recomendaron entonces entablar un pleito legal contra el gobierno municipal para reclamar la reparaci\u00f3n del da\u00f1o, pero conociendo la tozudez del presidente municipal panista optamos por hacer de tripas coraz\u00f3n, desembolsar los casi 15 mil pesos que cost\u00f3 el percance y darle vueltas al asunto.<\/strong><\/p>\n<p><strong>En Nuevo Laredo, las autoridades de la Secretar\u00eda de Salud en coordinaci\u00f3n con el gobierno municipal, invitan a las mujeres a revisarse cl\u00ednicamente para una detecci\u00f3n oportuna de c\u00e1ncer de mama y c\u00e9rvico-uterino.<\/strong><\/p>\n<p><strong>Se han realizado a la fecha 400 auto-exploraciones, con 19 casos positivos de mama que ya se est\u00e1n atendiendo.<\/strong><\/p>\n<p><strong>Sobre el mismo tema, en Ciudad Victoria dieron el banderazo de salida a la cuarta edici\u00f3n de la Caminata Estatal contra el C\u00e1ncer d Mama \u201cSi tu est\u00e1s bien, todo est\u00e1 mejor\u201d, a cargo del Secretario de Salud, Vicente Joel Hern\u00e1ndez Navarro.<\/strong><\/p>\n<p><strong>El titular de Salud llev\u00f3 a cabo la carrera de concientizaci\u00f3n y sensibilizaci\u00f3n de este padecimiento, as\u00ed como incrementar la responsabilidad de mujeres y hombres y poblaci\u00f3n en general en la prevenci\u00f3n y detecci\u00f3n temprana del c\u00e1ncer de mama.<\/strong><\/p>\n<p><strong>Ello ocurri\u00f3 como parte de las actividades para conmemorar el D\u00eda Internacional de Lucha contra el C\u00e1ncer de Mama, acompa\u00f1ado Vicente Joel por su se\u00f1ora esposa Yolanda Rivera de Hern\u00e1ndez, por la lideresa estatal de la burocracia Blanca Valles Rodr\u00edguez y de la presidenta del Supremo Tribunal de Justicia, Tania Contreras L\u00f3pez.<\/strong><\/p>\n<p><strong>El Secretario de Salud pidi\u00f3 realizar actividad f\u00edsica como caminar, ya que es una manera para prevenir enfermedades y tiene un gran impacto en la diminuci\u00f3n de este tipo de padecimientos.<\/strong><\/p>\n<p><strong>Tambi\u00e9n exhort\u00f3 a que conozcan y se realicen los estudios de tamizaje correspondientes a su grupo de edad y lo de detecci\u00f3n oportuna acorde a su sintomatolog\u00eda cl\u00ednica espec\u00edfica, y no olvidar que el c\u00e1ncer de mama es curable si se detecta a tiempo.<\/strong><\/p>\n<p><strong>En tanto que con un \u201cZumbat\u00f3n Rosa\u201d en Ciudad Victoria y un m\u00f3dulo informativo en la Brigada Rosa \u201cSoy Poderosa\u201d en Matamoros, personal de la Guardia Estatal de G\u00e9nero particip\u00f3 en actividades conmemorativas de la Lucha contra el C\u00e1ncer de Mama.<\/strong><\/p>\n<p><strong>M\u00e1s de 500 personas recibieron informaci\u00f3n respecto a las funciones que realiza la Delegaci\u00f3n Estatal y Operativa de Atenci\u00f3n a la Violencia Familiar y de g\u00e9nero, en un espacio que promovi\u00f3 servicios p\u00fablicos de salud y seguridad para las mujeres.<\/strong><\/p>\n<p><strong>Adem\u00e1s de promover la actividad f\u00edsica como parte de los h\u00e1bitos de prevenci\u00f3n, se recaudaron tapa-roscas de pl\u00e1stico para apoyar a pacientes que requieren quimioterapias y se reforz\u00f3 la cercan\u00eda con la poblaci\u00f3n.<\/strong><\/p>\n<p><strong>El gobierno de Nuevo Laredo, a cargo de Carmen Lilia Cant\u00farosas Villarreal, encabez\u00f3 un homenaje a los ex jugadores de beisbol los Tecolotes de los Dos Laredos, campeones de las hist\u00f3ricas temporadas de 1977 y 1980, reconociendo su legado en la historia deportiva y cultural de la frontera.<\/strong><\/p>\n<p><strong>Se present\u00f3 el documental \u201cLos Tecolotes: Historia de Campeonato\u201d, una producci\u00f3n que invita a revivir los momentos m\u00e1s gloriosos del equipo y a rendir tributo a quienes, con su talento, esfuerzo y coraz\u00f3n, pusieron en alto el nombre de Nuevo Laredo y de toda la regi\u00f3n.<\/strong><\/p>\n<p><strong>Este trabajo audiovisual se convirti\u00f3 en una mirada entra\u00f1able al pasado, recordando que los Tecolotes no solo representan triunfos en el diamante, sino una parte esencial de la identidad y el orgullo de la ciudad.<\/strong><\/p>\n<p><strong>Como parte del homenaje, se entregaron reconocimientos a los jugadores campeones de 1977, Jes\u00fas \u201cCoco\u201d Sol\u00eds, Roberto Rodr\u00edguez, Ignacio Ojeda, Ricardo Guerra, Bulmaro Garc\u00eda, Humberto Ledezma, Jos\u00e9 Flores, V\u00edctor Garc\u00eda y Cuauht\u00e9moc \u201cChito\u201d Rodr\u00edguez.<\/strong><\/p>\n<p><strong>Correo electr\u00f3nico: albertoguerra65<u>@<\/u><a href=\"http:\/\/hotmail.com\/\" target=\"_blank\" rel=\"noreferrer noopener\">hotmail.com<\/a><\/strong><\/p>\n<\/div>\n","protected":false},"excerpt":{"rendered":"<p>C R O N I C A S\u00a0\u00a0\u00a0 P O L I T I C A S &nbsp; Por Alberto Guerra Salazar CIUDAD VICTORIA, (ASI).\u2014 Las tempranas lluvias intermitentes en algunas ciudades de Tamaulipas est\u00e1n agravando el cr\u00f3nico problema de los baches en calles y avenidas, sin que las autoridades municipales pongan suficiente inter\u00e9s en [&hellip;]<\/p>\n","protected":false},"author":1,"featured_media":212051,"comment_status":"closed","ping_status":"closed","sticky":false,"template":"","format":"standard","meta":{"footnotes":""},"categories":[16],"tags":[],"class_list":["post-213271","post","type-post","status-publish","format-standard","has-post-thumbnail","hentry","category-opinion"],"_links":{"self":[{"href":"https:\/\/www.elsinodaldetamaulipas.com.mx\/index.php?rest_route=\/wp\/v2\/posts\/213271","targetHints":{"allow":["GET"]}}],"collection":[{"href":"https:\/\/www.elsinodaldetamaulipas.com.mx\/index.php?rest_route=\/wp\/v2\/posts"}],"about":[{"href":"https:\/\/www.elsinodaldetamaulipas.com.mx\/index.php?rest_route=\/wp\/v2\/types\/post"}],"author":[{"embeddable":true,"href":"https:\/\/www.elsinodaldetamaulipas.com.mx\/index.php?rest_route=\/wp\/v2\/users\/1"}],"replies":[{"embeddable":true,"href":"https:\/\/www.elsinodaldetamaulipas.com.mx\/index.php?rest_route=%2Fwp%2Fv2%2Fcomments&post=213271"}],"version-history":[{"count":1,"href":"https:\/\/www.elsinodaldetamaulipas.com.mx\/index.php?rest_route=\/wp\/v2\/posts\/213271\/revisions"}],"predecessor-version":[{"id":213272,"href":"https:\/\/www.elsinodaldetamaulipas.com.mx\/index.php?rest_route=\/wp\/v2\/posts\/213271\/revisions\/213272"}],"wp:featuredmedia":[{"embeddable":true,"href":"https:\/\/www.elsinodaldetamaulipas.com.mx\/index.php?rest_route=\/wp\/v2\/media\/212051"}],"wp:attachment":[{"href":"https:\/\/www.elsinodaldetamaulipas.com.mx\/index.php?rest_route=%2Fwp%2Fv2%2Fmedia&parent=213271"}],"wp:term":[{"taxonomy":"category","embeddable":true,"href":"https:\/\/www.elsinodaldetamaulipas.com.mx\/index.php?rest_route=%2Fwp%2Fv2%2Fcategories&post=213271"},{"taxonomy":"post_tag","embeddable":true,"href":"https:\/\/www.elsinodaldetamaulipas.com.mx\/index.php?rest_route=%2Fwp%2Fv2%2Ftags&post=213271"}],"curies":[{"name":"wp","href":"https:\/\/api.w.org\/{rel}","templated":true}]}}