{"id":213273,"date":"2025-10-19T22:40:33","date_gmt":"2025-10-20T02:40:33","guid":{"rendered":"https:\/\/www.elsinodaldetamaulipas.com.mx\/?p=213273"},"modified":"2025-10-19T22:40:33","modified_gmt":"2025-10-20T02:40:33","slug":"la-%c2%a8amenaza%c2%a8-de-hugo-resendez","status":"publish","type":"post","link":"https:\/\/www.elsinodaldetamaulipas.com.mx\/?p=213273","title":{"rendered":"LA \u00a8AMENAZA\u00a8 DE HUGO RES\u00c9NDEZ"},"content":{"rendered":"<p><strong><em>Advirti\u00f3 \u201cs\u00ed\u201d y no se raja<\/em><\/strong><\/p>\n<p><strong><em>que estar\u00e1 en la boleta;<\/em><\/strong><\/p>\n<p><strong><em>pa\u2019l 2027 marc\u00f3 meta<\/em><\/strong><\/p>\n<p><strong><em>para ello Hugo trabaja\u2026<\/em><\/strong><\/p>\n<p><strong><em>\u00a0<\/em><\/strong><\/p>\n<p><strong><em>Tiene tablas, nadie duda,<\/em><\/strong><\/p>\n<p><strong><em>forjado en adversidades;<\/em><\/strong><\/p>\n<p><strong><em>presenta sus cualidades<\/em><\/strong><\/p>\n<p><strong><em>con una visi\u00f3n aguda\u2026<\/em><\/strong><\/p>\n<p>&nbsp;<\/p>\n<p><strong>++CLAUDIA Y AM\u00c9RICO, SON LA DUPLA PERFECTA\u2026<\/strong> Una vez m\u00e1s el Gobierno federal de <strong>CLAUDIA SHEINBAUM PARDO<\/strong> y el estatal de <strong>AM\u00c9RICO VILLARREAL ANAYA<\/strong>, se convirtieron en la dupla perfecta en contra del desastre.<\/p>\n<p>La anticipaci\u00f3n y coordinaci\u00f3n de ambos mandatarios fue clave para prevenir y mantener informada a la poblaci\u00f3n de la zona sur de Tamaulipas, ante los da\u00f1os que podr\u00eda provocar la creciente del r\u00edo P\u00e1nuco.<\/p>\n<p>Ni do\u00f1a <strong>CLAUDIA<\/strong> ni <strong>AM\u00c9RICO<\/strong> son improvisados, ni tampoco andan de ocurrentes. Ambos mandatarios \u2014federal y estatal\u2014, saben cumplir bien con sus responsabilidades, estar cerca de la gente y con visi\u00f3n de estadista, anticiparse a lo que la ciudadan\u00eda necesita.<\/p>\n<p>Por ello, de forma temprana y oportuna, como deben atenderse las probables emergencias, <strong>AM\u00c9RICO VILLARREAL ANAYA<\/strong> instal\u00f3 el martes pasado, una Mesa de Coordinaci\u00f3n en Tampico, enviando a su Secretario de Recursos Hidr\u00e1ulicos y al Coordinador Estatal de Protecci\u00f3n Civil para que, junto con la Comisi\u00f3n Nacional del Agua, monitorearan el nivel del cauce del R\u00edo P\u00e1nuco.<\/p>\n<p>La acci\u00f3n no ten\u00eda un acto protagonista, ni tampoco fue un montaje para la foto. El objetivo fue mantener informada y preparada a la poblaci\u00f3n, ante cualquier contingencia y eso se logr\u00f3.<\/p>\n<p>Destacable, adem\u00e1s, que, con el apoyo de la Secretar\u00eda de la Defensa Nacional (Sedena), de la Secretar\u00eda de Marina Armada de M\u00e9xico (Semar) y la Guardia Nacional, se instalaron los albergues para resguardar y brindar auxilio a las y los habitantes de las zonas bajas y cercanas a la ribera y las lagunas.<\/p>\n<p>Pero <strong>AM\u00c9RICO<\/strong> fue m\u00e1s all\u00e1, pues desde el viernes sobrevol\u00f3 de forma personal el r\u00edo P\u00e1nuco, para visualizar directamente los niveles de agua que estaba alcanzando el afluente y \u2014el s\u00e1bado\u2014 la presidenta <strong>CLAUDIA SHEINBAUM PARDO<\/strong> estuvo en Tampico, con el prop\u00f3sito de conocer el parte y manifestar el respaldo de su Gobierno a las autoridades y habitantes de esta zona.<\/p>\n<p>La presidenta <strong>SHEINBAUM<\/strong> recibi\u00f3 por parte del gobernador <strong>AM\u00c9RICO<\/strong> una informaci\u00f3n detallada en donde se demostr\u00f3 que la coordinaci\u00f3n oportuna y el trabajo preventivo logr\u00f3 el objetivo de disminuir riesgos y salvar vidas.<\/p>\n<p>La propia presidenta <strong>SHEINBAUM PARDO<\/strong> pidi\u00f3 que no se bajara la guardia para evitar que un repentino cambio en el nivel del agua del r\u00edo P\u00e1nuco, que est\u00e1 en descenso, sorprenda a las autoridades y afecte a la poblaci\u00f3n; indicaci\u00f3n que se atiende por parte del Gobierno de <strong>AM\u00c9RICO VILLARREAL<\/strong>.<\/p>\n<p>La poblaci\u00f3n del sur de Tamaulipas, al ver trabajar de la mano a los gobiernos, federal y estatal, se vio protegida, respaldada y viendo que do\u00f1a <strong>CLAUDIA<\/strong> y <strong>AM\u00c9RICO<\/strong> est\u00e1n chambeando para ellos hasta en fin de semana.<\/p>\n<p>Fue el s\u00e1bado en que do\u00f1a <strong>CLAUDIA<\/strong> y <strong>AM\u00c9RICO<\/strong> demostraron por qu\u00e9 son considerados la dupla perfecta, al anticiparse a cualquier adversidad y tener las antenitas encendidas para procurar el bienestar a la poblaci\u00f3n\u2026 \u00a1<strong><em>Enhorabuena<\/em><\/strong>!<\/p>\n<p><strong>++LO SIGUIENTE, NADA QUE VER CON LO ANTERIOR\u2026<\/strong> S\u00f3lo una persona que se siente capaz y segura de s\u00ed misma se atrever\u00eda a deslizar que estar\u00e1 \u201cs\u00ed o s\u00ed\u201d en la boleta electoral del pr\u00f3ximo 2027.<\/p>\n<p>De octubre del 2025 a marzo del 2027 pueden pasar muchas cosas. En ese tiempo las calabazas suelen acomodarse con el andar de la carreta y ubicar a cada uno en su lugar.<\/p>\n<p>Perm\u00edtame repetir. S\u00f3lo aqu\u00e9l que sabe lo que carga en el morral, que se siente con tablas, con estructura y con talacha pol\u00edtica, se atreve a lanzar semejante \u201camenaza\u201d de: \u201cs\u00ed o s\u00ed estar\u00e9 en la boleta electoral\u201d.<\/p>\n<p><strong>HUGO ARAEL RES\u00c9NDEZ SILVA<\/strong> lo dijo as\u00ed en la semana que reci\u00e9n concluy\u00f3. Afirm\u00f3 que estar\u00e1 en la boleta electoral del 2027 y l\u00f3gicamente que su referencia apuntaba hacia la Alcald\u00eda de Ciudad Victoria\u2026 No fue un mensaje entrel\u00edneas, pues la flecha iba derecha\u2026 \u00a1<strong><em>Ufff, dir\u00eda Ge\u00f1o<\/em><\/strong>!<\/p>\n<p>Casado con <strong>MARTHA CECILIA GOJ\u00d3N B\u00c1EZ<\/strong>, con quien procre\u00f3 a <strong>HUGO ANDR\u00c9S<\/strong> y <strong>ANIA<\/strong>, de 18 y 17 a\u00f1os respectivamente; <strong>HUGO<\/strong> es secretario del Ayuntamiento de Victoria y uno de los personajes m\u00e1s rentables del alcalde <strong>EDUARDO GATT\u00c1S B\u00c1EZ<\/strong>.<\/p>\n<p>Los victorenses no olvidan que <strong>HUGO<\/strong> fue un personaje que nunca se \u201cdobl\u00f3\u201d ni cuando le estaban \u201cquemando los pies\u201d o cuando tuvo muchas \u201cnoches tristes\u201d alejado del nido por ser un perseguido pol\u00edtico de aquel nefasto sexenio de las \u201cflatulencias del cambio\u201d.<\/p>\n<p>Hijo del exalcalde <strong>TITO RES\u00c9NDEZ TREVI\u00d1O<\/strong>, de grata memoria para los capitalinos, y forjado a mano en el yunque de las adversidades y las persecuciones pol\u00edtica, <strong>HUGO ARAEL<\/strong> conf\u00eda en su capacidad y en que su partido \u2014Morena\u2014 les apueste a perfiles probados en la cosa p\u00fablica.<\/p>\n<p>Abogado de profesi\u00f3n, empresario y con medio siglo de vida, <strong>HUGO<\/strong> ha sabido llevar a buen puerto la pol\u00edtica dom\u00e9stica del Ayuntamiento. Su capacidad de di\u00e1logo institucional, su contacto directo con la poblaci\u00f3n, su don de gente y su amplio conocimiento del panorama pol\u00edtico victorense, poseedor tambi\u00e9n de importantes relaciones, el secretario del Ayuntamiento es un \u201cpeso pesado\u201d dentro y fuera de las filas del Movimiento de Regeneraci\u00f3n Nacional (Morena); perfilado para responsabilidades de mayor envergadura.<\/p>\n<p>Encuestas serias lo colocan como favorito para ocupar la m\u00e1xima candidatura local de Victoria y sus probables adversarios pol\u00edticos no le regatean su capacidad y sus relaciones, porque <strong>HUGO<\/strong> ha demostrado, s\u00f3lo con trabajo, lo que realmente vale\u2026 \u00a1<strong><em>Uffff<\/em><\/strong>!<\/p>\n<p><strong>RES\u00c9NDEZ SILVA <\/strong>no sabe lo que son las clases sociales, pues su mano amiga se extiende para todos; como tampoco sabe de color de piel, credo o preferencias pol\u00edticas, porque el respeto lo profesa al pr\u00f3jimo por igual.<\/p>\n<p>Ojal\u00e1 que dentro de Morena sepan apreciar los garbanzos de a libra y apostarle a la experiencia, a las tablas pol\u00edticas y, sobre todo a cosas muy importantes que <strong>HUGO<\/strong> ha demostrado: (1) lealtad y (2) disciplina hacia su partido.<\/p>\n<p>No se puede olvidar y ser\u00eda muy injusto pasar por alto, que en el 2024 <strong>HUGO<\/strong> se qued\u00f3 en la \u201crayita\u201d; pero mientras otros pataleaban, se emberrinchaban o daban gritos y sombrerazos, el secretario del Ayuntamiento se acomod\u00f3 bien la playera guinda, guard\u00f3 silencio e hizo talacha para la causa, sin resquemores ni medidas, demostrando su madurez pol\u00edtica y compromiso con la Cuarta Transformaci\u00f3n.<\/p>\n<p>Hoy que Morena requiere de perfiles con capacidad pensante, con oratoria que pegue con tubo y con una narrativa que llegue a todos, <strong>HUGO RES\u00c9NDEZ SILVA<\/strong> es un cuadro que no puede desaprovecharse, porque ser\u00eda un error que la Oposici\u00f3n podr\u00eda capitalizar para zancadillear a Morena\u2026 \u00a1<strong><em>Ostias t\u00edo de la Virgen santa<\/em><\/strong>!<\/p>\n<p>En otro orden de ideas, en el marco de su visita al Campus Tampico de la Universidad Aut\u00f3noma de Tamaulipas (UAT), el gobernador <strong>AM\u00c9RICO VILLARREAL ANAYA<\/strong>, acompa\u00f1ado del rector <strong>D\u00c1MASO ANAYA ALVARADO<\/strong>, hizo un recorrido en donde supervis\u00f3 el desarrollo de proyectos de infraestructura que fortalecen el crecimiento acad\u00e9mico de la casa de estudios.<\/p>\n<p>Para iniciar las actividades, el gobernador y el rector encabezaron el corte de list\u00f3n de la muestra de los avances y equipamiento de las facultades de este campus, que representan un esfuerzo institucional para garantizar espacios dignos, funcionales y modernos que contribuyen a la formaci\u00f3n integral de los estudiantes.<\/p>\n<p>Adem\u00e1s, en Ciudad Victoria, el gobernador <strong>VILLARREAL ANAYA <\/strong>visit\u00f3 la Facultad de Medicina Veterinaria y Zootecnia, d\u00f3nde constat\u00f3 los avances en materia de equipamiento del Rastro Tipo Inspecci\u00f3n Federal (TIF) con que cuenta est\u00e1 casa de estudios.<\/p>\n<p>Acompa\u00f1ando del rector <strong>D\u00c1MASO ANAYA ALVARADO<\/strong>, el Mandatario tamaulipeco hizo un recorrido por las instalaciones del Rastro de la FMVZ que ha sido equipado con una moderna sala de cortes y la c\u00e1mara de empaques, as\u00ed como las adecuaciones al and\u00e9n.<\/p>\n<p>En este marco, <strong>AM\u00c9RICO VILLARREAL<\/strong> reiter\u00f3 su respaldo a la Universidad y asever\u00f3 que, en colaboraci\u00f3n con la Administraci\u00f3n Estatal, se podr\u00e1n generar m\u00e1s acciones para el beneficio de las comunidades.<\/p>\n<p>Por su parte el rector <strong>D\u00c1MASO ANAYA<\/strong>, agradeci\u00f3 al gobernador <strong>AM\u00c9RICO VILLARREAL<\/strong>, por el apoyo para equipar el Rastro de la FMVZ, que es uno de los m\u00e1s importantes de su tipo en el estado.<\/p>\n<p>Dijo que gracias al apoyo del Gobierno de Tamaulipas, se logr\u00f3 modernizar la infraestructura con el fin de ofrecer un mejor servicio a los productores de la regi\u00f3n que requieren de estos servicios.<\/p>\n<p><strong>GRACIAS\u2026<\/strong> Nos leemos hasta ma\u00f1ana<\/p>\n<p><strong>COMENTARIOS<\/strong>: <a href=\"mailto:letrasprohibidas2011@hotmail.com\">letrasprohibidas2011@hotmail.com<\/a><\/p>\n","protected":false},"excerpt":{"rendered":"<p>Advirti\u00f3 \u201cs\u00ed\u201d y no se raja que estar\u00e1 en la boleta; pa\u2019l 2027 marc\u00f3 meta para ello Hugo trabaja\u2026 \u00a0 Tiene tablas, nadie duda, forjado en adversidades; presenta sus cualidades con una visi\u00f3n aguda\u2026 &nbsp; ++CLAUDIA Y AM\u00c9RICO, SON LA DUPLA PERFECTA\u2026 Una vez m\u00e1s el Gobierno federal de CLAUDIA SHEINBAUM PARDO y el estatal [&hellip;]<\/p>\n","protected":false},"author":1,"featured_media":212034,"comment_status":"closed","ping_status":"closed","sticky":false,"template":"","format":"standard","meta":{"footnotes":""},"categories":[16],"tags":[],"class_list":["post-213273","post","type-post","status-publish","format-standard","has-post-thumbnail","hentry","category-opinion"],"_links":{"self":[{"href":"https:\/\/www.elsinodaldetamaulipas.com.mx\/index.php?rest_route=\/wp\/v2\/posts\/213273","targetHints":{"allow":["GET"]}}],"collection":[{"href":"https:\/\/www.elsinodaldetamaulipas.com.mx\/index.php?rest_route=\/wp\/v2\/posts"}],"about":[{"href":"https:\/\/www.elsinodaldetamaulipas.com.mx\/index.php?rest_route=\/wp\/v2\/types\/post"}],"author":[{"embeddable":true,"href":"https:\/\/www.elsinodaldetamaulipas.com.mx\/index.php?rest_route=\/wp\/v2\/users\/1"}],"replies":[{"embeddable":true,"href":"https:\/\/www.elsinodaldetamaulipas.com.mx\/index.php?rest_route=%2Fwp%2Fv2%2Fcomments&post=213273"}],"version-history":[{"count":1,"href":"https:\/\/www.elsinodaldetamaulipas.com.mx\/index.php?rest_route=\/wp\/v2\/posts\/213273\/revisions"}],"predecessor-version":[{"id":213274,"href":"https:\/\/www.elsinodaldetamaulipas.com.mx\/index.php?rest_route=\/wp\/v2\/posts\/213273\/revisions\/213274"}],"wp:featuredmedia":[{"embeddable":true,"href":"https:\/\/www.elsinodaldetamaulipas.com.mx\/index.php?rest_route=\/wp\/v2\/media\/212034"}],"wp:attachment":[{"href":"https:\/\/www.elsinodaldetamaulipas.com.mx\/index.php?rest_route=%2Fwp%2Fv2%2Fmedia&parent=213273"}],"wp:term":[{"taxonomy":"category","embeddable":true,"href":"https:\/\/www.elsinodaldetamaulipas.com.mx\/index.php?rest_route=%2Fwp%2Fv2%2Fcategories&post=213273"},{"taxonomy":"post_tag","embeddable":true,"href":"https:\/\/www.elsinodaldetamaulipas.com.mx\/index.php?rest_route=%2Fwp%2Fv2%2Ftags&post=213273"}],"curies":[{"name":"wp","href":"https:\/\/api.w.org\/{rel}","templated":true}]}}