{"id":213275,"date":"2025-10-19T22:43:22","date_gmt":"2025-10-20T02:43:22","guid":{"rendered":"https:\/\/www.elsinodaldetamaulipas.com.mx\/?p=213275"},"modified":"2025-10-19T22:43:22","modified_gmt":"2025-10-20T02:43:22","slug":"%c2%a8una-pelicula-muchas-veces-vista-%c2%a8","status":"publish","type":"post","link":"https:\/\/www.elsinodaldetamaulipas.com.mx\/?p=213275","title":{"rendered":"\u00a8UNA PEL\u00cdCULA MUCHAS VECES VISTA&#8230;\u00a8"},"content":{"rendered":"<div class=\"post-content\">\n<p>Lo ocurrido en Veracruz con las inundaciones, de las que todav\u00eda no se sabe ni el n\u00famero de v\u00edctimas ni el monto de los da\u00f1os, es una historia repetida mil veces en este M\u00e9xico lindo y querido, parece que los gobiernos no aprendieran, peor a\u00fan, que han preferido gastarse la lana de sus pueblos en tonter\u00edas o rob\u00e1rsela antes que aplicarse en las necesidades de quienes los eligieron y a quienes les hab\u00edan prometido cambiar.<\/p>\n<p>Y es que pocos aprenden en cabeza ajena, peor a\u00fan, invariablemente el comportamiento de las administraciones ha sido que pasadas las lluvias nadie ve necesidad de prevenir para las que siguen, pareciera como si esa fuera a ser la \u00faltima vez que vieran caer agua del cielo.<\/p>\n<p>Digo, no me va a usted a decir que Veracruz es el primer Estado de la Rep\u00fablica que sufre por inundaciones, o que ser\u00e1 el \u00faltimo, peor a\u00fan, los veracruzanos afirman que no es la primera vez que tiene desgracias por las precipitaciones intensas, por el mismo problema y, lo m\u00e1s triste, es que saben que es alta la probabilidad de que no sea la \u00faltima ocasi\u00f3n que las padecen.<\/p>\n<p>Pero, le reitero, no es lo peor que nos sucede, lo lamentable de verdad es que los avances en la ciencia y la tecnolog\u00eda nos hacen tener los pron\u00f3sticos sobre las precipitaciones hasta 10 d\u00edas antes de su registro y a\u00fan seguimos contando historias de muerte, desaparecidos, da\u00f1os irreversibles en la econom\u00eda de los m\u00e1s necesitados.<\/p>\n<p>Cada lluvia deja una ense\u00f1anza, siempre la principal es que a muchos alcaldes hay que apurarlos o preguntarles que les duele en sus municipios antes de que sea tarde, antes de que se presenten problemas, la segunda ser\u00eda aprender en cabeza ajena y no a todos se les da, y aqu\u00ed le habl\u00f3 desde la presidencia de la rep\u00fablica, pasando por los gobernadores, alcaldes y terminando con la gente del pueblo, contados son las y los que analizan las cosas con tiempo y se atreven a prever, a tapar los pozos antes de que se ahogue el ni\u00f1o.<\/p>\n<p>En ese sentido hay que reconocer, y hasta celebrar, que el gobierno estatal de Tamaulipas aprende las lecciones, el gobernador Am\u00e9rico Villarreal desde una semana antes orden\u00f3 monitorear la crecida de r\u00edos en el sur del Estado, el s\u00e1bado visit\u00f3 la presidenta Claudia Sheinbaum Tampico y la regi\u00f3n y comprob\u00f3 que se hicieron las cosas bien, que los riesgos van disminuyendo y no hubo mucho que lamentar.<\/p>\n<p>Y desde antes se han hecho trabajos de prevenci\u00f3n, de hecho, el gobernador se ha reunido con miembros de protecci\u00f3n civil de los 43 municipios para recalcarles las medidas a tomar desde que inici\u00f3 la temporada de lluvias para esta regi\u00f3n.<\/p>\n<p>Am\u00e9rico les ha insistido en coordinarse con el Estado, en estar comunicados y comunicando a la poblaci\u00f3n de manera eficiente porque \u201cla comunicaci\u00f3n y la unidad de esfuerzos es para que Tamaulipas enfrente las contingencias naturales minimizando da\u00f1os para la poblaci\u00f3n, porque informar es educar y educar es hacer m\u00e1s por los que menos tienen\u201d, esto en sus palabras textuales.<\/p>\n<p>Am\u00e9rico es un doctor, sabe perfectamente que sale m\u00e1s barato prevenir que lamentar, tambi\u00e9n conoce que los comit\u00e9s municipales de protecci\u00f3n civil son los primeros responsables de lo que ocurre, los que tienen que llevar informaci\u00f3n a las presidentas y los presidentes municipales de las necesidades, igual sabe que un llamado de esta naturaleza, desde su voz, tiene que mover a todas las administraciones municipales a trabajar en la prevenci\u00f3n que les toca, limpiar drenes, quitar basura de las calles, darle mantenimiento a la infraestructura hidr\u00e1ulica, entre muchas cosas.<\/p>\n<p>Esa debe ser la premisa, tener conciencia de que una poblaci\u00f3n bien informada y una coordinaci\u00f3n efectiva es la actuaci\u00f3n oportuna para salvar vidas.<\/p>\n<p>Para concluir, en Tamaulipas est\u00e1 claro que vale m\u00e1s vale prevenir que lamentar, y hoy, ante las evidencias de lo que ocurre en Tampico donde se tiene todo controlado y no ocurrieron desgracias como en otras partes de la rep\u00fablica, tambi\u00e9n qued\u00f3 claro que Am\u00e9rico aprendi\u00f3 en cabeza ajena, y eso se agradece porque finalmente los beneficiados somos los del pueblo\u2026<\/p>\n<p>CONSTATA GOBERNADOR TRANSFORMACI\u00d3N EN LA UAT\u2026 En el marco de su visita al Campus Tampico de la Universidad Aut\u00f3noma de Tamaulipas (UAT), el gobernador Am\u00e9rico Villarreal Anaya, acompa\u00f1ado del rector D\u00e1maso Anaya Alvarado, hizo un recorrido en donde supervis\u00f3 el desarrollo de proyectos de infraestructura que fortalecen el crecimiento acad\u00e9mico de la casa de estudios.<\/p>\n<p>Para iniciar las actividades, el gobernador y el rector encabezaron el corte de list\u00f3n de la muestra de los avances y equipamiento de las facultades de este campus, que representan un esfuerzo institucional para garantizar espacios dignos, funcionales y modernos que contribuyen a la formaci\u00f3n integral de los estudiantes.<\/p>\n<p>En este rubro, se destacaron los trabajos de mantenimiento y mejora de edificios, laboratorios, aulas, \u00e1reas deportivas y sistemas el\u00e9ctricos, que fortalecen las condiciones de ense\u00f1anza, investigaci\u00f3n y atenci\u00f3n a la comunidad universitaria.<\/p>\n<p>En su mensaje a las y los estudiantes, quienes le brindaron una entusiasta bienvenida, el gobernador expres\u00f3 su benepl\u00e1cito por compartir este encuentro con la comunidad de la UAT, subrayando que el objetivo central es brindar mejores condiciones para la ense\u00f1anza y el aprendizaje, especialmente en \u00e1reas que cuenten con el equipamiento necesario para desarrollar sus competencias.<\/p>\n<p>Por su parte, el rector de la UAT, D\u00e1maso Anaya Alvarado, agradeci\u00f3 la visita del mandatario estatal, destacando que la Universidad asume un papel protag\u00f3nico en el impulso de pol\u00edticas educativas que fomentan la innovaci\u00f3n, la vinculaci\u00f3n y la formaci\u00f3n de capital humano como pilares estrat\u00e9gicos de la educaci\u00f3n en Tamaulipas.<\/p>\n<p>En el recorrido, Am\u00e9rico Villarreal observ\u00f3 de primera mano los servicios que presta la Universidad en los consultorios de la Facultad de Medicina, adem\u00e1s de supervisar el proyecto de unidades quir\u00fargicas. Tambi\u00e9n estuvo en la Facultad de Odontolog\u00eda, donde constat\u00f3 la prestaci\u00f3n de servicios al p\u00fablico en las cl\u00ednicas dentales, la cl\u00ednica de odontopediatr\u00eda y el edificio de nuevos laboratorios, al igual que recorri\u00f3 el nuevo edificio que re\u00fane diversas \u00e1reas de la Facultad de Enfermer\u00eda.<\/p>\n<p>TRABAJAREMOS POR Y CON LA UAT, AM\u00c9RICO VILLARREAL\u2026 Al refrendar su respaldo a los programas y acciones que lleva a cabo la Universidad Aut\u00f3noma de Tamaulipas, los cuales contribuyen al desarrollo y bienestar de las y los tamaulipecos, el gobernador Am\u00e9rico Villarreal Anaya asegur\u00f3 que se continuar\u00e1 trabajando para mejorar las instalaciones del rastro de la Facultad de Medicina Veterinaria y Zootecnia de esta capital.<\/p>\n<p>Durante un recorrido, este domingo, en las instalaciones de la FMVZ, acompa\u00f1ado por el rector de la UAT, D\u00e1maso Anaya Alvarado, el gobernador constat\u00f3 el equipamiento y la mejora en las instalaciones del Rastro Tipo Inspecci\u00f3n Federal (TIF) del plantel universitario.<\/p>\n<p>El rastro ha sido equipado con una moderna sala de cortes y la c\u00e1mara de empaques, as\u00ed como adecuaciones al and\u00e9n, lo que ha permitido eficientar el trabajo y elevar la productividad.<\/p>\n<p>En el trayecto, el rector D\u00e1maso Anaya agradeci\u00f3 al gobernador Villarreal Anaya, por el apoyo para equipar el rastro de Veterinaria que es uno de los m\u00e1s importantes de su tipo en el estado.<\/p>\n<p>Destac\u00f3 que gracias al apoyo del Gobierno de Tamaulipas, se logr\u00f3 modernizar la infraestructura con el fin de ofrecer un mejor servicio a los productores de la regi\u00f3n que requieren de estos servicios.<\/p>\n<p>En su intervenci\u00f3n, el director de la FMVZ, Jos\u00e9 Octavio Merino Charrez, present\u00f3 un plan con diversas acciones que habr\u00e1n de implementarse, con la participaci\u00f3n de las y los ganaderos, as\u00ed como de productores de semillas y empresarios para fortalecer el sector agropecuario del centro de Tamaulipas.<\/p>\n<p>DISE\u00d1A MUNICIPIO DE VICTORIA RUTA BACHEO\u2026 Para que ciudadanos y conductores tomen previsi\u00f3n en sus rutas de traslado a centros laborales y educativos, el gobierno de Victoria informa que este lunes el Programa Emergente de Bacheo continuar\u00e1 en distintos sectores de la ciudad.<\/p>\n<p>Si las condiciones climatol\u00f3gicas lo permiten, los trabajos de rehabilitaci\u00f3n de pavimento se realizar\u00e1n en la calle Michoac\u00e1n, del Eje Vial L\u00e1zaro C\u00e1rdenas en direcci\u00f3n a la cl\u00ednica familiar del Instituto Mexicano del Seguro Social; en tanto que otra cuadrilla trabajar\u00e1 en calle Tenochtitlan, entre avenida del Valle y Teosuchil.<\/p>\n<p>Con apoyo de empresas afiliadas a la C\u00e1mara Mexicana de la Industria de la Construcci\u00f3n (CMIC) local, se restituir\u00e1 carpeta da\u00f1ada en la calle Berrioz\u00e1bal, entre avenida Jos\u00e9 Suleim\u00e1n Chagn\u00f3n y calle 8; as\u00ed como en la avenida Carlos Adri\u00e1n Avil\u00e9s, entre boulevard Praxedis Balboa y calle 5 de Febrero.<\/p>\n<p>El gobierno de Victoria, que preside el alcalde Lalo Gatt\u00e1s, reitera a la ciudadan\u00eda la disculpa y comprensi\u00f3n que los trabajos de bacheo programados puedan ocasionar este lunes y durante la semana que se estar\u00e1n llevando a cabo para recuperar el rostro vial a la Capital de Tamaulipas.<\/p>\n<p>Coloque en el buscador de facebok @CENADeNegros1 y le agradecer\u00e9 que me regale un Me Gusta, adem\u00e1s nos puede seguir en la cuenta de X @gatovaliente y, como siempre, le dejo el correo electr\u00f3nico a sus \u00f3rdenes para lo que guste y mande\u2026\u00a0<a href=\"mailto:marcovazquez20001@hotmail.com\" target=\"_blank\" rel=\"noreferrer noopener\">marcovazquez20001@hotmail.com<\/a><\/p>\n<\/div>\n","protected":false},"excerpt":{"rendered":"<p>Lo ocurrido en Veracruz con las inundaciones, de las que todav\u00eda no se sabe ni el n\u00famero de v\u00edctimas ni el monto de los da\u00f1os, es una historia repetida mil veces en este M\u00e9xico lindo y querido, parece que los gobiernos no aprendieran, peor a\u00fan, que han preferido gastarse la lana de sus pueblos en [&hellip;]<\/p>\n","protected":false},"author":1,"featured_media":212116,"comment_status":"closed","ping_status":"closed","sticky":false,"template":"","format":"standard","meta":{"footnotes":""},"categories":[16],"tags":[],"class_list":["post-213275","post","type-post","status-publish","format-standard","has-post-thumbnail","hentry","category-opinion"],"_links":{"self":[{"href":"https:\/\/www.elsinodaldetamaulipas.com.mx\/index.php?rest_route=\/wp\/v2\/posts\/213275","targetHints":{"allow":["GET"]}}],"collection":[{"href":"https:\/\/www.elsinodaldetamaulipas.com.mx\/index.php?rest_route=\/wp\/v2\/posts"}],"about":[{"href":"https:\/\/www.elsinodaldetamaulipas.com.mx\/index.php?rest_route=\/wp\/v2\/types\/post"}],"author":[{"embeddable":true,"href":"https:\/\/www.elsinodaldetamaulipas.com.mx\/index.php?rest_route=\/wp\/v2\/users\/1"}],"replies":[{"embeddable":true,"href":"https:\/\/www.elsinodaldetamaulipas.com.mx\/index.php?rest_route=%2Fwp%2Fv2%2Fcomments&post=213275"}],"version-history":[{"count":1,"href":"https:\/\/www.elsinodaldetamaulipas.com.mx\/index.php?rest_route=\/wp\/v2\/posts\/213275\/revisions"}],"predecessor-version":[{"id":213276,"href":"https:\/\/www.elsinodaldetamaulipas.com.mx\/index.php?rest_route=\/wp\/v2\/posts\/213275\/revisions\/213276"}],"wp:featuredmedia":[{"embeddable":true,"href":"https:\/\/www.elsinodaldetamaulipas.com.mx\/index.php?rest_route=\/wp\/v2\/media\/212116"}],"wp:attachment":[{"href":"https:\/\/www.elsinodaldetamaulipas.com.mx\/index.php?rest_route=%2Fwp%2Fv2%2Fmedia&parent=213275"}],"wp:term":[{"taxonomy":"category","embeddable":true,"href":"https:\/\/www.elsinodaldetamaulipas.com.mx\/index.php?rest_route=%2Fwp%2Fv2%2Fcategories&post=213275"},{"taxonomy":"post_tag","embeddable":true,"href":"https:\/\/www.elsinodaldetamaulipas.com.mx\/index.php?rest_route=%2Fwp%2Fv2%2Ftags&post=213275"}],"curies":[{"name":"wp","href":"https:\/\/api.w.org\/{rel}","templated":true}]}}