{"id":213279,"date":"2025-10-19T22:49:39","date_gmt":"2025-10-20T02:49:39","guid":{"rendered":"https:\/\/www.elsinodaldetamaulipas.com.mx\/?p=213279"},"modified":"2025-10-19T22:49:39","modified_gmt":"2025-10-20T02:49:39","slug":"el-dinamismo-de-americo","status":"publish","type":"post","link":"https:\/\/www.elsinodaldetamaulipas.com.mx\/?p=213279","title":{"rendered":"EL DINAMISMO DE AM\u00c9RICO"},"content":{"rendered":"<div class=\"post-content\">\n<p>Con agenda llena contin\u00faa el gobernador de estado Am\u00e9rico Villarreal<br \/>\nAnaya, inaugurando eventos, presidiendo reuniones importantes y supervisando lo<br \/>\nque ocasion\u00f3 las recientes lluvias all\u00e1 en la zona conurbada de Tampico, Madero<br \/>\ny Altamira, as\u00ed como de estar atento sobre la creciente del Rio P\u00e1nuco y<br \/>\npreparado para brindar apoyo en caso necesario.<br \/>\nSi partimos desde la inauguraci\u00f3n de la Feria Tamaulipas 2025 ha habido<br \/>\nmuchos eventos relevantes y de suma importancia para nuestro estado, pues tan<br \/>\nsolo el pasado viernes entreg\u00f3 el premio estatal de ciencias, creatividad e<br \/>\ninnovaci\u00f3n tecnol\u00f3gica, donde la educaci\u00f3n es el eje central para lograr una<br \/>\nverdadera transformaci\u00f3n, afirm\u00f3 Villarreal Anaya, al encabezar la ceremonia de<br \/>\npremiaci\u00f3n del 27\u00ba Certamen Estatal de Creatividad e Innovaci\u00f3n Tecnol\u00f3gica<br \/>\n\u201cExpoCiencias Tamaulipas\u201d.<br \/>\nDesde el Puerto Jaibo de Tampico, la Presidenta Claudia Sheinbaum<br \/>\nPardo, inform\u00f3 que el Gobierno de M\u00e9xico monitorea el crecimiento del R\u00edo<br \/>\nP\u00e1nuco, que al momento no representa un riesgo. Qu\u00e9 bueno.<br \/>\nDijo: \u201cMe informa el gobernador, y por el informe que tenemos de<br \/>\nProtecci\u00f3n Civil, que se est\u00e1 monitoreando, hasta ahora no hay riesgo. Pero, de<br \/>\ntodas maneras, es importante el monitoreo de la zona lagunar y del nivel del<br \/>\nP\u00e1nuco aqu\u00ed, cerca de Tampico, para poder estar alerta en los siguientes d\u00edas, si<br \/>\nes que pudiera haber un aumento en el nivel\u201d, se\u00f1al\u00f3 en un video a trav\u00e9s de sus<br \/>\nredes sociales.<br \/>\nAh\u00ed el gobernador Am\u00e9rico Villarreal destac\u00f3 que, siguiendo las<br \/>\ninstrucciones de la Presidenta se ha mantenido al tanto del crecimiento del r\u00edo<br \/>\nP\u00e1nuco y detall\u00f3 que este cuerpo de agua ya lleg\u00f3 a su punto m\u00e1ximo en la<br \/>\nestaci\u00f3n hidrom\u00e9trica en Las Adjuntas, que es cercana a la poblaci\u00f3n de Tamu\u00edn,<br \/>\npero ya se encuentra en descenso.<br \/>\nY como parte de estas acciones de prevenci\u00f3n y coordinaci\u00f3n<br \/>\ninterinstitucional ante la creciente del R\u00edo P\u00e1nuco, el Gobierno del Estado de<br \/>\nTamaulipas, a trav\u00e9s de la Secretar\u00eda de Recursos Hidr\u00e1ulicos para el Desarrollo<br \/>\nSocial, llev\u00f3 a cabo una reuni\u00f3n de seguimiento con autoridades municipales de<br \/>\nTampico, Ciudad Madero y Altamira, para darle seguimiento a este tema y estar<br \/>\nalerta si llega o no a los municipios del sur del estado; pero para ello se est\u00e1<br \/>\npreparado.<\/p>\n<p>Ah\u00ed mismo, en la LXIV Sesi\u00f3n del #CUPIA en la UAT \u2013 Tampico, el Jefe del<br \/>\nEjecutivo dijo, reafirmo mi convicci\u00f3n: si aspiramos a una transformaci\u00f3n real, solo<br \/>\nhay un camino: educaci\u00f3n, educaci\u00f3n y m\u00e1s educaci\u00f3n. Esto luego de inaugurar el<br \/>\nCongreso Mexicano de Medicina del Deporte, pues recorri\u00f3 la Facultad de<br \/>\nMedicina y escuch\u00f3 a quienes ser\u00e1n el futuro de nuestro estado: ustedes, las y los<br \/>\nj\u00f3venes, por lo que me comprometo a impulsar juntos espacios de innovaci\u00f3n,<br \/>\ntecnolog\u00eda y formaci\u00f3n con rostro humano. En esta tarea estoy, con ustedes y<br \/>\npara ustedes, agreg\u00f3.<br \/>\nEl s\u00e1bado dio inicio a la Exposici\u00f3n Ganadera 2025, del Pabell\u00f3n de la<br \/>\nUni\u00f3n Regional Ganadera de Tamaulipas. Un espacio que refleja el compromiso y<br \/>\nla fortaleza de los productores, pilares fundamentales del desarrollo rural en<br \/>\nnuestro estado, lo cual fue inaugurada por el gobernador Am\u00e9rico Villarreal Anaya,<br \/>\ndentro de la Feria Tamaulipas 2025 en la capital tamaulipeca.<br \/>\nAh\u00ed el mandatario estatal entreg\u00f3 reconocimientos a los due\u00f1os de los<br \/>\nmejores ejemplares en diferentes categor\u00edas; y luego presidi\u00f3 una subasta en<br \/>\nbeneficio del DIF Tamaulipas.<br \/>\nAsimismo visit\u00f3 el pabell\u00f3n de emprendedores rurales, con productos<br \/>\nhechos con orgullo en Tamaulipas, as\u00ed como el stand de la Subsecretaria de<br \/>\nPesca y Acuacultura, que muestra la riqueza de nuestras aguas y el esfuerzo de<br \/>\nquienes la trabajan.<br \/>\nLa FMVZ-UAT cierra con gran \u00e9xito los eventos del 68 aniversario de su<\/p>\n<p>fundaci\u00f3n<\/p>\n<p>Con la participaci\u00f3n del rector de la Universidad Aut\u00f3noma de Tamaulipas<br \/>\n(UAT), D\u00e1maso Anaya Alvarado, la Facultad de Medicina Veterinaria y Zootecnia<br \/>\nDr. Norberto Trevi\u00f1o Zapata (FMVZ-UAT) celebr\u00f3 este s\u00e1bado 18 de octubre su<br \/>\ntradicional cabalgata para cerrar con \u00e9xito las actividades por el 68 aniversario de<br \/>\nla fundaci\u00f3n de este plantel universitario.<br \/>\nComo parte del evento, el rector D\u00e1maso Anaya, acompa\u00f1ado del director<br \/>\ninterino de la FMVZ, Jos\u00e9 Octavio Merino Charrez, encabez\u00f3 la tradicional<br \/>\nCabalgata 2025 en el marco de los eventos conmemorativos que se desarrollaron<br \/>\ndurante la semana del 14 al 18 de octubre, mediante actividades acad\u00e9micas,<br \/>\nculturales y sociales.<br \/>\nEl rector convivi\u00f3 con cabalgantes y la comunidad universitaria de esta<br \/>\ninstituci\u00f3n, resaltando la importancia de compartir estas tradiciones, adem\u00e1s de<br \/>\nestrechar los lazos de amistad y destacar el reconocimiento a la Facultad de<br \/>\nVeterinaria de la UAT, por su calidad y prestigio educativo, y los servicios que<br \/>\naporta a la sanidad y bienestar animal, la salud p\u00fablica y la producci\u00f3n de<br \/>\nalimentos, que son esenciales para el progreso de la regi\u00f3n.<br \/>\nNOTAS CORTAS<\/p>\n<p>1.-<br \/>\n1.-<\/p>\n<p>1.- La Gira \u201cFamilias que Transforman\u201d brinda un espacio para que madres,<br \/>\npadres y tutores de estudiantes de Educaci\u00f3n B\u00e1sica, conozcan experiencias<br \/>\nformativas y transformadoras a trav\u00e9s de pl\u00e1ticas y conferencias. As\u00ed lleg\u00f3<br \/>\nrecientemente al municipio de G\u00fcemez y la presidi\u00f3 la Mtra. Martha Alicia Ortiz<br \/>\nR\u00edos, Directora de Educaci\u00f3n Elemental de la SET. Esto es con el objetivo de<br \/>\nbrindarles herramientas para una crianza positiva y emocionalmente inteligente.<br \/>\nBusca fortalecer las habilidades psicosociales de los padres y mejorar el entorno<br \/>\nfamiliar a trav\u00e9s de temas como la crianza positiva, la inteligencia emocional, y la<br \/>\nneurociencia aplicada al hogar. Como anfitri\u00f3n estuvo el alcalde Lorenzo Morales<br \/>\nAmaro, quien dijo, \u201cestamos convencidos de que la familia es el pilar fundamental<br \/>\nde nuestra sociedad, y para esta Administraci\u00f3n Municipal representa una<br \/>\nprioridad impulsar acciones que fomenten la uni\u00f3n, el respeto y la participaci\u00f3n en<br \/>\nbeneficio de nuestras ni\u00f1as, ni\u00f1os y j\u00f3venes\u201d.<br \/>\n2.- Por cierto, la noche de este s\u00e1bado pasado vimos a la alcaldesa de<br \/>\nMiquihuana, Gladys Magalis Vargas Rangel, muy activa en su stand en la feria<br \/>\nTamaulipas 2025, atendiendo personalmente a los visitantes y dijo que la<br \/>\ndegustaci\u00f3n le tocaba este 21 de octubre.<br \/>\nPor hoy es todo, en la pr\u00f3xima seguiremos dialogando del acontecer<br \/>\npol\u00edtico tamaulipeco.<\/p>\n<\/div>\n","protected":false},"excerpt":{"rendered":"<p>Con agenda llena contin\u00faa el gobernador de estado Am\u00e9rico Villarreal Anaya, inaugurando eventos, presidiendo reuniones importantes y supervisando lo que ocasion\u00f3 las recientes lluvias all\u00e1 en la zona conurbada de Tampico, Madero y Altamira, as\u00ed como de estar atento sobre la creciente del Rio P\u00e1nuco y preparado para brindar apoyo en caso necesario. Si partimos [&hellip;]<\/p>\n","protected":false},"author":1,"featured_media":210109,"comment_status":"closed","ping_status":"closed","sticky":false,"template":"","format":"standard","meta":{"footnotes":""},"categories":[16],"tags":[],"class_list":["post-213279","post","type-post","status-publish","format-standard","has-post-thumbnail","hentry","category-opinion"],"_links":{"self":[{"href":"https:\/\/www.elsinodaldetamaulipas.com.mx\/index.php?rest_route=\/wp\/v2\/posts\/213279","targetHints":{"allow":["GET"]}}],"collection":[{"href":"https:\/\/www.elsinodaldetamaulipas.com.mx\/index.php?rest_route=\/wp\/v2\/posts"}],"about":[{"href":"https:\/\/www.elsinodaldetamaulipas.com.mx\/index.php?rest_route=\/wp\/v2\/types\/post"}],"author":[{"embeddable":true,"href":"https:\/\/www.elsinodaldetamaulipas.com.mx\/index.php?rest_route=\/wp\/v2\/users\/1"}],"replies":[{"embeddable":true,"href":"https:\/\/www.elsinodaldetamaulipas.com.mx\/index.php?rest_route=%2Fwp%2Fv2%2Fcomments&post=213279"}],"version-history":[{"count":1,"href":"https:\/\/www.elsinodaldetamaulipas.com.mx\/index.php?rest_route=\/wp\/v2\/posts\/213279\/revisions"}],"predecessor-version":[{"id":213280,"href":"https:\/\/www.elsinodaldetamaulipas.com.mx\/index.php?rest_route=\/wp\/v2\/posts\/213279\/revisions\/213280"}],"wp:featuredmedia":[{"embeddable":true,"href":"https:\/\/www.elsinodaldetamaulipas.com.mx\/index.php?rest_route=\/wp\/v2\/media\/210109"}],"wp:attachment":[{"href":"https:\/\/www.elsinodaldetamaulipas.com.mx\/index.php?rest_route=%2Fwp%2Fv2%2Fmedia&parent=213279"}],"wp:term":[{"taxonomy":"category","embeddable":true,"href":"https:\/\/www.elsinodaldetamaulipas.com.mx\/index.php?rest_route=%2Fwp%2Fv2%2Fcategories&post=213279"},{"taxonomy":"post_tag","embeddable":true,"href":"https:\/\/www.elsinodaldetamaulipas.com.mx\/index.php?rest_route=%2Fwp%2Fv2%2Ftags&post=213279"}],"curies":[{"name":"wp","href":"https:\/\/api.w.org\/{rel}","templated":true}]}}