{"id":213281,"date":"2025-10-19T22:52:28","date_gmt":"2025-10-20T02:52:28","guid":{"rendered":"https:\/\/www.elsinodaldetamaulipas.com.mx\/?p=213281"},"modified":"2025-10-19T22:52:28","modified_gmt":"2025-10-20T02:52:28","slug":"corazones-de-gigante","status":"publish","type":"post","link":"https:\/\/www.elsinodaldetamaulipas.com.mx\/?p=213281","title":{"rendered":"CORAZONES DE GIGANTE"},"content":{"rendered":"<p>RELATO 1.-Esas im\u00e1genes que se ven en la tele quisiera uno que<br \/>\nno se repitan porque son escenas impactantes que se asemejan a<br \/>\nun pa\u00eds lejano en desgracia, a lo que sucede en lugares que<br \/>\narrancan l\u00e1grimas, porque no queda de otra.<br \/>\nComo mujer vamos primero con ella, con una lideresa que se<br \/>\nmultiplica para atender las necesidades de los servidores p\u00fablicos<br \/>\nde Tamaulipas y, ahora tambi\u00e9n, para recolectar una buena ayuda<br \/>\npara apoyar a los damnificados de los fen\u00f3menos naturales del<br \/>\nhermano estado de Veracruz, que fueron arrastrados por la<br \/>\ndesgracia.<br \/>\n\u201cDios no abandona a sus hijos\u201d, dijo Blanca Guadalupe Valles<br \/>\nRodr\u00edguez, cabeza principal del SUTSPET, por eso se sum\u00f3 a esto<br \/>\nhe hizo funcionar un centro de acopio que hizo llegar al DIF estatal<br \/>\ncon toda clase de art\u00edculos permitidos, esos que hoy aliviaran un<br \/>\npoco la necesidad de los afectados.<br \/>\nPara ella, Secretaria General del organismo, todos somos<br \/>\nhermanos y se siente el amor, la fraternidad y la certeza que se<br \/>\nrequiere para luchar contra la naturaleza cuando desaf\u00eda con esta<br \/>\nclase de pruebas.<br \/>\nHe igual unidos y solidarios, los trabajadores sindicalizados de la<br \/>\neducaci\u00f3n en Tamaulipas cooperaron y enviaron un tr\u00e1iler<br \/>\ncargado de alimentos a Veracruz y se espera que otro m\u00e1s se logre<br \/>\nllenar para que llegue al mismo destino.<\/p>\n<p>Bajo el lema \u201cUnidos y solidarios\u201d el cami\u00f3n ya parti\u00f3 y seg\u00fan dijo<br \/>\nel dirigente de la secci\u00f3n 30 del Sindicato de Maestros, Arnulfo<br \/>\nRodr\u00edguez Trevi\u00f1o, el magisterio tiene un sentimiento de humano<br \/>\ny somos hermanos frente a la adversidad.<br \/>\nCuando supervisaba el acomodo de la ayuda en el enorme<br \/>\ncami\u00f3n, el l\u00edder agradeci\u00f3 al magisterio el esfuerzo y su<br \/>\nsentimiento con el hermano que esta ca\u00eddo, porque el SNTE<br \/>\nsiempre estar\u00e1 presente.<br \/>\nY no pod\u00eda faltar otro l\u00edder, el rector de la UAT, D\u00e1maso Anaya<br \/>\nAlvarado, quien hizo algo semejante, con el apoyo de la<br \/>\ncomunidad universitaria de Tamaulipas, la que nunca se queda<br \/>\natr\u00e1s.<br \/>\nPara esto hay que recordar que hace algunos meses tambi\u00e9n<br \/>\nenvi\u00f3 ayuda humanitaria al estado de Guerrero, que fue<br \/>\ntremendamente afectado por las condiciones meteorol\u00f3gicas<br \/>\nrol\u00f3gicas.<br \/>\nFue una gran cantidad de donativos que tienen como destino<br \/>\nahora Veracruz, porque saben que la Universidad Aut\u00f3noma de<br \/>\nTamaulipas es solidaria y sale en auxilio cuando se llama a<br \/>\nayudarnos unos con otros.<br \/>\nSi se cita a los dem\u00e1s que adoptaron esta valerosa actitud en<br \/>\nTamaulipas faltar\u00eda espacio, porque enviaron ayuda a ese lugar<br \/>\nvecino, en un gesto cargado de esperanza.<br \/>\nBien, por todos.<br \/>\nRELATO 2.Tanto que se insisti\u00f3 en este espacio sobre el<br \/>\ndeplorable estado que luc\u00eda la Central Camionera de Ciudad<br \/>\nVictoria que produc\u00eda verg\u00fcenza, sobre todo entre los fuere\u00f1os<\/p>\n<p>que visitan la capital de Tamaulipas, que es lo primero que ven al<br \/>\ndescender de los autobuses.<br \/>\nPrimero era una, luego otra y ahora le toca a la central de<br \/>\nautobuses local entrar en modernizaci\u00f3n, la cual ya fue visitada<br \/>\npor el alcalde Eduardo Gattas B\u00e1ez, quien corroboro que ser\u00e1 una<br \/>\nobra muy moderna y funcional.<br \/>\nA Lalo se le nota feliz, porque con eso ser\u00e1 Ciudad Victoria ahora<br \/>\nsi identificada como la capital de Tamaulipas, no como cre\u00edan<br \/>\nalgunos ex compa\u00f1eros se la UNAM que estuvieron aqu\u00ed, de que<br \/>\nTamp\u00edco era la mera capital de Tamaulipas.<br \/>\nEs una obra m\u00e1s en la que tiene que ver el mun\u00edcipe, quien<br \/>\naunque se le acumula el trabajo de bacheo que generaron de las<br \/>\nlluvias, la entrada en marcha de camiones de basura, problemas<br \/>\ncon el agua potable y el funcionamiento de sem\u00e1foros, nada lo<br \/>\ndetiene.<br \/>\nLos ciudadanos lo ven con buenos ojos, porque lo ven a diario y su<br \/>\nlabor de primera autoridad est\u00e1 a la vista.<br \/>\nPara Lalo su familia y su trabajo, son lo primero.<\/p>\n<p>Correo electr\u00f3nico. tecnico.lobo1 gmail.com<\/p>\n","protected":false},"excerpt":{"rendered":"<p>RELATO 1.-Esas im\u00e1genes que se ven en la tele quisiera uno que no se repitan porque son escenas impactantes que se asemejan a un pa\u00eds lejano en desgracia, a lo que sucede en lugares que arrancan l\u00e1grimas, porque no queda de otra. Como mujer vamos primero con ella, con una lideresa que se multiplica para [&hellip;]<\/p>\n","protected":false},"author":1,"featured_media":213282,"comment_status":"closed","ping_status":"closed","sticky":false,"template":"","format":"standard","meta":{"footnotes":""},"categories":[16],"tags":[],"class_list":["post-213281","post","type-post","status-publish","format-standard","has-post-thumbnail","hentry","category-opinion"],"_links":{"self":[{"href":"https:\/\/www.elsinodaldetamaulipas.com.mx\/index.php?rest_route=\/wp\/v2\/posts\/213281","targetHints":{"allow":["GET"]}}],"collection":[{"href":"https:\/\/www.elsinodaldetamaulipas.com.mx\/index.php?rest_route=\/wp\/v2\/posts"}],"about":[{"href":"https:\/\/www.elsinodaldetamaulipas.com.mx\/index.php?rest_route=\/wp\/v2\/types\/post"}],"author":[{"embeddable":true,"href":"https:\/\/www.elsinodaldetamaulipas.com.mx\/index.php?rest_route=\/wp\/v2\/users\/1"}],"replies":[{"embeddable":true,"href":"https:\/\/www.elsinodaldetamaulipas.com.mx\/index.php?rest_route=%2Fwp%2Fv2%2Fcomments&post=213281"}],"version-history":[{"count":1,"href":"https:\/\/www.elsinodaldetamaulipas.com.mx\/index.php?rest_route=\/wp\/v2\/posts\/213281\/revisions"}],"predecessor-version":[{"id":213283,"href":"https:\/\/www.elsinodaldetamaulipas.com.mx\/index.php?rest_route=\/wp\/v2\/posts\/213281\/revisions\/213283"}],"wp:featuredmedia":[{"embeddable":true,"href":"https:\/\/www.elsinodaldetamaulipas.com.mx\/index.php?rest_route=\/wp\/v2\/media\/213282"}],"wp:attachment":[{"href":"https:\/\/www.elsinodaldetamaulipas.com.mx\/index.php?rest_route=%2Fwp%2Fv2%2Fmedia&parent=213281"}],"wp:term":[{"taxonomy":"category","embeddable":true,"href":"https:\/\/www.elsinodaldetamaulipas.com.mx\/index.php?rest_route=%2Fwp%2Fv2%2Fcategories&post=213281"},{"taxonomy":"post_tag","embeddable":true,"href":"https:\/\/www.elsinodaldetamaulipas.com.mx\/index.php?rest_route=%2Fwp%2Fv2%2Ftags&post=213281"}],"curies":[{"name":"wp","href":"https:\/\/api.w.org\/{rel}","templated":true}]}}