{"id":213284,"date":"2025-10-19T23:00:14","date_gmt":"2025-10-20T03:00:14","guid":{"rendered":"https:\/\/www.elsinodaldetamaulipas.com.mx\/?p=213284"},"modified":"2025-10-19T23:01:40","modified_gmt":"2025-10-20T03:01:40","slug":"213284","status":"publish","type":"post","link":"https:\/\/www.elsinodaldetamaulipas.com.mx\/?p=213284","title":{"rendered":"CHUCHO NADER Y EL NUEVO PAN"},"content":{"rendered":"<div class=\"post-content\">\n<h3>TIEMPO Y ESPACIO<br \/>\nPor Jaime Luis Soto.<\/h3>\n<p>El s\u00e1bado pasado, con bombo y platillos, la dirigencia nacional del PAN present\u00f3 su nueva campa\u00f1a de relanzamiento en la que deja por asentado que no volver\u00e1 a hacer alianzas y se enfocar\u00e1 en<br \/>\ntrabajar solito.<br \/>\nPor supuesto, y como era de esperarse, a la campa\u00f1a de relanzamiento del partido azul le llovieron criticas como la de LUISA MAR\u00cdA ALCALDE, presidenta de Morena, quien dijo que eran las mismas caras.<br \/>\nY, seg\u00fan ella, ahora s\u00ed acabaron con el azul\u2026<br \/>\nPero vayamos por partes\u2026<br \/>\nAqu\u00ed, en Tamaulipas, al PAN no le ha ido nada bien en las \u00faltimas elecciones tanto as\u00ed que termin\u00f3 perdiendo la gubernatura que por vez primera hab\u00eda ganado en el 2016.<br \/>\nDicen que presuntamente fue una negociaci\u00f3n pol\u00edtica -l\u00e9ase pago de favores- y que el CHINO CHONG fue el operador de ese perverso acuerdo para que el PAN ganar\u00e1 ese a\u00f1o la gubernatura.<br \/>\n(Basta con recordar que a EGIDIO nunca lo molestaron durante el cabecismo a pesar de las persecuciones pol\u00edticas que se emprendieron en contra de muchos pol\u00edticos).<br \/>\nEl PAN en la gubernatura fue debut y despedida en la tierra del Nuevo Santander.<br \/>\nAhora bien, en el relanzamiento del nuevo PAN advierten que no piensan hacer alianzas en las futuras elecciones.<\/p>\n<p>En Tamaulipas, cuando el PAN tuvo el poder estatal, pr\u00e1cticamente oblig\u00f3 al PRI a hacer alianza ante la resistencia de sus l\u00edderes de aquel entonces como EDGAR MELHEM SALINAS quien advirti\u00f3 que perder\u00edan y muy feo.<br \/>\nLo cual, as\u00ed pas\u00f3\u2026<br \/>\nEn el 2021 perdieron muchos municipios y comenz\u00f3 la debacle azul llev\u00e1ndose al despe\u00f1adero al partido tricolor. Y un a\u00f1o despu\u00e9s, en el 2022, Morena les arrebat\u00f3 la gubernatura.<br \/>\nEn nuestro Estado, el PAN se anda tambi\u00e9n renovando y hay quienes ven a C\u00c9SAR VER\u00c1STEGUI OSTOS, EL TRUKO, como el nuevo mes\u00edas azul, por as\u00ed decirlo.<br \/>\nSurge la pregunta: \u00bfQu\u00e9 onda con CHUCHO NADER\u2026?<br \/>\nLo que se ve, es que al hoy diputado federal panista y exalcalde de Tampico no le interesa apoderarse del PAN estatal. Lo suyo se centra en proyectos personales y de su c\u00edrculo de incondicionales.<br \/>\nY uno de esos proyectos es recuperar Tampico\u2026<br \/>\nHay quienes dicen que si en el 2027 CHUCHO NADER volviera a competir por la alcald\u00eda la ganar\u00eda.<br \/>\nPero tambi\u00e9n hay quienes piensan que Morena ha crecido bastante en el sur tamaulipeco que ning\u00fan otro partido tiene hoy el peso pol\u00edtico para arrebatarle el Puerto Jaibo, ni Altamira y Madero a<br \/>\npesar de que estos dos \u00faltimos Municipios est\u00e1n pesimamente gobernados por ARMANDO MART\u00cdNEZ MANR\u00cdQUEZ y ERASMO GONZ\u00c1LEZ ROBLEDO.<br \/>\nARMANDO ya no puede repetir y no le van a permitir meter mano en la selecci\u00f3n del candidato morenista del 2027. Mientras que de ERASMO se dice que no concluir\u00eda su trienio por tantos esc\u00e1ndalos en donde sale a relucir su nombre con insistencia.<br \/>\nCHUCHO NADER impulsa a su disc\u00edpulo, el diputado local PEPE SCHEKAIB\u00c1N para que sea el candidato del PAN en Tampico en el 2027 y buscar recuperar el Puerto Jaibo.<br \/>\nPara muchos, ser\u00e1 misi\u00f3n imposible\u2026<br \/>\nPero de que SCHEKAIB\u00c1N, patrocinado por CHUCHO, lo va a intentar, de eso no hay la menor duda.<br \/>\nComo dicen en el rancho: No hay peor intento, que el que no se hace\u2026<br \/>\nCambiando de tema y en el marco de su visita al Campus Tampico de la Universidad Aut\u00f3noma de Tamaulipas (UAT), el gobernador AM\u00c9RICO VILLARREAL ANAYA, acompa\u00f1ado del rector D\u00c1MASO ANAYA ALVARADO, hizo un recorrido en donde supervis\u00f3 el desarrollo de proyectos de infraestructura que fortalecen el crecimiento acad\u00e9mico de la casa de estudios.<br \/>\nPara iniciar las actividades, el gobernador y el rector encabezaron el corte de list\u00f3n de la muestra de los avances y equipamiento de las facultades de este campus.<br \/>\nQue representan un esfuerzo institucional para garantizar espacios dignos, funcionales y modernos que contribuyen a la formaci\u00f3n integral de los estudiantes.<br \/>\nEn este rubro, se destacaron los trabajos de mantenimiento y mejora de edificios, laboratorios, aulas, \u00e1reas deportivas y sistemas el\u00e9ctricos, que fortalecen las condiciones de ense\u00f1anza, investigaci\u00f3n y atenci\u00f3n a la comunidad universitaria.<\/p>\n<p>En su mensaje a las y los estudiantes, quienes le brindaron una entusiasta bienvenida, el gobernador expres\u00f3 su benepl\u00e1cito por compartir este encuentro con la comunidad de la UAT.<br \/>\nSubrayando que el objetivo central es brindar mejores condiciones para la ense\u00f1anza y el aprendizaje, especialmente en \u00e1reas que cuenten con el equipamiento necesario para desarrollar sus<br \/>\ncompetencias.<br \/>\nEnfatiz\u00f3 que la educaci\u00f3n superior es un motor de desarrollo cient\u00edfico y tecnol\u00f3gico, y reafirm\u00f3 su compromiso con la Universidad y la juventud tamaulipeca para consolidar un proyecto educativo con visi\u00f3n humanista y de oportunidades para todos.<br \/>\nPor su parte, el rector de la UAT, D\u00c1MASO ANAYA ALVARADO, agradeci\u00f3 la visita del mandatario estatal. Destacando que la Universidad asume un papel protag\u00f3nico en el impulso de pol\u00edticas educativas que fomentan la innovaci\u00f3n, la vinculaci\u00f3n y la formaci\u00f3n de capital humano como pilares estrat\u00e9gicos de la educaci\u00f3n en Tamaulipas.<br \/>\nEn Ciudad Victoria, para que ciudadanos y conductores tomen previsi\u00f3n en sus rutas de traslado a centros laborales y educativos, el gobierno municipal informa que este lunes el Programa Emergente de Bacheo continuar\u00e1 en distintos sectores de la ciudad.<br \/>\nSi las condiciones climatol\u00f3gicas lo permiten, los trabajos de rehabilitaci\u00f3n de pavimento se realizar\u00e1n en la calle Michoac\u00e1n, del Eje Vial L\u00e1zaro C\u00e1rdenas en direcci\u00f3n a la cl\u00ednica familiar del<br \/>\nInstituto Mexicano del Seguro Social.<br \/>\nEn tanto que otra cuadrilla trabajar\u00e1 en calle Tenochtitlan, entre avenida del Valle y Teosuchil.<\/p>\n<p>Con apoyo de empresas afiliadas a la C\u00e1mara Mexicana de la Industria de la Construcci\u00f3n (CMIC) local, se restituir\u00e1 carpeta da\u00f1ada en la calle Berrioz\u00e1bal, entre avenida Jos\u00e9 Sulaim\u00e1n<br \/>\nChagn\u00f3n y calle 8; as\u00ed como en la avenida Carlos Adri\u00e1n Avil\u00e9s, entre boulevard Pr\u00e1xedis Balboa y calle 5 de Febrero.<br \/>\nEl gobierno de Victoria, que preside el alcalde LALO GATT\u00c1S, reitera a la ciudadan\u00eda la disculpa y comprensi\u00f3n que los trabajos de bacheo programados puedan ocasionar este lunes y durante la semana que se estar\u00e1n llevando a cabo para recuperar el rostro vial a la Capital de Tamaulipas.<br \/>\nEs todo por hoy. Muchas gracias por leer.<br \/>\nCorreo electr\u00f3nico: jaimeluissoto@hotmail.com<\/p>\n<\/div>\n","protected":false},"excerpt":{"rendered":"<p>TIEMPO Y ESPACIO Por Jaime Luis Soto. El s\u00e1bado pasado, con bombo y platillos, la dirigencia nacional del PAN present\u00f3 su nueva campa\u00f1a de relanzamiento en la que deja por asentado que no volver\u00e1 a hacer alianzas y se enfocar\u00e1 en trabajar solito. Por supuesto, y como era de esperarse, a la campa\u00f1a de relanzamiento [&hellip;]<\/p>\n","protected":false},"author":1,"featured_media":212112,"comment_status":"closed","ping_status":"closed","sticky":false,"template":"","format":"standard","meta":{"footnotes":""},"categories":[16],"tags":[],"class_list":["post-213284","post","type-post","status-publish","format-standard","has-post-thumbnail","hentry","category-opinion"],"_links":{"self":[{"href":"https:\/\/www.elsinodaldetamaulipas.com.mx\/index.php?rest_route=\/wp\/v2\/posts\/213284","targetHints":{"allow":["GET"]}}],"collection":[{"href":"https:\/\/www.elsinodaldetamaulipas.com.mx\/index.php?rest_route=\/wp\/v2\/posts"}],"about":[{"href":"https:\/\/www.elsinodaldetamaulipas.com.mx\/index.php?rest_route=\/wp\/v2\/types\/post"}],"author":[{"embeddable":true,"href":"https:\/\/www.elsinodaldetamaulipas.com.mx\/index.php?rest_route=\/wp\/v2\/users\/1"}],"replies":[{"embeddable":true,"href":"https:\/\/www.elsinodaldetamaulipas.com.mx\/index.php?rest_route=%2Fwp%2Fv2%2Fcomments&post=213284"}],"version-history":[{"count":2,"href":"https:\/\/www.elsinodaldetamaulipas.com.mx\/index.php?rest_route=\/wp\/v2\/posts\/213284\/revisions"}],"predecessor-version":[{"id":213286,"href":"https:\/\/www.elsinodaldetamaulipas.com.mx\/index.php?rest_route=\/wp\/v2\/posts\/213284\/revisions\/213286"}],"wp:featuredmedia":[{"embeddable":true,"href":"https:\/\/www.elsinodaldetamaulipas.com.mx\/index.php?rest_route=\/wp\/v2\/media\/212112"}],"wp:attachment":[{"href":"https:\/\/www.elsinodaldetamaulipas.com.mx\/index.php?rest_route=%2Fwp%2Fv2%2Fmedia&parent=213284"}],"wp:term":[{"taxonomy":"category","embeddable":true,"href":"https:\/\/www.elsinodaldetamaulipas.com.mx\/index.php?rest_route=%2Fwp%2Fv2%2Fcategories&post=213284"},{"taxonomy":"post_tag","embeddable":true,"href":"https:\/\/www.elsinodaldetamaulipas.com.mx\/index.php?rest_route=%2Fwp%2Fv2%2Ftags&post=213284"}],"curies":[{"name":"wp","href":"https:\/\/api.w.org\/{rel}","templated":true}]}}