{"id":213287,"date":"2025-10-19T23:06:06","date_gmt":"2025-10-20T03:06:06","guid":{"rendered":"https:\/\/www.elsinodaldetamaulipas.com.mx\/?p=213287"},"modified":"2025-10-19T23:06:06","modified_gmt":"2025-10-20T03:06:06","slug":"secuestrado-comite-panista","status":"publish","type":"post","link":"https:\/\/www.elsinodaldetamaulipas.com.mx\/?p=213287","title":{"rendered":"SECUESTRADO COMIT\u00c9 PANISTA"},"content":{"rendered":"<div class=\"post-gallery\">Cd. Victoria, Tam.- Ruge el P\u00e1nuco por efecto retardado de lluvias que en d\u00edas previos cargaron manantiales de la altiplanicie mexicana para luego descender al Golfo desde el sistema hidrol\u00f3gico Tula-Moctezuma.<\/div>\n<div class=\"post-content\">\n<p>La tercera cresta mayor en 70 a\u00f1os, calcul\u00f3 el gobernador AM\u00c9RICO VILLARREAL en su charla con la doctora CLAUDIA SHEINBAUM, de visita por la regi\u00f3n sur del Estado y norte de Veracruz.<\/p>\n<p>Gira donde contrast\u00f3 el trato fr\u00edo y distante otorgado a la mandataria jarocha ROC\u00cdO NAHLE, con la cercan\u00eda y confianza que la Presidenta dispensa siempre al doctor.<\/p>\n<p>Mientras en Veracruz llueven reclamos contra la tard\u00eda y err\u00e1tica respuesta institucional, en Tamaulipas los alcaldes de Tampico, Madero y Altamira, M\u00d3NICA VILLARREAL, ERASMO GONZ\u00c1LEZ y ARMANDO MART\u00cdNEZ, trabajaron con tiempo en preparativos, salvaguarda y protecci\u00f3n junto al doctor VILLARREAL. Tareas que en nuestra entidad son de rutina.<\/p>\n<p>La clave ha sido adelantarse al problema y actuar con anticipaci\u00f3n para evitar p\u00e9rdidas humanas. En particular, por la cantidad de gente que vive en las m\u00e1rgenes del P\u00e1nuco y la zona lagunaria.<\/p>\n<p>Esos caser\u00edos suspendidos sobre el espejo del agua, mediante plataformas apuntaladas con pilotes (zancos o palafitos) encajados en el lecho del r\u00edo. De aqu\u00ed la necesidad de realizar desalojos preventivos y activar albergues para las familias de estas zonas vulnerables, en las zonas bajas del r\u00edo.<\/p>\n<p>Y algo ocurre con la se\u00f1ora NAHLE porque pasan los d\u00edas y no alcanza a salir del barranco al que se desplom\u00f3 su imagen p\u00fablica. Vaya, no levanta el vuelo ni con el reiterado apoyo presidencial.<\/p>\n<p>Mujer de andar fatigado, do\u00f1a ROC\u00cdO deambula fachosa con el rostro demacrado, inexpresivo, sudoroso, gris; confundida entre las se\u00f1oras de colonia, ajena al liderazgo operativo que el cargo exigir\u00eda en circunstancias as\u00ed.<\/p>\n<p><strong>DIRIGENCIA AZUL<\/strong><\/p>\n<p>En fin, ahora que el PAN est\u00e1 replanteando su estrategia con el anuncio de un pretendido relanzamiento con miras a los compromisos electorales por venir, oportuno ser\u00eda recordarle a su presidente<a>, el (muy biso\u00f1o) abogado JORGE ROMERO,\u00a0<\/a>que el comit\u00e9 de Tamaulipas sigue anclado en el modelo perdedor de 2022 y con la misma gente.<\/p>\n<p>Y ello se debe a que el c\u00e1rtel de los hermanos CABEZA arras\u00f3 con las redes de activistas ciudadanos y liderazgos regionales construidos entre los a\u00f1os ochentas, noventas y la primera d\u00e9cada del siglo 21, por gente que s\u00ed conoc\u00eda los principios doctrinales y los ideales del fundador MANUEL G\u00d3MEZ MOR\u00cdN\u200b\u200b\u200b.<\/p>\n<p>Desde JORGE CAMARGO y PANCHO GARC\u00cdA LOZANO, hasta RAM\u00d3N SAMPAYO,\u00a0<a>CARMEN BOLADO<\/a>, DIEGO ALONSO HINOJOSA, SILVIA CACHO, LYDIA MADERO, LEONOR SARRE y tantos m\u00e1s.<\/p>\n<p>Pero ese PAN desapareci\u00f3, con el arribo de la mafia cabezona que instal\u00f3 en el poder a un equipo de ejecutivos ambiciosos y serviles que convirti\u00f3 al gobierno estatal en una plataforma privada de negocios. Adi\u00f3s ideolog\u00eda, adi\u00f3s valores democr\u00e1ticos.<\/p>\n<p>Y ni la derrota los hace cambiar. Mire usted, ahora que se avecina la renovaci\u00f3n de su comit\u00e9 estatal en Tamaulipas, causa pena ajena que la c\u00fapula siga secuestrada por el mismo grupo del exgobernador pr\u00f3fugo.<\/p>\n<p><strong>\u00bfNO ES INGENIERO?<\/strong><\/p>\n<p>Para empezar, no habr\u00e1 competencia, ni libre participaci\u00f3n, ni diversidad de propuestas. Ser\u00e1 f\u00f3rmula \u00fanica, con CESAR AUGUSTO<a>\u00a0para la presidencia del partido<\/a>\u00a0y GLORIA ELENA GARZA en la Secretar\u00eda General.<\/p>\n<p>El se\u00f1or VER\u00c1STEGUI ya fue dirigente estatal entre 2015 y 2016. Como tal, le toc\u00f3 dirigir las tareas partidistas durante la campa\u00f1a de PANCHO CABEZA, lo cual le vali\u00f3 dos premios.<\/p>\n<p>(1) El nombramiento como Secretario General de Gobierno y (2) la posterior candidatura a gobernador: misma que perdi\u00f3 ante el gallo del partido guinda AM\u00c9RICO VILLARREAL.<\/p>\n<p>De cualquier manera ser\u00e1 una excelente oportunidad para que don \u201cTruko\u201d nos aclare por qu\u00e9 le siguen diciendo \u201cingeniero\u201d si su nombre no aparece en el registro de t\u00edtulos profesionales de la SEP.<\/p>\n<p>Se sabe que hizo algunos estudios en Agronom\u00eda-Mante y algo m\u00e1s en Agronom\u00eda-Victoria, pero nunca termin\u00f3. Las c\u00e9dulas profesionales pueden consultarse aqu\u00ed:\u00a0<a href=\"https:\/\/cedulaprofesional.sep.gob.mx\/\" target=\"_blank\" rel=\"noreferrer noopener\">https:\/\/cedulaprofesional.sep.gob.mx<\/a><\/p>\n<p><strong>MEJOR PERFIL<\/strong><\/p>\n<p>En cuanto a la victorense GLORIA GARZA, su trayectoria y capacidades la har\u00edan merecedora de algo m\u00e1s que el segundo cargo del PAN. Inicialmente se le consider\u00f3 aspirante viable a la Presidencia, pero un arreglo en la c\u00fapula (l\u00e9ase, un telefonema de McAllen) meti\u00f3 a los dos en una misma f\u00f3rmula, el \u201cTruko\u201d al primer cargo y GLORIA una la posici\u00f3n subordinada.<\/p>\n<p>Abogada y acad\u00e9mica, con maestr\u00eda en derecho civil y doctorado en derechos humanos, ha sido catedr\u00e1tica universitaria y Jefa de Proyecto en el Organismo de Cuenca Golfo Norte de CONAGUA (2008-2012).<\/p>\n<p>Ocup\u00f3 tambi\u00e9n la Subsecretar\u00eda de Derechos Humanos de la Secretar\u00eda General de Gobierno en Tamaulipas y despu\u00e9s la Subsecretar\u00eda de Legalidad en la misma dependencia. Entre 2021 y 2025, fue Magistrada de N\u00famero del Tribunal de Justicia estatal.<\/p>\n<p>Por cierto, el diputado plurinominal\u00a0<a>GERARDO\u00a0<\/a><a>PE\u00d1A\u00a0<\/a>apoy\u00f3 dicha f\u00f3rmula con el argumento de que el PAN tamaulipeco \u201cnecesita un liderazgo fuerte y con experiencia\u201d.<\/p>\n<p>Ande usted. Una lectura literal indicar\u00eda que la actual dirigencia en manos de LUIS CANT\u00da GALV\u00c1N ni es fuerte ni tiene experiencia. \u00bfLiderazgo d\u00e9bil, am\u00e9n de inexperto?\u2026 Al menos as\u00ed lo parece, en la percepci\u00f3n de PE\u00d1A.<\/p>\n<p>BUZ\u00d3N:\u00a0<a href=\"mailto:lopezarriagamx@gmail.com\" target=\"_blank\" rel=\"noreferrer noopener\">lopezarriagamx@gmail.com<\/a><\/p>\n<p>WEB:\u00a0<a href=\"https:\/\/lopezarriagamx.blogspot.com\/\" target=\"_blank\" rel=\"noreferrer noopener\">http:\/\/lopezarriagamx.blogspot.com<\/a><\/p>\n<\/div>\n","protected":false},"excerpt":{"rendered":"<p>Cd. Victoria, Tam.- Ruge el P\u00e1nuco por efecto retardado de lluvias que en d\u00edas previos cargaron manantiales de la altiplanicie mexicana para luego descender al Golfo desde el sistema hidrol\u00f3gico Tula-Moctezuma. La tercera cresta mayor en 70 a\u00f1os, calcul\u00f3 el gobernador AM\u00c9RICO VILLARREAL en su charla con la doctora CLAUDIA SHEINBAUM, de visita por la [&hellip;]<\/p>\n","protected":false},"author":1,"featured_media":212093,"comment_status":"closed","ping_status":"closed","sticky":false,"template":"","format":"standard","meta":{"footnotes":""},"categories":[16],"tags":[],"class_list":["post-213287","post","type-post","status-publish","format-standard","has-post-thumbnail","hentry","category-opinion"],"_links":{"self":[{"href":"https:\/\/www.elsinodaldetamaulipas.com.mx\/index.php?rest_route=\/wp\/v2\/posts\/213287","targetHints":{"allow":["GET"]}}],"collection":[{"href":"https:\/\/www.elsinodaldetamaulipas.com.mx\/index.php?rest_route=\/wp\/v2\/posts"}],"about":[{"href":"https:\/\/www.elsinodaldetamaulipas.com.mx\/index.php?rest_route=\/wp\/v2\/types\/post"}],"author":[{"embeddable":true,"href":"https:\/\/www.elsinodaldetamaulipas.com.mx\/index.php?rest_route=\/wp\/v2\/users\/1"}],"replies":[{"embeddable":true,"href":"https:\/\/www.elsinodaldetamaulipas.com.mx\/index.php?rest_route=%2Fwp%2Fv2%2Fcomments&post=213287"}],"version-history":[{"count":1,"href":"https:\/\/www.elsinodaldetamaulipas.com.mx\/index.php?rest_route=\/wp\/v2\/posts\/213287\/revisions"}],"predecessor-version":[{"id":213288,"href":"https:\/\/www.elsinodaldetamaulipas.com.mx\/index.php?rest_route=\/wp\/v2\/posts\/213287\/revisions\/213288"}],"wp:featuredmedia":[{"embeddable":true,"href":"https:\/\/www.elsinodaldetamaulipas.com.mx\/index.php?rest_route=\/wp\/v2\/media\/212093"}],"wp:attachment":[{"href":"https:\/\/www.elsinodaldetamaulipas.com.mx\/index.php?rest_route=%2Fwp%2Fv2%2Fmedia&parent=213287"}],"wp:term":[{"taxonomy":"category","embeddable":true,"href":"https:\/\/www.elsinodaldetamaulipas.com.mx\/index.php?rest_route=%2Fwp%2Fv2%2Fcategories&post=213287"},{"taxonomy":"post_tag","embeddable":true,"href":"https:\/\/www.elsinodaldetamaulipas.com.mx\/index.php?rest_route=%2Fwp%2Fv2%2Ftags&post=213287"}],"curies":[{"name":"wp","href":"https:\/\/api.w.org\/{rel}","templated":true}]}}