{"id":213289,"date":"2025-10-19T23:52:07","date_gmt":"2025-10-20T03:52:07","guid":{"rendered":"https:\/\/www.elsinodaldetamaulipas.com.mx\/?p=213289"},"modified":"2025-10-19T23:52:07","modified_gmt":"2025-10-20T03:52:07","slug":"dictan-sentencia-de-30-anos-a-acusado-de-violacion","status":"publish","type":"post","link":"https:\/\/www.elsinodaldetamaulipas.com.mx\/?p=213289","title":{"rendered":"DICTAN SENTENCIA DE 30 A\u00d1OS A ACUSADO DE VIOLACI\u00d3N"},"content":{"rendered":"<p>EL SINODAL DE TAMAULIPAS<\/p>\n<p>Nuevo Laredo, Tamaulipas.- El Agente del Ministerio P\u00fablico, de la Fiscal\u00eda General de Justicia del Estado de Tamaulipas realiz\u00f3 las acciones jur\u00eddicas necesarias para que fuera dictada sentencia de 30 a\u00f1os de prisi\u00f3n en contra de Alejandro \u201cV\u201d por el delito de Violaci\u00f3n Equiparada Agravada en contra de persona menor de edad.<\/p>\n<p>&nbsp;<\/p>\n<p>Es de se\u00f1alar que, ante la fortaleza de los elementos de prueba aportados por el Representante Social, el hoy condenado y su defensa aceptaron su responsabilidad y someterse a un Procedimiento Abreviado por el citado delito, registrado el 13 de marzo del presente a\u00f1o en una colonia al norte de este municipio, por lo que la autoridad judicial emiti\u00f3 el fall\u00f3 y estableci\u00f3 adem\u00e1s una amonestaci\u00f3n p\u00fablica y la suspensi\u00f3n de sus derechos civiles por el tiempo que dure el internamiento.<\/p>\n<p>&nbsp;<\/p>\n<p>Con este tipo de acciones, la Fiscal\u00eda General de Justicia del Estado de Tamaulipas refrenda su compromiso de no permitir impunidad en los delitos que atentan contra las ni\u00f1as, ni\u00f1os y adolescentes de Tamaulipas.<\/p>\n","protected":false},"excerpt":{"rendered":"<p>EL SINODAL DE TAMAULIPAS Nuevo Laredo, Tamaulipas.- El Agente del Ministerio P\u00fablico, de la Fiscal\u00eda General de Justicia del Estado de Tamaulipas realiz\u00f3 las acciones jur\u00eddicas necesarias para que fuera dictada sentencia de 30 a\u00f1os de prisi\u00f3n en contra de Alejandro \u201cV\u201d por el delito de Violaci\u00f3n Equiparada Agravada en contra de persona menor de [&hellip;]<\/p>\n","protected":false},"author":1,"featured_media":213290,"comment_status":"closed","ping_status":"closed","sticky":false,"template":"","format":"standard","meta":{"footnotes":""},"categories":[25],"tags":[],"class_list":["post-213289","post","type-post","status-publish","format-standard","has-post-thumbnail","hentry","category-leyyorden"],"_links":{"self":[{"href":"https:\/\/www.elsinodaldetamaulipas.com.mx\/index.php?rest_route=\/wp\/v2\/posts\/213289","targetHints":{"allow":["GET"]}}],"collection":[{"href":"https:\/\/www.elsinodaldetamaulipas.com.mx\/index.php?rest_route=\/wp\/v2\/posts"}],"about":[{"href":"https:\/\/www.elsinodaldetamaulipas.com.mx\/index.php?rest_route=\/wp\/v2\/types\/post"}],"author":[{"embeddable":true,"href":"https:\/\/www.elsinodaldetamaulipas.com.mx\/index.php?rest_route=\/wp\/v2\/users\/1"}],"replies":[{"embeddable":true,"href":"https:\/\/www.elsinodaldetamaulipas.com.mx\/index.php?rest_route=%2Fwp%2Fv2%2Fcomments&post=213289"}],"version-history":[{"count":1,"href":"https:\/\/www.elsinodaldetamaulipas.com.mx\/index.php?rest_route=\/wp\/v2\/posts\/213289\/revisions"}],"predecessor-version":[{"id":213291,"href":"https:\/\/www.elsinodaldetamaulipas.com.mx\/index.php?rest_route=\/wp\/v2\/posts\/213289\/revisions\/213291"}],"wp:featuredmedia":[{"embeddable":true,"href":"https:\/\/www.elsinodaldetamaulipas.com.mx\/index.php?rest_route=\/wp\/v2\/media\/213290"}],"wp:attachment":[{"href":"https:\/\/www.elsinodaldetamaulipas.com.mx\/index.php?rest_route=%2Fwp%2Fv2%2Fmedia&parent=213289"}],"wp:term":[{"taxonomy":"category","embeddable":true,"href":"https:\/\/www.elsinodaldetamaulipas.com.mx\/index.php?rest_route=%2Fwp%2Fv2%2Fcategories&post=213289"},{"taxonomy":"post_tag","embeddable":true,"href":"https:\/\/www.elsinodaldetamaulipas.com.mx\/index.php?rest_route=%2Fwp%2Fv2%2Ftags&post=213289"}],"curies":[{"name":"wp","href":"https:\/\/api.w.org\/{rel}","templated":true}]}}