{"id":213295,"date":"2025-10-20T08:43:31","date_gmt":"2025-10-20T12:43:31","guid":{"rendered":"https:\/\/www.elsinodaldetamaulipas.com.mx\/?p=213295"},"modified":"2025-10-20T08:44:17","modified_gmt":"2025-10-20T12:44:17","slug":"confirman-rompimiento-matrimonial-naomy-y-kevin","status":"publish","type":"post","link":"https:\/\/www.elsinodaldetamaulipas.com.mx\/?p=213295","title":{"rendered":"CONFIRMAN ROMPIMIENTO MATRIMONIAL NAOMY Y KEVIN"},"content":{"rendered":"<h3>Su v\u00ednculo como esposos\u00a0solamente dur\u00f3 5 meses<\/h3>\n<p>&nbsp;<\/p>\n<p><em>EL SINODAL DE TAMAULIPAS<\/em><\/p>\n<p>Monterrey, Nuevo Le\u00f3n.- Naomy Villarreal rompi\u00f3 el silencio y confirm\u00f3 su separaci\u00f3n del comediante Kevyn Contreras, poniendo fin a su matrimonio tras solo cinco meses.<\/p>\n<p>La creadora de contenido aclar\u00f3 en redes sociales que ya no era feliz y decidi\u00f3 dar este paso por su bienestar y el de sus hijas.<\/p>\n<p>\u00bfNaomy Villarreal anuncia su separaci\u00f3n del querido comediante Kevyn Contreras?<\/p>\n<p>En un video publicado en su canal de YouTube, Naomy explic\u00f3 que no quer\u00eda seguir fingiendo una vida perfecta, por lo que ambos optaron por divorciarse.<\/p>\n<p>\u201cYo no vengo aqu\u00ed a fingir tener la vida perfecta, a tener el matrimonio perfecto y a tener una familia feliz. Hoy de mi persona sabe oficialmente que Kevin y yo hemos tomado la decisi\u00f3n de separarnos y esto es oficial y de manera formal. Va a existir un divorcio\u201d, confirm\u00f3.<\/p>\n<p>Aunque evit\u00f3 revelar detalles, dej\u00f3 entrever algunas razones al se\u00f1alar que no tolerar\u00eda infidelidades ni manipulaciones bajo ninguna circunstancia.<\/p>\n<p>\u201cJam\u00e1s en mi vida voy a permitir, ni por una pensi\u00f3n alimenticia, ni por atenci\u00f3n para mis hijas, ni por mendigar amor. Jam\u00e1s voy a permitir que una persona sea infiel, sea manipuladora, sea mentirosa\u201d.<\/p>\n<p>\u201cEn pocas palabras, que sea un narcisista completamente conmigo, porque yo me la he jugado 100 por ciento por esta relaci\u00f3n desde el d\u00eda uno y he puesto mi pecho por \u00e9l\u201d, declar\u00f3.<\/p>\n<p>Naomy recalc\u00f3 que su decisi\u00f3n responde al deseo de mantener su paz y no seguir en una relaci\u00f3n donde ya no se siente feliz.<\/p>\n<p>\u201cCon esto se pueden dar una idea de que yo no voy a aguantar por presi\u00f3n social o por lo que ustedes digan, por mantener apariencias, no voy a aguantar un matrimonio en el cual ya no soy feliz y en el cual las cosas han sucedido de la manera m\u00e1s incorrecta posible\u201d.<\/p>\n<p>-La influencer asegur\u00f3 que eligi\u00f3 \u201ccortar por lo sano\u201d para evitar da\u00f1os emocionales a sus hijas y proteger su salud mental.<\/p>\n<p>Su relaci\u00f3n con el comediante hab\u00eda sido criticada desde el inicio, pues, seg\u00fan versiones en redes, su romance habr\u00eda comenzado mientras Kevyn a\u00fan estaba con Sandra Gonz\u00e1lez, madre de tres de sus hijos. Aun as\u00ed, ambos se casaron en mayo de 2025 y meses despu\u00e9s dieron la bienvenida a sus gemelas.<\/p>\n<p>Ahora, tras confirmar su separaci\u00f3n, Naomy Villarreal pone punto final a una historia que desde el principio estuvo rodeada de pol\u00e9mica.<\/p>\n","protected":false},"excerpt":{"rendered":"<p>Su v\u00ednculo como esposos\u00a0solamente dur\u00f3 5 meses &nbsp; EL SINODAL DE TAMAULIPAS Monterrey, Nuevo Le\u00f3n.- Naomy Villarreal rompi\u00f3 el silencio y confirm\u00f3 su separaci\u00f3n del comediante Kevyn Contreras, poniendo fin a su matrimonio tras solo cinco meses. La creadora de contenido aclar\u00f3 en redes sociales que ya no era feliz y decidi\u00f3 dar este paso [&hellip;]<\/p>\n","protected":false},"author":1,"featured_media":213296,"comment_status":"closed","ping_status":"closed","sticky":false,"template":"","format":"standard","meta":{"footnotes":""},"categories":[15],"tags":[],"class_list":["post-213295","post","type-post","status-publish","format-standard","has-post-thumbnail","hentry","category-espectaculos"],"_links":{"self":[{"href":"https:\/\/www.elsinodaldetamaulipas.com.mx\/index.php?rest_route=\/wp\/v2\/posts\/213295","targetHints":{"allow":["GET"]}}],"collection":[{"href":"https:\/\/www.elsinodaldetamaulipas.com.mx\/index.php?rest_route=\/wp\/v2\/posts"}],"about":[{"href":"https:\/\/www.elsinodaldetamaulipas.com.mx\/index.php?rest_route=\/wp\/v2\/types\/post"}],"author":[{"embeddable":true,"href":"https:\/\/www.elsinodaldetamaulipas.com.mx\/index.php?rest_route=\/wp\/v2\/users\/1"}],"replies":[{"embeddable":true,"href":"https:\/\/www.elsinodaldetamaulipas.com.mx\/index.php?rest_route=%2Fwp%2Fv2%2Fcomments&post=213295"}],"version-history":[{"count":1,"href":"https:\/\/www.elsinodaldetamaulipas.com.mx\/index.php?rest_route=\/wp\/v2\/posts\/213295\/revisions"}],"predecessor-version":[{"id":213297,"href":"https:\/\/www.elsinodaldetamaulipas.com.mx\/index.php?rest_route=\/wp\/v2\/posts\/213295\/revisions\/213297"}],"wp:featuredmedia":[{"embeddable":true,"href":"https:\/\/www.elsinodaldetamaulipas.com.mx\/index.php?rest_route=\/wp\/v2\/media\/213296"}],"wp:attachment":[{"href":"https:\/\/www.elsinodaldetamaulipas.com.mx\/index.php?rest_route=%2Fwp%2Fv2%2Fmedia&parent=213295"}],"wp:term":[{"taxonomy":"category","embeddable":true,"href":"https:\/\/www.elsinodaldetamaulipas.com.mx\/index.php?rest_route=%2Fwp%2Fv2%2Fcategories&post=213295"},{"taxonomy":"post_tag","embeddable":true,"href":"https:\/\/www.elsinodaldetamaulipas.com.mx\/index.php?rest_route=%2Fwp%2Fv2%2Ftags&post=213295"}],"curies":[{"name":"wp","href":"https:\/\/api.w.org\/{rel}","templated":true}]}}