{"id":213299,"date":"2025-10-20T11:20:22","date_gmt":"2025-10-20T15:20:22","guid":{"rendered":"https:\/\/www.elsinodaldetamaulipas.com.mx\/?p=213299"},"modified":"2025-10-20T14:38:23","modified_gmt":"2025-10-20T18:38:23","slug":"siamarm-aporta-50-toneladas-en-intesa-jornada","status":"publish","type":"post","link":"https:\/\/www.elsinodaldetamaulipas.com.mx\/?p=213299","title":{"rendered":"SIAMARM APORTA 50 TONELADAS EN INTENSA JORNADA"},"content":{"rendered":"<p><em><strong>Por Juan Carlos Rodr\u00edguez Terrazas\/EL SINODAL DE TAMAULIPAS<\/strong><\/em><\/p>\n<p>Reynosa, Tam.- Los m\u00e1s hermosos valores del hombre como son la solidaridad y el humanismo, una vez m\u00e1s fueron puestos en pr\u00e1ctica por integrantes del Sindicato Industrial Aut\u00f3nomo de Maquiladoras de la Rep\u00fablica Mexicana, que con 50 toneladas de ayuda contribuyeron a atenuar la desgracia de miles de familias que radican en los estados de Veracruz y San Luis Potos\u00ed, que fueron impactados hace poco m\u00e1s de una semana por torrenciales aguaceros que desbordaron sus caudalosos r\u00edos.<\/p>\n<p>Desde que la Presidenta de la Republica Claudia Sheinbaum Pardo, a trav\u00e9s de sus funcionarios del ramo decretaron zona de desastre a una amplia regi\u00f3n que incluye cinco estados, y animados por el gobernador del Estado, doctor Am\u00e9rico Villarreal Anaya; el dispositivo de colecta de v\u00edveres se inici\u00f3, llamando poderosamente la atenci\u00f3n de la organizaci\u00f3n sindical que capt\u00f3 la ayuda directa de empresas y obreros de la industria maquiladora de los municipios de Monterrey, Ciudad Victoria y en particular de Reynosa.<\/p>\n<p><img loading=\"lazy\" decoding=\"async\" class=\"aligncenter wp-image-213301 size-full\" src=\"https:\/\/www.elsinodaldetamaulipas.com.mx\/wp-content\/uploads\/2025\/10\/SINDICATO-2.jpg\" alt=\"\" width=\"894\" height=\"487\" srcset=\"https:\/\/www.elsinodaldetamaulipas.com.mx\/wp-content\/uploads\/2025\/10\/SINDICATO-2.jpg 894w, https:\/\/www.elsinodaldetamaulipas.com.mx\/wp-content\/uploads\/2025\/10\/SINDICATO-2-300x163.jpg 300w, https:\/\/www.elsinodaldetamaulipas.com.mx\/wp-content\/uploads\/2025\/10\/SINDICATO-2-768x418.jpg 768w\" sizes=\"auto, (max-width: 894px) 100vw, 894px\" \/><\/p>\n<p style=\"text-align: center;\"><strong>CAPACIDAD DE ORGANIZACI\u00d3N<\/strong><\/p>\n<p>\u00a0\u00a0\u00a0\u00a0\u00a0\u00a0\u00a0\u00a0\u00a0\u00a0\u00a0 Como comandante en jefe de este maravilloso operativo que dispuso la participaci\u00f3n de todos los trabajadores afiliados a SIAMARM, el secretario general Alberto Lara Bazald\u00faa, puso a prueba la capacidad de coordinaci\u00f3n de todos sus compa\u00f1eros, que este fin de semana recibi\u00f3 su \u00faltima pincelada con la remisi\u00f3n de tres trailers con la ayuda humanitaria requerida y enfocada en particular a municipios muy da\u00f1ados como los ubicados al norte y noreste en los estados de Veracruz y San Luis Potos\u00ed, previamente hab\u00edan sido enviadas varias vans con ayuda m\u00e9dica solamente<\/p>\n<p>Haciendo acopio de otras experiencias similares como la devastaci\u00f3n ocurrida en marzo de este mismo a\u00f1o en Reynosa, Lara Bazald\u00faa, demand\u00f3 desde las primeras horas de la contingencia, el apoyo de la familia de la industria maquiladora, solicitando art\u00edculos de limpieza general, herramientas de trabajo, asi como productos de higiene personal, art\u00edculos b\u00e1sicos del botiqu\u00edn, antibi\u00f3ticos, antinflamatorios, agua envasada y alimentos no perecederos.<\/p>\n<p><img loading=\"lazy\" decoding=\"async\" class=\"aligncenter wp-image-213302 size-full\" src=\"https:\/\/www.elsinodaldetamaulipas.com.mx\/wp-content\/uploads\/2025\/10\/SINDICATO-3.jpg\" alt=\"\" width=\"894\" height=\"487\" srcset=\"https:\/\/www.elsinodaldetamaulipas.com.mx\/wp-content\/uploads\/2025\/10\/SINDICATO-3.jpg 894w, https:\/\/www.elsinodaldetamaulipas.com.mx\/wp-content\/uploads\/2025\/10\/SINDICATO-3-300x163.jpg 300w, https:\/\/www.elsinodaldetamaulipas.com.mx\/wp-content\/uploads\/2025\/10\/SINDICATO-3-768x418.jpg 768w\" sizes=\"auto, (max-width: 894px) 100vw, 894px\" \/><\/p>\n<p style=\"text-align: center;\"><strong>UNA TAREA INCANSABLE<\/strong><\/p>\n<p>\u00a0\u00a0\u00a0\u00a0\u00a0\u00a0\u00a0\u00a0\u00a0\u00a0\u00a0 Acompa\u00f1ado por un grupo de activistas de la organizaci\u00f3n sindical y de su hijo el licenciado Carlos Lara Montesinos, el dirigente recorri\u00f3 una a una las plantas maquiladoras donde cuenta con representados y se logr\u00f3 la concertaci\u00f3n de la ayuda de las manufactureras y tambi\u00e9n la aportaci\u00f3n \u201chormiga\u201d de cada uno de los trabajadores que se hermanaron con el dolor de los damnificados, veracruzanos y potosinos.<\/p>\n<p>El l\u00edder logr\u00f3 embalar toneladas de ayuda procedente de la base trabajadora y empresas, pero adem\u00e1s hizo una aportaci\u00f3n por parte del sindicato para cubrir la meta que ellos solos se fijaron, consider\u00e1ndose hasta hoy el mayor apoyo destinado para atender el infortunio de aquella zona del pa\u00eds.<\/p>\n<p><img loading=\"lazy\" decoding=\"async\" class=\"aligncenter wp-image-213303 size-full\" src=\"https:\/\/www.elsinodaldetamaulipas.com.mx\/wp-content\/uploads\/2025\/10\/SINDICATO-4.jpg\" alt=\"\" width=\"894\" height=\"487\" srcset=\"https:\/\/www.elsinodaldetamaulipas.com.mx\/wp-content\/uploads\/2025\/10\/SINDICATO-4.jpg 894w, https:\/\/www.elsinodaldetamaulipas.com.mx\/wp-content\/uploads\/2025\/10\/SINDICATO-4-300x163.jpg 300w, https:\/\/www.elsinodaldetamaulipas.com.mx\/wp-content\/uploads\/2025\/10\/SINDICATO-4-768x418.jpg 768w\" sizes=\"auto, (max-width: 894px) 100vw, 894px\" \/><\/p>\n<p style=\"text-align: center;\"><strong>ESPERANZA, GRATITUD Y F\u00c9<\/strong><\/p>\n<p>\u00a0\u00a0\u00a0\u00a0\u00a0\u00a0\u00a0\u00a0\u00a0\u00a0\u00a0 Hoy, fatigado por la intensa labor que no tuvo tregua ni un solo momento, pero feliz por los resultados, la directiva sindical, activistas, delegados y funcionarios SIAMARM, a trav\u00e9s del propio gu\u00eda sindical Alberto Lara, elabor\u00f3 un comunicado distribuido generosamente a trav\u00e9s de las redes sociales, en las que expres\u00f3 su gratitud a todos quienes contribuyeron a lograr el \u00e9xito en la encomienda prioritaria: la salud y el bienestar de las familias que radican al sur de Tamaulipas.<\/p>\n<p>En su comunicado el l\u00edder hizo extensivo su agradecimiento a los l\u00edderes de las iglesias cat\u00f3licas y cristianas de Reynosa, que como siempre, fieles a la mutualidad que existe con el gremio, apoyaron no solo con oraciones y como pa\u00f1o de l\u00e1grimas, sino que se enfundaron en su overol y no solo desde los pulpitos de sus iglesias, sino saliendo a territorio, multiplicaron peticiones que como una gran bendici\u00f3n lograron cristalizarse en tiempo record.<\/p>\n<p><img loading=\"lazy\" decoding=\"async\" class=\"aligncenter wp-image-213304 size-full\" src=\"https:\/\/www.elsinodaldetamaulipas.com.mx\/wp-content\/uploads\/2025\/10\/SINDICATO-5.jpg\" alt=\"\" width=\"894\" height=\"487\" srcset=\"https:\/\/www.elsinodaldetamaulipas.com.mx\/wp-content\/uploads\/2025\/10\/SINDICATO-5.jpg 894w, https:\/\/www.elsinodaldetamaulipas.com.mx\/wp-content\/uploads\/2025\/10\/SINDICATO-5-300x163.jpg 300w, https:\/\/www.elsinodaldetamaulipas.com.mx\/wp-content\/uploads\/2025\/10\/SINDICATO-5-768x418.jpg 768w\" sizes=\"auto, (max-width: 894px) 100vw, 894px\" \/><\/p>\n<p style=\"text-align: center;\"><strong>A LA EXPECTATIVA<\/strong><\/p>\n<p>\u00a0\u00a0\u00a0\u00a0\u00a0\u00a0\u00a0\u00a0\u00a0\u00a0\u00a0 \u201cHoy queremos decirle a nuestra presidenta Claudia, a nuestro gobernador Am\u00e9rico, a nuestros compa\u00f1eros trabajadores y a nuestros hermanos, amigos y familiares de Veracruz y San Luis Potos\u00ed que hemos cumplido con nuestra la misi\u00f3n y que estamos a la expectativa para seguir contribuyendo en lo que est\u00e9 a nuestro alcance para solventar todas las secuelas e inconvenientes que traiga consigo esta situaci\u00f3n\u201d, -exterioriz\u00f3- el diputado Alberto Lara Bazald\u00faa.<\/p>\n","protected":false},"excerpt":{"rendered":"<p>Por Juan Carlos Rodr\u00edguez Terrazas\/EL SINODAL DE TAMAULIPAS Reynosa, Tam.- Los m\u00e1s hermosos valores del hombre como son la solidaridad y el humanismo, una vez m\u00e1s fueron puestos en pr\u00e1ctica por integrantes del Sindicato Industrial Aut\u00f3nomo de Maquiladoras de la Rep\u00fablica Mexicana, que con 50 toneladas de ayuda contribuyeron a atenuar la desgracia de miles [&hellip;]<\/p>\n","protected":false},"author":1,"featured_media":213300,"comment_status":"closed","ping_status":"closed","sticky":false,"template":"","format":"standard","meta":{"footnotes":""},"categories":[1,2],"tags":[],"class_list":["post-213299","post","type-post","status-publish","format-standard","has-post-thumbnail","hentry","category-portada","category-reynosa"],"_links":{"self":[{"href":"https:\/\/www.elsinodaldetamaulipas.com.mx\/index.php?rest_route=\/wp\/v2\/posts\/213299","targetHints":{"allow":["GET"]}}],"collection":[{"href":"https:\/\/www.elsinodaldetamaulipas.com.mx\/index.php?rest_route=\/wp\/v2\/posts"}],"about":[{"href":"https:\/\/www.elsinodaldetamaulipas.com.mx\/index.php?rest_route=\/wp\/v2\/types\/post"}],"author":[{"embeddable":true,"href":"https:\/\/www.elsinodaldetamaulipas.com.mx\/index.php?rest_route=\/wp\/v2\/users\/1"}],"replies":[{"embeddable":true,"href":"https:\/\/www.elsinodaldetamaulipas.com.mx\/index.php?rest_route=%2Fwp%2Fv2%2Fcomments&post=213299"}],"version-history":[{"count":2,"href":"https:\/\/www.elsinodaldetamaulipas.com.mx\/index.php?rest_route=\/wp\/v2\/posts\/213299\/revisions"}],"predecessor-version":[{"id":213312,"href":"https:\/\/www.elsinodaldetamaulipas.com.mx\/index.php?rest_route=\/wp\/v2\/posts\/213299\/revisions\/213312"}],"wp:featuredmedia":[{"embeddable":true,"href":"https:\/\/www.elsinodaldetamaulipas.com.mx\/index.php?rest_route=\/wp\/v2\/media\/213300"}],"wp:attachment":[{"href":"https:\/\/www.elsinodaldetamaulipas.com.mx\/index.php?rest_route=%2Fwp%2Fv2%2Fmedia&parent=213299"}],"wp:term":[{"taxonomy":"category","embeddable":true,"href":"https:\/\/www.elsinodaldetamaulipas.com.mx\/index.php?rest_route=%2Fwp%2Fv2%2Fcategories&post=213299"},{"taxonomy":"post_tag","embeddable":true,"href":"https:\/\/www.elsinodaldetamaulipas.com.mx\/index.php?rest_route=%2Fwp%2Fv2%2Ftags&post=213299"}],"curies":[{"name":"wp","href":"https:\/\/api.w.org\/{rel}","templated":true}]}}