{"id":213523,"date":"2025-10-22T16:31:34","date_gmt":"2025-10-22T20:31:34","guid":{"rendered":"https:\/\/www.elsinodaldetamaulipas.com.mx\/?p=213523"},"modified":"2025-10-22T16:31:34","modified_gmt":"2025-10-22T20:31:34","slug":"armando-martinez-anda-desconctrolado","status":"publish","type":"post","link":"https:\/\/www.elsinodaldetamaulipas.com.mx\/?p=213523","title":{"rendered":"ARMANDO MARTINEZ, ANDA DESCONCTROLADO"},"content":{"rendered":"<p>An\u00e1lisis y Comentario por: Christopher\u2026Mora.<\/p>\n<p>Ayer cuando escuchaba el reclamo y amenazas directas del alcalde de<br \/>\nAltamira Armando Mart\u00ednez en contra de la empresa Ferrocarriles de M\u00e9xico<br \/>\ndel grupo M\u00e9xico Transportes, exigiendo que dieran mantenimiento a los que<br \/>\nse llama derechos de v\u00eda, me di cuenta de que ya no le tiene el m\u00e1s m\u00ednimo<br \/>\nrespeto a la constituci\u00f3n pol\u00edtica de nuestro pa\u00eds, al estado de derecho, ni a los<br \/>\nprocesos judiciales.<br \/>\nCon todo y su investidura de alcalde, que muchos dicen le qued\u00f3 muy grande,<br \/>\ny desde las mismas oficinas de la presidencia municipal, convoc\u00f3 a los<br \/>\nciudadanos de ese importante municipio a un acto de resistencia.<br \/>\nAl azuzar a la poblaci\u00f3n a bloquear el paso de los trenes est\u00e1 cometiendo<br \/>\ndelitos tan graves como la asonada o el mot\u00edn.<br \/>\nArmando Mart\u00ednez est\u00e1 invitando a la apolog\u00eda de lo ilegal.<br \/>\nDebo de reconocer que al escuchar el tono de sus palabras y la conspiraci\u00f3n a<br \/>\nla que convoca, de inmediato me vino a la mente la imagen del dictador de<br \/>\nVenezuela Nicol\u00e1s Maduro que desde los medios y tribunas oficiales con<br \/>\nfrecuencia convoca al desorden, a la confrontaci\u00f3n, a la provocaci\u00f3n.<br \/>\nNo puedo entender como despu\u00e9s de tres a\u00f1os como presidente municipal de<br \/>\nAltamira, Armando Mart\u00ednez no dimensione la importancia que representan<br \/>\nlas empresas nacionales y extranjeras instaladas en el corredor industrial.<br \/>\nNo es posible que no le importe el da\u00f1o que provocar\u00e1 en la operatividad del<br \/>\npuerto industrial y al vasto complejo de empresas que utilizan a diario el<br \/>\nferrocarril para sus diversas operaciones.<br \/>\nSu actitud arrogante y dictatorial est\u00e1n totalmente en contra de la ideolog\u00eda de<br \/>\nlos postulados de MORENA, partido por el que fue elegido como alcalde.<br \/>\nEn pocas palabras Armando Mart\u00ednez est\u00e1 descontrolado y alguien debe de<br \/>\nponerle un freno a sus amenazas y ocurrencias, al menos a las de hoy.<\/p>\n<p>Hasta aqu\u00ed mi An\u00e1lisis y Comentario.<br \/>\nSoy su amigo: Christopher\u2026 Mora.<br \/>\nComentarios y sugerencias a:\u00a0victam63@yahoo.com.mx<br \/>\nY tambi\u00e9n lo invito a que visite mi p\u00e1gina de Facebook:<br \/>\n\u201cAn\u00e1lisis y Comentario\u201d.<\/p>\n","protected":false},"excerpt":{"rendered":"<p>An\u00e1lisis y Comentario por: Christopher\u2026Mora. Ayer cuando escuchaba el reclamo y amenazas directas del alcalde de Altamira Armando Mart\u00ednez en contra de la empresa Ferrocarriles de M\u00e9xico del grupo M\u00e9xico Transportes, exigiendo que dieran mantenimiento a los que se llama derechos de v\u00eda, me di cuenta de que ya no le tiene el m\u00e1s m\u00ednimo [&hellip;]<\/p>\n","protected":false},"author":1,"featured_media":213524,"comment_status":"closed","ping_status":"closed","sticky":false,"template":"","format":"standard","meta":{"footnotes":""},"categories":[16],"tags":[],"class_list":["post-213523","post","type-post","status-publish","format-standard","has-post-thumbnail","hentry","category-opinion"],"_links":{"self":[{"href":"https:\/\/www.elsinodaldetamaulipas.com.mx\/index.php?rest_route=\/wp\/v2\/posts\/213523","targetHints":{"allow":["GET"]}}],"collection":[{"href":"https:\/\/www.elsinodaldetamaulipas.com.mx\/index.php?rest_route=\/wp\/v2\/posts"}],"about":[{"href":"https:\/\/www.elsinodaldetamaulipas.com.mx\/index.php?rest_route=\/wp\/v2\/types\/post"}],"author":[{"embeddable":true,"href":"https:\/\/www.elsinodaldetamaulipas.com.mx\/index.php?rest_route=\/wp\/v2\/users\/1"}],"replies":[{"embeddable":true,"href":"https:\/\/www.elsinodaldetamaulipas.com.mx\/index.php?rest_route=%2Fwp%2Fv2%2Fcomments&post=213523"}],"version-history":[{"count":1,"href":"https:\/\/www.elsinodaldetamaulipas.com.mx\/index.php?rest_route=\/wp\/v2\/posts\/213523\/revisions"}],"predecessor-version":[{"id":213525,"href":"https:\/\/www.elsinodaldetamaulipas.com.mx\/index.php?rest_route=\/wp\/v2\/posts\/213523\/revisions\/213525"}],"wp:featuredmedia":[{"embeddable":true,"href":"https:\/\/www.elsinodaldetamaulipas.com.mx\/index.php?rest_route=\/wp\/v2\/media\/213524"}],"wp:attachment":[{"href":"https:\/\/www.elsinodaldetamaulipas.com.mx\/index.php?rest_route=%2Fwp%2Fv2%2Fmedia&parent=213523"}],"wp:term":[{"taxonomy":"category","embeddable":true,"href":"https:\/\/www.elsinodaldetamaulipas.com.mx\/index.php?rest_route=%2Fwp%2Fv2%2Fcategories&post=213523"},{"taxonomy":"post_tag","embeddable":true,"href":"https:\/\/www.elsinodaldetamaulipas.com.mx\/index.php?rest_route=%2Fwp%2Fv2%2Ftags&post=213523"}],"curies":[{"name":"wp","href":"https:\/\/api.w.org\/{rel}","templated":true}]}}