{"id":213526,"date":"2025-10-22T17:08:32","date_gmt":"2025-10-22T21:08:32","guid":{"rendered":"https:\/\/www.elsinodaldetamaulipas.com.mx\/?p=213526"},"modified":"2025-10-22T17:13:20","modified_gmt":"2025-10-22T21:13:20","slug":"la-sancion-a-munoz-cano","status":"publish","type":"post","link":"https:\/\/www.elsinodaldetamaulipas.com.mx\/?p=213526","title":{"rendered":"LA SANCI\u00d3N A MU\u00d1OZ CANO"},"content":{"rendered":"<p><em><strong>Por Oscar D\u00edaz Salazar<\/strong><\/em><\/p>\n<p>Si un hombre se vuelve malo<br \/>\nal hombre le llaman perro<br \/>\nSi un hombre se vuelve malo<br \/>\nal hombre le llaman perro<br \/>\nQue ofensa para mi perro,<br \/>\ncompararlo a gente mala<\/p>\n<p>Milonga para mi perro<br \/>\nMar\u00eda Dolores Pradera<\/p>\n<p>El dirigente estatal del Partido Verde Ecologista de M\u00e9xico, Manuel Mu\u00f1oz Cano, fue declarado culpable, y por lo tanto sancionado, por los integrantes del Instituto Electoral de Tamaulipas (IETAM), por ejercer violencia pol\u00edtica de g\u00e9nero contra la diputada de morena Katalyna Mendez.<\/p>\n<p>Los hechos, o m\u00e1s bien los dichos, que denunci\u00f3 la diputada victorense, fueron las declaraciones del l\u00edder del Verde, en las que se refiri\u00f3 a ella como \u201cla ni\u00f1a\u201d.<\/p>\n<p>No comparto el punto de vista de la diputada ni de los Consejeros Electorales que encontraron ofensivo el dirigirse como Ni\u00f1a a un actor pol\u00edtico, y por eso mismo sujeto a la cr\u00edtica, a un representante popular que trabaja en una instituci\u00f3n que en otras naciones se denomina parlamento, vocablo que deriva de parlar, de charlar, de discutir, de hablar.<\/p>\n<p>Me parece absurdo que en la argumentaci\u00f3n de estas querellas, agreguen intencionalidades o \u00e1nimo de ofender, donde no lo hay o no hay forma de demostrarlo.<\/p>\n<p>En este caso concreto, no veo ofensa al decirle ni\u00f1a, pues bajo ninguna circunstancia puede ser ofensivo equiparar a un ser humano, de sexo femenino y de corta edad. Incluso cuando la palabra \u201cni\u00f1a\u201d lleva impl\u00edcita el se\u00f1alamiento de la homosexualidad masculina.<\/p>\n<p>Espero que Manuel Mu\u00f1oz Cano lleve el litigio a instancias superiores, donde suelen fallar contra las resoluciones del IETAM. Espero tambi\u00e9n que lleguemos pronto y con \u00e9xito a un nuevo equilibrio, al uso de un lenguaje que deje atr\u00e1s la cultura machista y patriarcal que tenemos, ejercemos y algun@s padecen, y que esa lucha leg\u00edtima que est\u00e1n dando para erradicar la violencia pol\u00edtica contra las mujeres, no degenere en abuso de algunas de ellas para cobrar notoriedad y evadir la cr\u00edtica que es inherente al ejercicio de los cargos p\u00fablicos y a la pol\u00edtica, en la democracia.<\/p>\n<p>Sostengo que es m\u00e1s perniciosa y peligrosa la intolerancia, los intentos de censurar y de impedir la libre manifestaci\u00f3n de las ideas, con el argumento de la ofensa por el uso de determinadas palabras o el estilo de los discursos.<\/p>\n<p>Los pol\u00edticos, y en general las personas de cualquier edad, estrato social, condici\u00f3n, situaci\u00f3n, sexo y g\u00e9nero, pueden ser, y algunos son, ladrones, deshonestos, infantiles, ambiciosos, subordinados, groseros, incultos, irresponsables, aprovechados, maliciosos, ociosos, viciosos, engre\u00eddos, vanidosos y \u201csanababiches\u201d, como dicen en la frontera. Establecido esto, les pregunto por qu\u00e9 ser\u00eda violencia pol\u00edtica de g\u00e9nero utilizar alguna de esas esas palabras con las mujeres, si las mismas se utilizan con los hombres.<\/p>\n<p>Es como si la tesorera y la secretaria de salud de Cabeza de Vaca, se dolieran de violencia pol\u00edtica de g\u00e9nero, cuando se les acusa de varios delitos relacionados con el manejo de millonarios recursos econ\u00f3micos.<\/p>\n<p>El p\u00e1rrafo de la canci\u00f3n de Mar\u00eda Dolores Pradera, es para invitados a reflexionar sobre el lenguaje, las palabras, las comparaciones, las ofensas y los sentimientos. Por mi parte creo que la generaci\u00f3n de cristal est\u00e1 estirando la liga, tanto que se est\u00e1 pareciendo mucho a la censura.<\/p>\n","protected":false},"excerpt":{"rendered":"<p>Por Oscar D\u00edaz Salazar Si un hombre se vuelve malo al hombre le llaman perro Si un hombre se vuelve malo al hombre le llaman perro Que ofensa para mi perro, compararlo a gente mala Milonga para mi perro Mar\u00eda Dolores Pradera El dirigente estatal del Partido Verde Ecologista de M\u00e9xico, Manuel Mu\u00f1oz Cano, fue [&hellip;]<\/p>\n","protected":false},"author":1,"featured_media":213527,"comment_status":"closed","ping_status":"closed","sticky":false,"template":"","format":"standard","meta":{"footnotes":""},"categories":[16],"tags":[],"class_list":["post-213526","post","type-post","status-publish","format-standard","has-post-thumbnail","hentry","category-opinion"],"_links":{"self":[{"href":"https:\/\/www.elsinodaldetamaulipas.com.mx\/index.php?rest_route=\/wp\/v2\/posts\/213526","targetHints":{"allow":["GET"]}}],"collection":[{"href":"https:\/\/www.elsinodaldetamaulipas.com.mx\/index.php?rest_route=\/wp\/v2\/posts"}],"about":[{"href":"https:\/\/www.elsinodaldetamaulipas.com.mx\/index.php?rest_route=\/wp\/v2\/types\/post"}],"author":[{"embeddable":true,"href":"https:\/\/www.elsinodaldetamaulipas.com.mx\/index.php?rest_route=\/wp\/v2\/users\/1"}],"replies":[{"embeddable":true,"href":"https:\/\/www.elsinodaldetamaulipas.com.mx\/index.php?rest_route=%2Fwp%2Fv2%2Fcomments&post=213526"}],"version-history":[{"count":3,"href":"https:\/\/www.elsinodaldetamaulipas.com.mx\/index.php?rest_route=\/wp\/v2\/posts\/213526\/revisions"}],"predecessor-version":[{"id":213530,"href":"https:\/\/www.elsinodaldetamaulipas.com.mx\/index.php?rest_route=\/wp\/v2\/posts\/213526\/revisions\/213530"}],"wp:featuredmedia":[{"embeddable":true,"href":"https:\/\/www.elsinodaldetamaulipas.com.mx\/index.php?rest_route=\/wp\/v2\/media\/213527"}],"wp:attachment":[{"href":"https:\/\/www.elsinodaldetamaulipas.com.mx\/index.php?rest_route=%2Fwp%2Fv2%2Fmedia&parent=213526"}],"wp:term":[{"taxonomy":"category","embeddable":true,"href":"https:\/\/www.elsinodaldetamaulipas.com.mx\/index.php?rest_route=%2Fwp%2Fv2%2Fcategories&post=213526"},{"taxonomy":"post_tag","embeddable":true,"href":"https:\/\/www.elsinodaldetamaulipas.com.mx\/index.php?rest_route=%2Fwp%2Fv2%2Ftags&post=213526"}],"curies":[{"name":"wp","href":"https:\/\/api.w.org\/{rel}","templated":true}]}}