{"id":213538,"date":"2025-10-22T18:10:22","date_gmt":"2025-10-22T22:10:22","guid":{"rendered":"https:\/\/www.elsinodaldetamaulipas.com.mx\/?p=213538"},"modified":"2025-10-22T18:10:22","modified_gmt":"2025-10-22T22:10:22","slug":"norona-y-adan-augusto-en-el-ojo-del-huracan","status":"publish","type":"post","link":"https:\/\/www.elsinodaldetamaulipas.com.mx\/?p=213538","title":{"rendered":"NORO\u00d1A Y AD\u00c1N AUGUSTO, EN EL OJO DEL HURAC\u00c1N"},"content":{"rendered":"<p>En medio del esc\u00e1ndalo por la adquisici\u00f3n de una residencia millonaria, que lo exhibe como personaje rico, cuando hasta hace poco formaba parte del \u201cpueblo pobre\u201d, y de un recorrido a\u00e9reo en vuelo privado (de 14 mil d\u00f3lares), por 3 ciudades de Coahuila en misi\u00f3n pol\u00edtica ajena a sus funciones legislativas, el senador Gerardo Fern\u00e1ndez Noro\u00f1a, nuevamente est\u00e1 en el ojo del hurac\u00e1n, ahora por un viaje a los emiratos \u00e1rabes.<\/p>\n<p>Peor a\u00fan, cuando la explicaci\u00f3n que dio, es que va, \u201cpor la situaci\u00f3n que est\u00e1 viviendo el pueblo palestino\u201d. Y nos preguntamos \u00bflo que est\u00e1n pasando los mexicanos de 4 estados del pa\u00eds? \u00bfEso no merece su atenci\u00f3n?<\/p>\n<p>Para colmo se filtraron sus comentarios formulados en petit comit\u00e9: \u201cMis viajes no son nada, comparados con los de Andy L\u00f3pez Beltr\u00e1n (el segundo de los hijos de AMLO, y secretario de organizaci\u00f3n del CEN Morena) que en julio pasado estuvo en Jap\u00f3n o de Luisa Mar\u00eda Alcalde presidenta nacional de MORENA\u201d. No falt\u00f3 quien grabara un audio y lo difundiera.<\/p>\n<p>De ah\u00ed que hay quienes piensan que por eso fue enviado a Palestina, lo cual perder\u00e1 cualquier posibilidad de veracidad si lo tenemos de regreso en un par de semanas, salvo que le asignen una misi\u00f3n diplom\u00e1tica en ese pa\u00eds.<\/p>\n<p><strong>A AD\u00c1N AUGUSTO NO LE CUADRAN GASTOS CON INGRESOS. \u2013\u00a0<\/strong>Ah\u00ed tiene usted que al \u201cprimo de oro\u201d, parece que sus egresos son superiores a los ingresos, la diferencia entre uno y otro rengl\u00f3n es de alrededor de 30 millones de pesos, a pesar de contabilizar una suma por concepto de una herencia. Ahora se encuentra bajo la lupa del Sistema Nacional Anticorrupci\u00f3n, que es la coordinaci\u00f3n que sostienen las autoridades de todos los \u00f3rdenes de gobierno, para prevenir, detectar y sancionar las faltas administrativas y actos de corrupci\u00f3n, de esta manera se fiscaliza y controlan los recursos p\u00fablicos.<\/p>\n<p>El s\u00f3lo hecho de estar bajo sospecha, y que se hubiera filtrado esta circunstancia, es un s\u00edntoma de que don Ad\u00e1n no se encuentra en el mejor de los momentos, ni tiene la mejor de las relaciones con quien tiene en sus manos los hilos del poder. De estas circunstancias, el senador terminar\u00e1 entendiendo que existe por encima de \u00e9l, otro mando superior.<\/p>\n<p>El problema no s\u00f3lo es que no le cuadren los egresos con los ingresos, sino que estos 30 millones de pesos que desapareci\u00f3 por arte de magia en su declaraci\u00f3n patrimonial, es indici\u00f3 de una \u201cposible\u201d evasi\u00f3n fiscal. Lo entrecomillamos, porque quiz\u00e1 su contador se equivoc\u00f3.<\/p>\n<p>Para colmo de su mandato como gobernador (2019-2021), Ad\u00e1n Augusto, ahora tendr\u00e1 que hacer frente a las acusaciones de la panista, Mar\u00eda Elena P\u00e9rez-Ja\u00e9n Zerme\u00f1o, diputada 2021-2024, quien present\u00f3 ante la Fiscal\u00eda General de la Rep\u00fablica 37 denuncias, con un monto global de 700 millones de pesos.<\/p>\n<p><strong>REALIZAN 7\u00aa SEMANA DE CIBER-SEGURIDAD EN LA UAT.<\/strong>\u00a0\u2013 La celebraci\u00f3n de este evento, es una confirmaci\u00f3n del avance consolidado que ha logrado la Universidad Aut\u00f3noma de Tamaulipas, en la aplicaci\u00f3n de las tecnolog\u00edas educativas, que en los \u00faltimos siete a\u00f1os ha abierto este foro para exponer los avances en la materia, lo cual introduce a sus estudiantes en el tema y consolida a los docentes.<\/p>\n<p>De ah\u00ed que el rector D\u00e1maso Anaya Alvarado, dejara constancia en su intervenci\u00f3n, de que la universidad es pionera en el uso de tecnolog\u00edas educativas desde los a\u00f1os 90. Eso tuvo lugar al inaugurar la S\u00e9ptima Semana de Ciberseguridad, en ese marco reafirm\u00f3 el compromiso institucional de fortalecer las estrategias de protecci\u00f3n digital y fomentar el uso responsable de las tecnolog\u00edas emergentes en la comunidad universitaria.<\/p>\n<p>El acto tuvo lugar en el gimnasio multidisciplinario del campus Victoria, ah\u00ed el rector destac\u00f3, que la ciberseguridad es una causa humana que trasciende lo t\u00e9cnico, al centrarse en la protecci\u00f3n de la informaci\u00f3n, las ideas y la dignidad de las personas en el entorno digital.<\/p>\n<p>El programa de actividades se prolongar\u00e1 hasta el viernes 24 de octubre, al concluir se habr\u00e1n llevado a cabo m\u00e1s de 20 conferencias y talleres especializados sobre temas de: inteligencia artificial, \u00e9tica digital ciber ciberdefensa, protecci\u00f3n de datos, entre otros, todos ellos impartidos por especialistas de organizaciones como Microsoft, Huawei y Lenovo entre otras.<\/p>\n","protected":false},"excerpt":{"rendered":"<p>En medio del esc\u00e1ndalo por la adquisici\u00f3n de una residencia millonaria, que lo exhibe como personaje rico, cuando hasta hace poco formaba parte del \u201cpueblo pobre\u201d, y de un recorrido a\u00e9reo en vuelo privado (de 14 mil d\u00f3lares), por 3 ciudades de Coahuila en misi\u00f3n pol\u00edtica ajena a sus funciones legislativas, el senador Gerardo Fern\u00e1ndez [&hellip;]<\/p>\n","protected":false},"author":1,"featured_media":213376,"comment_status":"closed","ping_status":"closed","sticky":false,"template":"","format":"standard","meta":{"footnotes":""},"categories":[16],"tags":[],"class_list":["post-213538","post","type-post","status-publish","format-standard","has-post-thumbnail","hentry","category-opinion"],"_links":{"self":[{"href":"https:\/\/www.elsinodaldetamaulipas.com.mx\/index.php?rest_route=\/wp\/v2\/posts\/213538","targetHints":{"allow":["GET"]}}],"collection":[{"href":"https:\/\/www.elsinodaldetamaulipas.com.mx\/index.php?rest_route=\/wp\/v2\/posts"}],"about":[{"href":"https:\/\/www.elsinodaldetamaulipas.com.mx\/index.php?rest_route=\/wp\/v2\/types\/post"}],"author":[{"embeddable":true,"href":"https:\/\/www.elsinodaldetamaulipas.com.mx\/index.php?rest_route=\/wp\/v2\/users\/1"}],"replies":[{"embeddable":true,"href":"https:\/\/www.elsinodaldetamaulipas.com.mx\/index.php?rest_route=%2Fwp%2Fv2%2Fcomments&post=213538"}],"version-history":[{"count":1,"href":"https:\/\/www.elsinodaldetamaulipas.com.mx\/index.php?rest_route=\/wp\/v2\/posts\/213538\/revisions"}],"predecessor-version":[{"id":213539,"href":"https:\/\/www.elsinodaldetamaulipas.com.mx\/index.php?rest_route=\/wp\/v2\/posts\/213538\/revisions\/213539"}],"wp:featuredmedia":[{"embeddable":true,"href":"https:\/\/www.elsinodaldetamaulipas.com.mx\/index.php?rest_route=\/wp\/v2\/media\/213376"}],"wp:attachment":[{"href":"https:\/\/www.elsinodaldetamaulipas.com.mx\/index.php?rest_route=%2Fwp%2Fv2%2Fmedia&parent=213538"}],"wp:term":[{"taxonomy":"category","embeddable":true,"href":"https:\/\/www.elsinodaldetamaulipas.com.mx\/index.php?rest_route=%2Fwp%2Fv2%2Fcategories&post=213538"},{"taxonomy":"post_tag","embeddable":true,"href":"https:\/\/www.elsinodaldetamaulipas.com.mx\/index.php?rest_route=%2Fwp%2Fv2%2Ftags&post=213538"}],"curies":[{"name":"wp","href":"https:\/\/api.w.org\/{rel}","templated":true}]}}