{"id":213540,"date":"2025-10-22T18:47:24","date_gmt":"2025-10-22T22:47:24","guid":{"rendered":"https:\/\/www.elsinodaldetamaulipas.com.mx\/?p=213540"},"modified":"2025-10-22T18:47:24","modified_gmt":"2025-10-22T22:47:24","slug":"adios-al-coyote-y-a-victor","status":"publish","type":"post","link":"https:\/\/www.elsinodaldetamaulipas.com.mx\/?p=213540","title":{"rendered":"ADIOS AL COYOTE Y A V\u00cdCTOR"},"content":{"rendered":"<div class=\"xdj266r x14z9mp xat24cr x1lziwak x1vvkbs x126k92a\">\n<h3 dir=\"auto\">LA COMUNA<\/h3>\n<\/div>\n<div class=\"x14z9mp xat24cr x1lziwak x1vvkbs xtlvy1s x126k92a\">\n<h3 dir=\"auto\">Jos\u00e9 \u00c1ngel Solorio Mart\u00ednez<\/h3>\n<\/div>\n<div class=\"x14z9mp xat24cr x1lziwak x1vvkbs xtlvy1s x126k92a\">\n<div dir=\"auto\"><\/div>\n<div dir=\"auto\">Se fueron los dos, de un solo golpe. Ambos, nos dejaron con una sensaci\u00f3n de orfandad, que por el dolor parece doble. V\u00edctor Contreras Pi\u00f1a y el Coyote, nos abandonaron sin m\u00e1s ni m\u00e1s; ni siquiera , tuve tiempo de despedirlos en vida con ese gusto y algarab\u00eda que, mutuamente nos provocaba el gusto de encontrarnos.<\/div>\n<div dir=\"auto\">La congoja de Pedro Alfonso me alcanz\u00f3 la ma\u00f1ana de hoy.<\/div>\n<div dir=\"auto\">Por sus letras me enter\u00e9 de su partida.<\/div>\n<div dir=\"auto\">El Coyote y V\u00edctor, dejan desamparados a su familia y a sus amigos; a nosotros -parte de su generaci\u00f3n- nos faltar\u00e1 siempre porque deja un hueco dif\u00edcil de llenar, por lo mucho que represent\u00f3 para todos.<\/div>\n<div dir=\"auto\">El gran consuelo para sus familiares es su m\u00faltiple legado -en el oficio de escribir, en la docencia y como amigo-: dif\u00edcilmente se olvidar\u00e1. El recuerdo suyo, permanecer\u00e1 en los estudiantes que form\u00f3 en sus tiempos de maestro universitario en la UAT; en las decenas de periodistas que ech\u00f3 a la calle con formidables herramientas para el despliegue de su oficio y profesi\u00f3n; y para sus cuates y lectores, bastar\u00e1 releer sus art\u00edculos y entrevistas period\u00edsticas del pasado para traerlo a nuestras vidas del presente.<\/div>\n<div dir=\"auto\">Escribir, es una forma de inmortalidad.<\/div>\n<div dir=\"auto\">Por una raz\u00f3n: las letras jam\u00e1s desaparecen; las que no quedan en la memoria del hombre, quedan impresas en el papel que como quieran verse, son para la eternidad.<\/div>\n<div dir=\"auto\">V\u00edctor y el Coyote, escribieron con su pluma textos memorables que por muchos a\u00f1os vivir\u00e1n en el imaginario colectivo de sus lectores y quedar\u00e1n como obligadas fuentes, cuando alguien decida escribir la historia del periodismo tamaulipeco o la historia pol\u00edtica del estado o la historia de sus pol\u00edticos, que tan bien describi\u00f3 en sus entregas.<\/div>\n<div dir=\"auto\">Y c\u00f3mo no: el Coyote y V\u00edctor, son personajes hist\u00f3ricos del periodismo regional.<\/div>\n<div dir=\"auto\">El Coyote redactaba con desparpajo, iron\u00eda, sarcasmo y sa\u00f1a; V\u00edctor, escrib\u00eda con los instrumentos que la academia le provey\u00f3: pulcra redacci\u00f3n, claridad conceptual y frases sorprendentes.<\/div>\n<div dir=\"auto\">Ambos, revolucionaron el periodismo.<\/div>\n<div dir=\"auto\">A El Gr\u00e1fico, llevado por sus manos, le imprimieron un notable liderazgo convirti\u00e9ndolo en una de las mejores \u00e9pocas en cuanto a calidad y profesionalismo. El Expreso -donde estuve un tiempo, aprendiendo al lado de ellos- en s\u00f3lo unos meses lo perfilaron como la empresa l\u00edder del ramo en la capital y una de las publicaciones de mayor relevancia en el estado.<\/div>\n<div dir=\"auto\">Los dos ya no est\u00e1n aqu\u00ed.<\/div>\n<div dir=\"auto\">A sus amigos, su partida nos entristece y nos lastima.<\/div>\n<div dir=\"auto\">Para paliar, esos amargos sentimientos, lo recordar\u00e9 feliz tocando su guitarra y sonriendo en el Cerro Bola.<\/div>\n<\/div>\n","protected":false},"excerpt":{"rendered":"<p>LA COMUNA Jos\u00e9 \u00c1ngel Solorio Mart\u00ednez Se fueron los dos, de un solo golpe. Ambos, nos dejaron con una sensaci\u00f3n de orfandad, que por el dolor parece doble. V\u00edctor Contreras Pi\u00f1a y el Coyote, nos abandonaron sin m\u00e1s ni m\u00e1s; ni siquiera , tuve tiempo de despedirlos en vida con ese gusto y algarab\u00eda que, [&hellip;]<\/p>\n","protected":false},"author":1,"featured_media":213541,"comment_status":"closed","ping_status":"closed","sticky":false,"template":"","format":"standard","meta":{"footnotes":""},"categories":[16],"tags":[],"class_list":["post-213540","post","type-post","status-publish","format-standard","has-post-thumbnail","hentry","category-opinion"],"_links":{"self":[{"href":"https:\/\/www.elsinodaldetamaulipas.com.mx\/index.php?rest_route=\/wp\/v2\/posts\/213540","targetHints":{"allow":["GET"]}}],"collection":[{"href":"https:\/\/www.elsinodaldetamaulipas.com.mx\/index.php?rest_route=\/wp\/v2\/posts"}],"about":[{"href":"https:\/\/www.elsinodaldetamaulipas.com.mx\/index.php?rest_route=\/wp\/v2\/types\/post"}],"author":[{"embeddable":true,"href":"https:\/\/www.elsinodaldetamaulipas.com.mx\/index.php?rest_route=\/wp\/v2\/users\/1"}],"replies":[{"embeddable":true,"href":"https:\/\/www.elsinodaldetamaulipas.com.mx\/index.php?rest_route=%2Fwp%2Fv2%2Fcomments&post=213540"}],"version-history":[{"count":1,"href":"https:\/\/www.elsinodaldetamaulipas.com.mx\/index.php?rest_route=\/wp\/v2\/posts\/213540\/revisions"}],"predecessor-version":[{"id":213542,"href":"https:\/\/www.elsinodaldetamaulipas.com.mx\/index.php?rest_route=\/wp\/v2\/posts\/213540\/revisions\/213542"}],"wp:featuredmedia":[{"embeddable":true,"href":"https:\/\/www.elsinodaldetamaulipas.com.mx\/index.php?rest_route=\/wp\/v2\/media\/213541"}],"wp:attachment":[{"href":"https:\/\/www.elsinodaldetamaulipas.com.mx\/index.php?rest_route=%2Fwp%2Fv2%2Fmedia&parent=213540"}],"wp:term":[{"taxonomy":"category","embeddable":true,"href":"https:\/\/www.elsinodaldetamaulipas.com.mx\/index.php?rest_route=%2Fwp%2Fv2%2Fcategories&post=213540"},{"taxonomy":"post_tag","embeddable":true,"href":"https:\/\/www.elsinodaldetamaulipas.com.mx\/index.php?rest_route=%2Fwp%2Fv2%2Ftags&post=213540"}],"curies":[{"name":"wp","href":"https:\/\/api.w.org\/{rel}","templated":true}]}}