{"id":213545,"date":"2025-10-22T18:56:11","date_gmt":"2025-10-22T22:56:11","guid":{"rendered":"https:\/\/www.elsinodaldetamaulipas.com.mx\/?p=213545"},"modified":"2025-10-22T18:56:41","modified_gmt":"2025-10-22T22:56:41","slug":"encuestas-el-metodo","status":"publish","type":"post","link":"https:\/\/www.elsinodaldetamaulipas.com.mx\/?p=213545","title":{"rendered":"ENCUESTAS, EL M\u00c9TODO"},"content":{"rendered":"<p>Jugarle al enmascarado, andar con tibiezas, o \u201cde bajo perfil, ya en estas \u00e9pocas, ser\u00e1 un grave error para miembros de Morena que aspiren a candidaturas, porque las encuestas definir\u00e1n quienes aparecer\u00e1n en las boletas del 2027 y 2028 y para ello no bastar\u00e1 con hacer mucho ruido en el feis y tiktok, tambi\u00e9n tendr\u00e1n que \u201censuciarse los zapatos\u201d, \u201ctrabajar a ras de tierra\u201d, o por lo menos cumplir con sus actuales encomiendas, eso les dijo la presidenta del Comit\u00e9 Ejecutivo Nacional de su Partido, Luisa Mar\u00eda Alcalde Lujan, quien estuvo en Ciudad Victoria este martes 21 de octubre.<\/p>\n<p>La dirigente partidista aprovech\u00f3 su estad\u00eda en Tamaulipas para dos cosas m\u00e1s, reconocer que este es el Estado de los 32 en M\u00e9xico donde mayor respaldo tiene la presidenta Claudia Sheinbaum y que el gobernador Am\u00e9rico Villarreal es de los m\u00e1s respaldados por la ciudadan\u00eda de su Entidad, esto de acuerdo a las encuestas de Consulta Mitofsky; pero tambi\u00e9n para arremeter contra el exgobernador, contra el pr\u00f3fugo Cabeza N a quien bautiz\u00f3, otra vez, como corrupto y c\u00ednico.<\/p>\n<p>Con los datos de las encuestas la presidenta de Morena afirm\u00f3 que \u201cla transformaci\u00f3n\u201d lleg\u00f3 y va a continuar en Tamaulipas, es decir, que tienen en la bolsa triunfos en la pr\u00f3xima elecci\u00f3n del 2027 y la del 2028, ya que una vez que se ganen las candidaturas, all\u00e1 a finales de 2026, se cerrar\u00e1 filas y evitar\u00e1n pleitos para ir a las campa\u00f1as en unidad.<\/p>\n<p>Una cosa debe quedarle clara a los morenos que deseen una candidatura, no bastar\u00e1 el cari\u00f1o que les tengan los dirigentes partidistas, ni el mucho o poco dinero que puedan meterle a sus ambiciones, si quieren aparecer en una boleta electoral tendr\u00e1n que ir a las colonias, los ejidos, hacer todo lo posible por ser mencionados como favoritos o probables candidatos por personas serias, de esas con credibilidad en sus bases, porque al final ya no podr\u00e1n ser elegidos por trabajo de n unos d\u00edas o semanas, mucho menos se podr\u00e1n inventar candidaturas como en los viejos tiempos.<\/p>\n<p>Y ese ser\u00e1 el gran problema de muchos pol\u00edticos, no se les da la chamba en territorio, a ras de suelo, la misma dirigencia estatal de Morena, en este momento, tiene casi el mismo valor de un cero a la izquierda en ese aspecto, porque no se ven, no se notan, pareciera que no hacen nada.<\/p>\n<p>M\u00e1s triste es el caso de algunas y algunos que quieren las candidaturas nom\u00e1s porque sienten que las merecen, son amigas o amigos de alguien encumbrado o tienen mucho dinero y ya, ellos se topar\u00e1n con pared.<\/p>\n<p>Conclusi\u00f3n, la presidenta de Morena ya mostr\u00f3 las cartas, ya les dijo a los aspirantes a candidatos que tienen que guardar todas las formas y respetar las leyes electorales, pero que eso no es lo mismo que quedarse sin hacer nada, que deben defender la transformaci\u00f3n, conocer a la gente, trabajar a ras de tierra, ensuciarse las suelas de los zapatos, lo que sigue, pues ya veremos si se les da.<\/p>\n<p>Las encuestas ser\u00e1n el m\u00e9todo de selecci\u00f3n de candidatos y anunciado desde hoy para que nadie se diga sorprendido<\/p>\n<p>Ahora s\u00ed, lo dicho por la presidenta de Morena, Luisa Mar\u00eda Alcalde, fue un banderazo de salida para quienes ambicionan ser alcaldes, Diputados o diputados federales en el 2027 o ir por la gubernatura el 2028, ya veremos si lo entendieron quienes aspiran a ser candidatos desde un c\u00f3modo sill\u00f3n en una oficina gubernamental o desde un cargo administrativo o de elecci\u00f3n partidista, porque ha de saber que a muchos de los que ganaron con votos el a\u00f1o pasado ya ni se les recuerda en las colonias porque andan desaparecidos aunque ellos y ellas se sientan bien famosos y capaces de ganar otra encuesta\u2026<\/p>\n<p>ACERCAN SERVICIOS DE GOBIERNO A HABITANTES DEL MUNICIPIO DE CASAS\u2026 Con el prop\u00f3sito de mejorar la calidad de vida de las familias y acercar los servicios del Gobierno del Estado y del Sistema DIF Tamaulipas, que preside la doctora Mar\u00eda de Villarreal, a comunidades de atenci\u00f3n prioritaria, se llev\u00f3 a cabo la brigada \u201cTransformando Familias\u201d en el municipio de Casas.<\/p>\n<p>La jornada fue encabezada por la directora general del Sistema DIF Tamaulipas, Patricia Eugenia Lara Ayala, quien recorri\u00f3 cada uno de los m\u00f3dulos instalados por este organismo y las distintas dependencias del Gobierno de Tamaulipas, para constatar la atenci\u00f3n brindada a las y los habitantes del municipio.<\/p>\n<p>Durante la brigada, se ofrecieron servicios integrales y gratuitos por parte de las \u00e1reas del Sistema DIF Tamaulipas, tales como programas alimentarios, fortalecimiento familiar, atenci\u00f3n ciudadana y a poblaci\u00f3n prioritaria, desarrollo comunitario, as\u00ed como servicios de salud, atenci\u00f3n dental y nutricional, adem\u00e1s de la entrega de aparatos funcionales, auditivos, lentes graduados y apoyos alimentarios.<\/p>\n<p>Asimismo, diversas dependencias estatales participaron otorgando tr\u00e1mites y servicios gratuitos o a bajo costo, entre ellas la Oficina Fiscal, el Registro Civil, el Instituto Tamaulipeco de Vivienda y Urbanismo (ITAVU), m\u00f3dulos de informaci\u00f3n sobre becas y asesor\u00eda jur\u00eddica, entre otros, adem\u00e1s del Colegio de Notarios de Tamaulipas.<\/p>\n<p>En total, alrededor de 800 personas de la cabecera municipal y comunidades rurales de Casas fueron beneficiadas con atenci\u00f3n directa y la entrega de igual n\u00famero de apoyos alimentarios.<\/p>\n<p>Con estas acciones, el Sistema DIF Tamaulipas reafirma su compromiso de acercar los programas y servicios que promueven el bienestar y la inclusi\u00f3n social de las familias tamaulipecas, fortaleciendo el tejido comunitario y brindando atenci\u00f3n digna y cercana a quienes m\u00e1s lo necesitan.<\/p>\n<p>FORTALECER CIBERSEGURIDAD SER\u00c1 TAREA FUNDAMENTAL EN LA UAT\u2026 Al poner en marcha la S\u00e9ptima Semana de Ciberseguridad, el rector de la Universidad Aut\u00f3noma de Tamaulipas (UAT), D\u00e1maso Anaya Alvarado, reafirm\u00f3 el compromiso institucional de fortalecer las estrategias de protecci\u00f3n digital y fomentar el uso responsable de las tecnolog\u00edas emergentes en la comunidad universitaria.<\/p>\n<p>Durante el evento inaugural, celebrado en el Gimnasio Multidisciplinario del Campus Victoria, el rector destac\u00f3 que la ciberseguridad es una causa humana que trasciende lo t\u00e9cnico, al centrarse en la protecci\u00f3n de la informaci\u00f3n, las ideas y la dignidad de las personas en el entorno digital.<\/p>\n<p>En su mensaje, ante la asistencia de estudiantes, docentes y profesionistas del sector de las tecnolog\u00edas de la informaci\u00f3n, se\u00f1al\u00f3 que los Derechos Humanos representan el \u201cc\u00f3digo fuente\u201d de toda sociedad justa, y subray\u00f3 que educar en ciberseguridad implica tambi\u00e9n formar en \u00e9tica, responsabilidad y conciencia social.<\/p>\n<p>El rector record\u00f3 que la UAT ha sido pionera en el uso de tecnolog\u00edas educativas desde los a\u00f1os noventa; y que la experiencia adquirida durante la pandemia fortaleci\u00f3 su modelo acad\u00e9mico digital.<\/p>\n<p>Puntualiz\u00f3 que la tecnolog\u00eda debe servir a la vida y no reemplazarla, y que la verdadera innovaci\u00f3n radica en su uso \u00e9tico y solidario. Finalmente, exhort\u00f3 al estudiantado a utilizar el conocimiento y las herramientas digitales para construir, inspirar y transformar.<\/p>\n<p>Por su parte, el secretario de Administraci\u00f3n, Jes\u00fas Francisco Castillo Cedillo, destac\u00f3 que, gracias al liderazgo del rector D\u00e1maso Anaya, la UAT se consolida como una instituci\u00f3n pionera en estrategias y certificaciones internacionales en ciberseguridad, mediante el trabajo conjunto con la Asociaci\u00f3n Nacional de Universidades e Instituciones de Educaci\u00f3n Superior (ANUIES) y la Corporaci\u00f3n Universitaria para el Desarrollo de Internet (CUDI).<\/p>\n<p>A su vez, en mensaje por videoconferencia, el coordinador del Centro de Respuesta a Incidentes de Seguridad Inform\u00e1tica del CUDI, Fernando Aranda Escobar, reconoci\u00f3 el papel de la UAT en la concientizaci\u00f3n en temas de seguridad digital, subrayando tambi\u00e9n la importancia que le ha dado la casa de estudios a invertir no solo en infraestructura, sino tambi\u00e9n en la formaci\u00f3n de capital humano especializado y la sensibilizaci\u00f3n de los usuarios.<\/p>\n<p>Al evento, asistieron tambi\u00e9n el subsecretario de Educaci\u00f3n Media Superior y Superior del Estado, Igor Crespo Sol\u00eds; el director de Infraestructura Tecnol\u00f3gica, Ediberto \u00c1lvarez Rodr\u00edguez; directivos de las facultades y unidades acad\u00e9micas; as\u00ed como personal de las \u00e1reas de tecnolog\u00eda de la UAT y de diferentes dependencias gubernamentales y educativas.<\/p>\n<p>La S\u00e9ptima Semana de Ciberseguridad de la UAT se desarrolla bajo el lema \u201cLa seguridad digital evoluciona con la I.A. \u00bfEst\u00e1s listo?\u201d. A lo largo de esta semana de actividades, que se extender\u00e1 hasta el 24 de octubre, se llevar\u00e1n a cabo m\u00e1s de veinte conferencias y talleres especializados sobre temas como inteligencia artificial, \u00e9tica digital, ciberdefensa, protecci\u00f3n de datos, ransomware y neuroderechos, impartidos por especialistas de organizaciones como Microsoft, Huawei, Lenovo, Check Point, entre otras.<\/p>\n<p>PRIORIZA MUNICIPIO DE VICTORIA EN RUTA DE BACHEO LA SEGURIDAD DE NI\u00d1OS ESTUDIANTES\u2026 La ruta educativa, que incluye vialidades a escuelas y centros de apoyo docente, fue incluida en el Programa Emergente de Bacheo que despleg\u00f3 esta semana el Gobierno de Victoria en la ciudad.<\/p>\n<p>Directivos del Jard\u00edn de Ni\u00f1os \u201cMa. Teresa Trevi\u00f1o Garc\u00eda\u201d, primaria Rep\u00fablica de Chile, supervisi\u00f3n Zona 1 Sector 2 de Preescolar y Secci\u00f3n 30 del SNTE, acompa\u00f1aron al alcalde Eduardo Gatt\u00e1s B\u00e1ez al inicio de la rehabilitaci\u00f3n de asfalto da\u00f1ado por las lluvias.<\/p>\n<p>\u201cLa seguridad de nuestros ni\u00f1os y j\u00f3venes es innegociable, este plan llegar\u00e1 a los accesos de primarias, secundarias, prepas y universidades para que cada camino hacia la escuela sea m\u00e1s seguro\u201d, afirm\u00f3 el alcalde de la Capital.<\/p>\n<p>Pidi\u00f3 comprensi\u00f3n a los alumnos, maestros, padres de familia y autoridades educativas por las molestias que puedan ocasionar los trabajos que iniciaron en la calle Berrioz\u00e1bal, desde avenida Jos\u00e9 Sulaim\u00e1n a Eje Vial L\u00e1zaro C\u00e1rdenas.<\/p>\n<p>Como invitados, asistieron directivos de planteles educativos Mtra. Cristina Hern\u00e1ndez Soto; Mtro. Jos\u00e9 Gonz\u00e1lez Puente; Rub\u00e9n Otoniel Jim\u00e9nez del sindicato de maestros; supervisoras Laura Tamez Garc\u00eda, Margarita Res\u00e9ndez Gonz\u00e1lez y Prof. H\u00e9ctor Valles del Departamento de Cultura y Educaci\u00f3n.<\/p>\n<p>Coloque en el buscador de facebok @CENADeNegros1 y le agradecer\u00e9 que me regale un Me Gusta, adem\u00e1s nos puede seguir en la cuenta de X @gatovaliente y, como siempre, le dejo el correo electr\u00f3nico a sus \u00f3rdenes para lo que guste y mande\u2026\u00a0<a href=\"mailto:marcovazquez20001@hotmail.com\" target=\"_blank\" rel=\"noreferrer noopener\">marcovazquez20001@hotmail.com<\/a><\/p>\n","protected":false},"excerpt":{"rendered":"<p>Jugarle al enmascarado, andar con tibiezas, o \u201cde bajo perfil, ya en estas \u00e9pocas, ser\u00e1 un grave error para miembros de Morena que aspiren a candidaturas, porque las encuestas definir\u00e1n quienes aparecer\u00e1n en las boletas del 2027 y 2028 y para ello no bastar\u00e1 con hacer mucho ruido en el feis y tiktok, tambi\u00e9n tendr\u00e1n [&hellip;]<\/p>\n","protected":false},"author":1,"featured_media":213547,"comment_status":"closed","ping_status":"closed","sticky":false,"template":"","format":"standard","meta":{"footnotes":""},"categories":[16],"tags":[],"class_list":["post-213545","post","type-post","status-publish","format-standard","has-post-thumbnail","hentry","category-opinion"],"_links":{"self":[{"href":"https:\/\/www.elsinodaldetamaulipas.com.mx\/index.php?rest_route=\/wp\/v2\/posts\/213545","targetHints":{"allow":["GET"]}}],"collection":[{"href":"https:\/\/www.elsinodaldetamaulipas.com.mx\/index.php?rest_route=\/wp\/v2\/posts"}],"about":[{"href":"https:\/\/www.elsinodaldetamaulipas.com.mx\/index.php?rest_route=\/wp\/v2\/types\/post"}],"author":[{"embeddable":true,"href":"https:\/\/www.elsinodaldetamaulipas.com.mx\/index.php?rest_route=\/wp\/v2\/users\/1"}],"replies":[{"embeddable":true,"href":"https:\/\/www.elsinodaldetamaulipas.com.mx\/index.php?rest_route=%2Fwp%2Fv2%2Fcomments&post=213545"}],"version-history":[{"count":2,"href":"https:\/\/www.elsinodaldetamaulipas.com.mx\/index.php?rest_route=\/wp\/v2\/posts\/213545\/revisions"}],"predecessor-version":[{"id":213549,"href":"https:\/\/www.elsinodaldetamaulipas.com.mx\/index.php?rest_route=\/wp\/v2\/posts\/213545\/revisions\/213549"}],"wp:featuredmedia":[{"embeddable":true,"href":"https:\/\/www.elsinodaldetamaulipas.com.mx\/index.php?rest_route=\/wp\/v2\/media\/213547"}],"wp:attachment":[{"href":"https:\/\/www.elsinodaldetamaulipas.com.mx\/index.php?rest_route=%2Fwp%2Fv2%2Fmedia&parent=213545"}],"wp:term":[{"taxonomy":"category","embeddable":true,"href":"https:\/\/www.elsinodaldetamaulipas.com.mx\/index.php?rest_route=%2Fwp%2Fv2%2Fcategories&post=213545"},{"taxonomy":"post_tag","embeddable":true,"href":"https:\/\/www.elsinodaldetamaulipas.com.mx\/index.php?rest_route=%2Fwp%2Fv2%2Ftags&post=213545"}],"curies":[{"name":"wp","href":"https:\/\/api.w.org\/{rel}","templated":true}]}}