{"id":213567,"date":"2025-10-22T21:37:00","date_gmt":"2025-10-23T01:37:00","guid":{"rendered":"https:\/\/www.elsinodaldetamaulipas.com.mx\/?p=213567"},"modified":"2025-10-22T21:37:00","modified_gmt":"2025-10-23T01:37:00","slug":"jefe-maximo-de-pemex-personalmente-superviso-obras","status":"publish","type":"post","link":"https:\/\/www.elsinodaldetamaulipas.com.mx\/?p=213567","title":{"rendered":"JEFE M\u00c1XIMO DE PEMEX, PERSONALMENTE SUPERVIS\u00d3 OBRAS"},"content":{"rendered":"<p>&nbsp;<\/p>\n<p><img loading=\"lazy\" decoding=\"async\" class=\"aligncenter wp-image-213569 size-full\" src=\"https:\/\/www.elsinodaldetamaulipas.com.mx\/wp-content\/uploads\/2025\/10\/PEMEX-1-1.jpg\" alt=\"\" width=\"894\" height=\"487\" srcset=\"https:\/\/www.elsinodaldetamaulipas.com.mx\/wp-content\/uploads\/2025\/10\/PEMEX-1-1.jpg 894w, https:\/\/www.elsinodaldetamaulipas.com.mx\/wp-content\/uploads\/2025\/10\/PEMEX-1-1-300x163.jpg 300w, https:\/\/www.elsinodaldetamaulipas.com.mx\/wp-content\/uploads\/2025\/10\/PEMEX-1-1-768x418.jpg 768w\" sizes=\"auto, (max-width: 894px) 100vw, 894px\" \/>EL SINODAL DE TAMAULIPAS<\/p>\n<p>\u00c1lamo Temapache, Ver.- El director general de Petr\u00f3leos Mexicanos, Dr. V\u00edctor Rodr\u00edguez Padilla, acudi\u00f3 al municipio de \u00c1lamo Temapache, Veracruz para supervisar las labores de limpieza y reparaci\u00f3n llevadas a cabo por personal especializado de PEMEX en el r\u00edo Pantepec. Adem\u00e1s de constatar la reposici\u00f3n del oleoducto de 30\u201d Poza Rica-Madero.<\/p>\n<p><img loading=\"lazy\" decoding=\"async\" class=\"aligncenter wp-image-213570 size-full\" src=\"https:\/\/www.elsinodaldetamaulipas.com.mx\/wp-content\/uploads\/2025\/10\/PEMEX-2-1.jpg\" alt=\"\" width=\"894\" height=\"487\" srcset=\"https:\/\/www.elsinodaldetamaulipas.com.mx\/wp-content\/uploads\/2025\/10\/PEMEX-2-1.jpg 894w, https:\/\/www.elsinodaldetamaulipas.com.mx\/wp-content\/uploads\/2025\/10\/PEMEX-2-1-300x163.jpg 300w, https:\/\/www.elsinodaldetamaulipas.com.mx\/wp-content\/uploads\/2025\/10\/PEMEX-2-1-768x418.jpg 768w\" sizes=\"auto, (max-width: 894px) 100vw, 894px\" \/><\/p>\n","protected":false},"excerpt":{"rendered":"<p>&nbsp; EL SINODAL DE TAMAULIPAS \u00c1lamo Temapache, Ver.- El director general de Petr\u00f3leos Mexicanos, Dr. V\u00edctor Rodr\u00edguez Padilla, acudi\u00f3 al municipio de \u00c1lamo Temapache, Veracruz para supervisar las labores de limpieza y reparaci\u00f3n llevadas a cabo por personal especializado de PEMEX en el r\u00edo Pantepec. Adem\u00e1s de constatar la reposici\u00f3n del oleoducto de 30\u201d Poza [&hellip;]<\/p>\n","protected":false},"author":1,"featured_media":213568,"comment_status":"closed","ping_status":"closed","sticky":false,"template":"","format":"standard","meta":{"footnotes":""},"categories":[4],"tags":[],"class_list":["post-213567","post","type-post","status-publish","format-standard","has-post-thumbnail","hentry","category-nacional"],"_links":{"self":[{"href":"https:\/\/www.elsinodaldetamaulipas.com.mx\/index.php?rest_route=\/wp\/v2\/posts\/213567","targetHints":{"allow":["GET"]}}],"collection":[{"href":"https:\/\/www.elsinodaldetamaulipas.com.mx\/index.php?rest_route=\/wp\/v2\/posts"}],"about":[{"href":"https:\/\/www.elsinodaldetamaulipas.com.mx\/index.php?rest_route=\/wp\/v2\/types\/post"}],"author":[{"embeddable":true,"href":"https:\/\/www.elsinodaldetamaulipas.com.mx\/index.php?rest_route=\/wp\/v2\/users\/1"}],"replies":[{"embeddable":true,"href":"https:\/\/www.elsinodaldetamaulipas.com.mx\/index.php?rest_route=%2Fwp%2Fv2%2Fcomments&post=213567"}],"version-history":[{"count":1,"href":"https:\/\/www.elsinodaldetamaulipas.com.mx\/index.php?rest_route=\/wp\/v2\/posts\/213567\/revisions"}],"predecessor-version":[{"id":213571,"href":"https:\/\/www.elsinodaldetamaulipas.com.mx\/index.php?rest_route=\/wp\/v2\/posts\/213567\/revisions\/213571"}],"wp:featuredmedia":[{"embeddable":true,"href":"https:\/\/www.elsinodaldetamaulipas.com.mx\/index.php?rest_route=\/wp\/v2\/media\/213568"}],"wp:attachment":[{"href":"https:\/\/www.elsinodaldetamaulipas.com.mx\/index.php?rest_route=%2Fwp%2Fv2%2Fmedia&parent=213567"}],"wp:term":[{"taxonomy":"category","embeddable":true,"href":"https:\/\/www.elsinodaldetamaulipas.com.mx\/index.php?rest_route=%2Fwp%2Fv2%2Fcategories&post=213567"},{"taxonomy":"post_tag","embeddable":true,"href":"https:\/\/www.elsinodaldetamaulipas.com.mx\/index.php?rest_route=%2Fwp%2Fv2%2Ftags&post=213567"}],"curies":[{"name":"wp","href":"https:\/\/api.w.org\/{rel}","templated":true}]}}