{"id":213576,"date":"2025-10-22T22:07:16","date_gmt":"2025-10-23T02:07:16","guid":{"rendered":"https:\/\/www.elsinodaldetamaulipas.com.mx\/?p=213576"},"modified":"2025-10-22T22:07:16","modified_gmt":"2025-10-23T02:07:16","slug":"manuel-munoz-ya-no-es-negocio-para-el-partido-verde","status":"publish","type":"post","link":"https:\/\/www.elsinodaldetamaulipas.com.mx\/?p=213576","title":{"rendered":"MANUEL MU\u00d1OZ YA NO ES NEGOCIO PARA EL PARTIDO VERDE"},"content":{"rendered":"<p>SIN FILTROS<\/p>\n<p>Por Brenda Ramos<\/p>\n<p>Manuel Mu\u00f1oz Cano anunci\u00f3 que buscar\u00e1 reelegirse como dirigente estatal del Partido Verde el pr\u00f3ximo 9 de noviembre, cuando el Comit\u00e9 Ejecutivo Nacional emita la convocatoria para renovar la dirigencia en Tamaulipas. Pero hay un detalle que \u00e9l parece ignorar \u2014o pretende pasar por alto\u2014: no puede hacerlo.<\/p>\n<p>Y no solo eso: ya ni siquiera deber\u00eda ocupar el cargo actual. No lo decimos nosotros. Lo dice la ley.<\/p>\n<figure class=\"wp-block-image size-full\"><img decoding=\"async\" class=\"wp-image-50844\" src=\"https:\/\/tribunaabierta.com.mx\/wp-content\/uploads\/2025\/10\/manuel-munoz-cano-sancionado.png\" alt=\"\" data-attachment-id=\"50844\" data-permalink=\"https:\/\/tribunaabierta.com.mx\/2025\/10\/22\/manuel-munoz-ya-no-es-negocio-para-el-partido-verde\/manuel-munoz-cano-sancionado\/\" data-orig-file=\"https:\/\/tribunaabierta.com.mx\/wp-content\/uploads\/2025\/10\/manuel-munoz-cano-sancionado.png\" data-orig-size=\"960,720\" data-comments-opened=\"1\" data-image-meta=\"{&quot;aperture&quot;:&quot;0&quot;,&quot;credit&quot;:&quot;&quot;,&quot;camera&quot;:&quot;&quot;,&quot;caption&quot;:&quot;&quot;,&quot;created_timestamp&quot;:&quot;0&quot;,&quot;copyright&quot;:&quot;&quot;,&quot;focal_length&quot;:&quot;0&quot;,&quot;iso&quot;:&quot;0&quot;,&quot;shutter_speed&quot;:&quot;0&quot;,&quot;title&quot;:&quot;&quot;,&quot;orientation&quot;:&quot;0&quot;}\" data-image-title=\"Manuel Mu\u00f1oz Cano sancionado\" data-image-description=\"\" data-image-caption=\"\" data-medium-file=\"https:\/\/tribunaabierta.com.mx\/wp-content\/uploads\/2025\/10\/manuel-munoz-cano-sancionado.png?w=300\" data-large-file=\"https:\/\/tribunaabierta.com.mx\/wp-content\/uploads\/2025\/10\/manuel-munoz-cano-sancionado.png?w=960\" \/><\/figure>\n<p>Hoy, el Instituto Electoral de Tamaulipas (IETAM) lo declar\u00f3 culpable de violencia pol\u00edtica contra las mujeres en raz\u00f3n de g\u00e9nero. Por unanimidad, el Consejo General confirm\u00f3 la denuncia de la diputada Katalyna M\u00e9ndez Cepeda y orden\u00f3 su inscripci\u00f3n por ocho meses en el Registro Nacional de Personas Sancionadas.<\/p>\n<p>Esa resoluci\u00f3n es vinculante y tiene consecuencias jur\u00eddicas inmediatas. De acuerdo con el art\u00edculo 463 Bis inciso d, de la Ley General de Instituciones y Procedimientos Electorales (LGIPE), cuando una persona es sancionada por violencia pol\u00edtica de g\u00e9nero, se ordena su suspensi\u00f3n del cargo partidista, en este caso de su dirigencia estatal al frente del Partido Verde.<\/p>\n<p>El\u00a0CAP\u00cdTULO II De los Requisitos de Elegibilidad en su art\u00edculo 10, fracci\u00f3n g, menciona la prohibici\u00f3n para alguien condenado por violencia pol\u00edtica. Y el art\u00edculo 443 inciso o) sanciona a los partidos que mantienen en funciones a una persona sancionada, mientras que el 456, fracci\u00f3n V, advierte que si el incumplimiento es reiterado, el partido puede perder su registro.<\/p>\n<p>A eso se suma la Ley 3 de 3 contra la violencia, que impide que agresores de g\u00e9nero o personas con sentencia por violencia pol\u00edtica ejerzan cualquier cargo p\u00fablico o partidista. Y por si fuera poco, los estatutos del propio Partido Verde lo confirman: el art\u00edculo 41 se\u00f1ala que se puede destituir a cualquier dirigente por falta de probidad, y el 18, fracci\u00f3n XXV, autoriza al Consejo Nacional a nombrar un delegado cuando haya perturbaci\u00f3n grave en un comit\u00e9 estatal.<\/p>\n<p>Todo esto quiere decir algo muy simple, Manuel Mu\u00f1oz Cano est\u00e1 legalmente inhabilitado para reelegirse y moralmente obligado a dejar la dirigencia. El Verde no necesita \u201cdecidir\u201d si lo quita. La ley ya lo hizo.<\/p>\n<p>\u00bfQu\u00e9 o quienes lo llevaron a este problema tan grande? Su soberbia, sus errores y sus aliados.\u00a0 Soberbia al querer reelegirse cuando la ley se lo impide, poniendo sus intereses personales por encima de lo que necesita su partido, errores como perder la representaci\u00f3n de la bancada del congreso local y enfrascarse en una discusi\u00f3n machista con una de ellas lo que lo llevo a ser sancionado y todo por el tercer punto, sus aliados, descuido la casa y a la bancada que ten\u00eda por sus aliados los Pe\u00f1a Ortiz, \u00a0a quienes en una rueda de prensa les levanto la mano.<\/p>\n<p>A Maki Ortiz para la gubernatura, a Casandra de los Santos para la reelecci\u00f3n de diputada federal y a Carlos Pe\u00f1a para lo que se ofrezca, sin importarle las leyes electorales pues no son los tiempos y dichos actos pudieran rayar en actos anticipados de campa\u00f1a. Y una vez m\u00e1s, por sus aliados, ya que con esta conferencia de prensa solo Maki gan\u00f3, pero Manuel puso en peligro al partido por las leyes electorales, lo hizo descuidar a sus diputadas y ahora hasta sancionado por violencia pol\u00edtica de g\u00e9nero.<\/p>\n<p>Maki le tendi\u00f3 la cama y ahora la tiene libre para ir por la dirigencia, lo mismo le hizo a Mario L\u00f2pez. \u00a0La senadora del verde busca quien libre sus batallas y luego los quita del camino. Le salio a la perfecci\u00f3n con Mu\u00f1oz Cano, ya no representa un buen negocio para el Partido Verde, aquel que entre sus filas no puede tener un sancionado por violencia pol\u00edtica de genero cuando es una de las m\u00e1ximas banderas que representan.<\/p>\n<p>Tan mal negocio es para el verde Mu\u00f1oz Cano que representa r<strong>iesgo legal:<\/strong> el partido puede ser multado o incluso perder su registro si incumple la sanci\u00f3n del IETAM. <strong>Riesgo pol\u00edtico:<\/strong> Morena no puede firmar alianza con un partido cuyo dirigente est\u00e1 en el Registro Nacional de Sancionados por violencia pol\u00edtica y <strong>Riesgo financiero:<\/strong> sin alianza, el Verde no alcanza el 3% de votaci\u00f3n en Tamaulipas ni en otros estados. Eso significa perder millones de pesos en financiamiento p\u00fablico y en representaci\u00f3n proporcional.<\/p>\n<p>Hoy el Partido Verde tiene una elecci\u00f3n m\u00e1s importante que cualquier renovaci\u00f3n interna: decidir si quiere salvar a un hombre o salvar su registro y su negocio\u2026<\/p>\n<div id=\"jp-post-flair\" class=\"sharedaddy sd-like-enabled\">\n<div class=\"sharedaddy sd-sharing-enabled\">\n<div class=\"robots-nocontent sd-block sd-social sd-social-icon-text sd-sharing\">\n<h3 class=\"sd-title\"><\/h3>\n<\/div>\n<\/div>\n<\/div>\n","protected":false},"excerpt":{"rendered":"<p>SIN FILTROS Por Brenda Ramos Manuel Mu\u00f1oz Cano anunci\u00f3 que buscar\u00e1 reelegirse como dirigente estatal del Partido Verde el pr\u00f3ximo 9 de noviembre, cuando el Comit\u00e9 Ejecutivo Nacional emita la convocatoria para renovar la dirigencia en Tamaulipas. Pero hay un detalle que \u00e9l parece ignorar \u2014o pretende pasar por alto\u2014: no puede hacerlo. Y no [&hellip;]<\/p>\n","protected":false},"author":1,"featured_media":0,"comment_status":"closed","ping_status":"closed","sticky":false,"template":"","format":"standard","meta":{"footnotes":""},"categories":[16],"tags":[],"class_list":["post-213576","post","type-post","status-publish","format-standard","hentry","category-opinion"],"_links":{"self":[{"href":"https:\/\/www.elsinodaldetamaulipas.com.mx\/index.php?rest_route=\/wp\/v2\/posts\/213576","targetHints":{"allow":["GET"]}}],"collection":[{"href":"https:\/\/www.elsinodaldetamaulipas.com.mx\/index.php?rest_route=\/wp\/v2\/posts"}],"about":[{"href":"https:\/\/www.elsinodaldetamaulipas.com.mx\/index.php?rest_route=\/wp\/v2\/types\/post"}],"author":[{"embeddable":true,"href":"https:\/\/www.elsinodaldetamaulipas.com.mx\/index.php?rest_route=\/wp\/v2\/users\/1"}],"replies":[{"embeddable":true,"href":"https:\/\/www.elsinodaldetamaulipas.com.mx\/index.php?rest_route=%2Fwp%2Fv2%2Fcomments&post=213576"}],"version-history":[{"count":1,"href":"https:\/\/www.elsinodaldetamaulipas.com.mx\/index.php?rest_route=\/wp\/v2\/posts\/213576\/revisions"}],"predecessor-version":[{"id":213577,"href":"https:\/\/www.elsinodaldetamaulipas.com.mx\/index.php?rest_route=\/wp\/v2\/posts\/213576\/revisions\/213577"}],"wp:attachment":[{"href":"https:\/\/www.elsinodaldetamaulipas.com.mx\/index.php?rest_route=%2Fwp%2Fv2%2Fmedia&parent=213576"}],"wp:term":[{"taxonomy":"category","embeddable":true,"href":"https:\/\/www.elsinodaldetamaulipas.com.mx\/index.php?rest_route=%2Fwp%2Fv2%2Fcategories&post=213576"},{"taxonomy":"post_tag","embeddable":true,"href":"https:\/\/www.elsinodaldetamaulipas.com.mx\/index.php?rest_route=%2Fwp%2Fv2%2Ftags&post=213576"}],"curies":[{"name":"wp","href":"https:\/\/api.w.org\/{rel}","templated":true}]}}