{"id":213578,"date":"2025-10-22T22:10:12","date_gmt":"2025-10-23T02:10:12","guid":{"rendered":"https:\/\/www.elsinodaldetamaulipas.com.mx\/?p=213578"},"modified":"2025-10-22T22:10:12","modified_gmt":"2025-10-23T02:10:12","slug":"ietam-%c2%a8guillotina%c2%a8-a-munoz-cano","status":"publish","type":"post","link":"https:\/\/www.elsinodaldetamaulipas.com.mx\/?p=213578","title":{"rendered":"IETAM \u00a8GUILLOTINA\u00a8 A MU\u00d1OZ CANO"},"content":{"rendered":"<p>Fue considerado uno de los mejores operadores pol\u00edticos de Tamaulipas, bajo las siglas del Partido Revolucionario Institucional (PRI) y uno de los cuatro personajes m\u00e1s cercanos a <strong>EUGENIO HERN\u00c1NDEZ FLORES<\/strong>, cuando \u00e9ste detentaba la gubernatura (2005-2010).<\/p>\n<p>Se le considera \u201cahijado pol\u00edtico\u201d del ex presidente de M\u00e9xico, <strong>CARLOS SALINAS DE GORTARI<\/strong> y, aunque formaba parte del cuadro chico del \u201c<strong>GE\u00d1O<\/strong> <strong>de Oro<\/strong>\u201d, su t\u00edtulo de s\u00faper secretario lo colocaba por encima de sus pares, en eso de ser el \u201cdedo chiquito\u201d del Gobernador\u2026 \u00a1<strong><em>Ufff, dir\u00eda Ge\u00f1o<\/em><\/strong>!<\/p>\n<p>Aunque vivi\u00f3 las glorias del PRI y disfrut\u00f3 las mieles presupuestales, tambi\u00e9n le toc\u00f3 vivir los tragos amargos y una dura enfermedad que, al parecer, ha superado.<\/p>\n<p>En su momento, el recelo de <strong>EGIDIO TORRE CANT\u00da<\/strong>, quien era Gobernador, lo oblig\u00f3, junto con sus compa\u00f1eros del cuadro chico de <strong>HERN\u00c1NDEZ FLORES<\/strong>, a tomar la decisi\u00f3n de \u201cautoexiliarse\u201d\u2026 Dej\u00f3 atr\u00e1s su tierra, proyectos personales y al PRI, emigrando hacia otros colores partidistas y estados de la Rep\u00fablica.<\/p>\n<p>Por todo el palmar\u00e9s, sus relaciones y su basta experiencia, nadie se explica las razones por las que <strong>MANUEL MU\u00d1OZ CANO<\/strong>, como dirigente en Tamaulipas del Partido Verde Ecologista de M\u00e9xico, sabedor de las leyes y de los humores, no cuid\u00f3 las formas y menos su lengua al referirse a la diputada del Movimiento de Regeneraci\u00f3n Nacional (Morena), <strong>JUDITH<\/strong> <strong>KATALINA M\u00c9NDEZ CEPEDA<\/strong>, cuando se expres\u00f3 de ella como \u201c<em>la ni\u00f1a del Congreso<\/em>\u201d.<\/p>\n<p>\u201c<em>Haiga sido como haiga sido<\/em>\u201d, los comentarios de <strong>MU\u00d1OZ CANO<\/strong> fueron grabados y con ello se document\u00f3 una denuncia que se present\u00f3 ante el Instituto Estatal de Tamaulipas (Ietam), organismo que, este mi\u00e9rcoles 21 de octubre, sancion\u00f3 al Dirigente esmeralda por violencia pol\u00edtica contra las mujeres, en raz\u00f3n de g\u00e9nero\u2026 \u00a1<strong><em>Zaaas Culebra<\/em><\/strong>!<\/p>\n<p>La sanci\u00f3n econ\u00f3mica fue de cinco mil 657 pesos, una cantidad que podr\u00eda aumentar si <strong>MU\u00d1OZ CANO<\/strong> cae en reincidencias y, adem\u00e1s, seg\u00fan la resoluci\u00f3n, est\u00e1 obligado a cumplir las medidas de reparaci\u00f3n integral y \u201c<em>garant\u00edas de no repetici\u00f3n se\u00f1aladas en la resoluci\u00f3n<\/em>\u201d.<\/p>\n<p>Para el Ietam, cuyos integrantes del Consejo votaron de forma un\u00e1nime la resoluci\u00f3n, <strong>MU\u00d1OZ CANO<\/strong> es \u201cel macho violentador del Verde\u201d, no hubo reversa en ello. Adem\u00e1s, el Dirigente esmeralda camina en la cuerda floja rumbo al 2027, en donde corre el riesgo de perder una candidatura como diputado federal o una posici\u00f3n de elecci\u00f3n popular local, por meterse en un terreno muy complejo.<\/p>\n<p>Al momento de cerrar la presente colaboraci\u00f3n, <strong>MU\u00d1OZ CANO<\/strong> no se hab\u00eda pronunciado por la resoluci\u00f3n del Ietam, ni tampoco si podr\u00e1 o no impugnar la misma; s\u00f3lo circul\u00f3 un video en donde anunci\u00f3 que buscar\u00e1 la reelecci\u00f3n de la Dirigencia y reafirm\u00f3 que para su partido las mujeres son una prioridad.<\/p>\n<p>Fue durante los primeros d\u00edas de septiembre, en la fronteriza ciudad de Reynosa, cuando <strong>MU\u00d1OZ CANO<\/strong> se refiri\u00f3 a la diputada <strong>M\u00c9NDEZ CEPEDA<\/strong> como \u201cla ni\u00f1a del Congreso\u201d, comentario que se tom\u00f3 a un menosprecio del trabajo de la dama de quien, vale reconocer, ha deslizado iniciativas y puntos de acuerdo precisamente relacionados con la igualdad de g\u00e9nero y la protecci\u00f3n de las mujeres, por lo que se puede entender la postura de la dama de \u201cno dejar hacer y no dejar pasar\u201d los comentarios del dirigente Verde.<\/p>\n<p>Visiblemente molesta, indignada pues, <strong>M\u00c9NDEZ CEPEDA<\/strong>, en una sesi\u00f3n de la Comisi\u00f3n Permanente, anunci\u00f3 que denunciar\u00eda a <strong>MU\u00d1OZ CANO<\/strong> ante el Ietam y lo cumpli\u00f3.<\/p>\n<p>Ahora bien, siendo <strong>MU\u00d1OZ CANO<\/strong> un personaje inteligente, un operador fr\u00edo y calculador, no deber\u00eda tomarse a la ligera la resoluci\u00f3n del Ietam pues en la misma se orden\u00f3 que su nombre fuera registrado a nivel nacional y estatal como persona sancionada por ejercer violencia pol\u00edtica contra las mujeres, lo que podr\u00eda entorpecer sus planes personales mantenerse vigente, de no encontrarse alg\u00fan tipo de salida legal o pol\u00edtica a la situaci\u00f3n.<\/p>\n<p>Es de suponer que <strong>MU\u00d1OZ CANO<\/strong> se defender\u00e1, pero ojal\u00e1 la cordura reine en \u00e9l y con cabeza fr\u00eda busque una soluci\u00f3n a la situaci\u00f3n, ya que de sostenerse en firme la sentencia ante los tribunales electorales, quedar\u00edan suspendidos sus derechos de votar y ser votado, por violentar a una mujer, de acuerdo con la Constituci\u00f3n mexicana, en su art\u00edculo 38, fracci\u00f3n VII, con lo que pr\u00e1cticamente lo dejar\u00eda fuera de la elecci\u00f3n de 2027.<\/p>\n<p>Resulta incongruente, sorpresivo y hasta parad\u00f3jico (pero sin causar gracia) que mientras los postulados del Partido Verde son condenar todo tipo de violencia contra las mujeres, sea el dirigente en Tamaulipas quien ahora est\u00e9 envuelto en un esc\u00e1ndalo donde es se\u00f1alado por ejercer violencia pol\u00edtica contra las mujeres en raz\u00f3n de g\u00e9nero.<\/p>\n<p>Tal vez por esa situaci\u00f3n, se qued\u00f3 sin habla la representante del PVEM ante el Ietam, <strong>ESMERALDA PE\u00d1A J\u00c1COME<\/strong>, cuando escuch\u00f3 el resolutivo que obtuvo un aval un\u00e1nime por parte de los consejeros electorales.<\/p>\n<p>Tras documentar el caso del Verde en Tamaulipas, se confirma que bien dicen que \u201cpor su boca muere el pez\u201d y uno de los casos m\u00e1s significativos fue ver que la carrera pol\u00edtica del exgobernador <strong>MANUEL CAVAZOS LERMA<\/strong> termin\u00f3 de fea manera despu\u00e9s de intentar hacerse el \u201cgracioso\u201d cuando acu\u00f1\u00f3 aquella desatinada frase de: \u201c<em>que por cierto, no estaba muy violable<\/em>\u201d, en un inentendible intento por justificar un presunto acto de violaci\u00f3n del que se le se\u00f1ala al ex astro deportivo de M\u00e9xico, <strong>CUAUHT\u00c9MOC BLANCO<\/strong>\u2026<\/p>\n<p>Aunque en su momento <strong>MANUEL MU\u00d1OZ CANO<\/strong>, intent\u00f3 aclarar la situaci\u00f3n sobre el sentido de la frase: \u201c<em>la ni\u00f1a del Congreso<\/em>\u201d, lo cierto es que no dej\u00f3 satisfecha a la diputada <strong>M\u00c9NDEZ CEPEDA<\/strong> ni a muchas legisladoras, as\u00ed como a otro sector de tamaulipecas y all\u00ed est\u00e1n las consecuencias\u2026<\/p>\n<p>Algo similar le sucedi\u00f3 al ex presidente de la Junta de Coordinaci\u00f3n Pol\u00edtica, del Congreso local, el morenista <strong>ARMANDO ZERTUCHE ZUANI<\/strong>, cuando fue acusado por la ahora senadora del PAN, y posible candidata a la gubernatura para el 2028, <strong>IMELDA SANMIGUEL S\u00c1NCHEZ<\/strong>, de haber incurrido en violencia pol\u00edtica.<\/p>\n<p>Aunque en aquella ocasi\u00f3n, la hoy senadora, siendo Diputada local, present\u00f3 su denuncia en enero del 2022, de tipo penal, ante la Fiscal\u00eda General de Justicia del Estado y no como hoy, que la diputada morenista <strong>M\u00c9NDEZ CEPEDA<\/strong>, lo hizo ante el Ietam\u2026 \u00a1<strong><em>Ostias t\u00edo de la Virgen santa<\/em><\/strong>!<\/p>\n<p>En otro tema\u2026 En Nuevo Laredo, la obra de rehabilitaci\u00f3n del segundo cuerpo y puente vehicular en la Carretera MEX II ha alcanzado un 80 por ciento de avance y en ese tenor, la alcaldesa <strong>CARMEN LILIA CANTUROSAS VILLARREAL<\/strong>, calific\u00f3 a este proyecto como crucial para el municipio y su poblaci\u00f3n, ya que mejorar\u00e1 significativamente la movilidad y potenciar\u00e1 el desarrollo econ\u00f3mico de la regi\u00f3n.<\/p>\n<p>Explic\u00f3 que actualmente se realiza las maniobras para la instalaci\u00f3n de cuatro trabes o vigas principales que servir\u00e1n de soporte a las losas de rodamiento por donde circular\u00e1 el tr\u00e1fico pesado; cada una de estas piezas tiene 22.6 metros lineales de largo y 1.5 metros de alto, y se colocan sobre los cabezales o columnas que dan estructura al puente.<\/p>\n<p>En Reynosa, el alcalde <strong>CARLOS PE\u00d1A ORTIZ<\/strong>, fortaleci\u00f3 la seguridad de la poblaci\u00f3n ante siniestros, a trav\u00e9s de Protecci\u00f3n Civil, al entregar equipo de protecci\u00f3n a los elementos que incluyen: Pantalones t\u00e1cticos, camisolas t\u00e1cticas, botas t\u00e1cticas, playeras tipo polo con identidad oficial y gorras.<\/p>\n<p>Adem\u00e1s, <strong>PE\u00d1A ORTIZ<\/strong> anunci\u00f3 un incremento salarial para los elementos de Protecci\u00f3n Civil y Bomberos, que ser\u00e1 superior al salario de los empleados municipales en general, con lo que se busca reconocer y valorar el trabajo que realizan estos h\u00e9roes en la protecci\u00f3n y cuidado de la comunidad\u2026 \u00a1<strong><em>Enhorabuena<\/em><\/strong>!<\/p>\n<p>Por \u00faltimo, el alcalde de Ciudad Victoria, <strong>EDUARDO GATT\u00c1S B\u00c1EZ<\/strong>, reforz\u00f3 los trabajos de rehabilitaci\u00f3n vial en rutas de salud y transporte, al incorporar tres empresas externas al Plan Emergente de Bacheo, para devolver la movilidad en calles con trayecto a rutas hospitalarias y transporte p\u00fablico, afectadas por las intensas lluvias.<\/p>\n<p>\u201c<em>Mover a la gente tambi\u00e9n es cuidarla; por ello, estamos tomando acciones concretas para devolver la movilidad y seguridad en las rutas viales de salud y transporte<\/em>\u201d, asegur\u00f3 <strong>GATT\u00c1S B\u00c1EZ<\/strong> al dar el banderazo de bacheo en la calle Michoac\u00e1n, de Avenida L\u00e1zaro C\u00e1rdenas a la calle 16 Norberto Trevi\u00f1o Zapata.<\/p>\n<p><strong>GRACIAS\u2026<\/strong> Nos leemos hasta ma\u00f1ana<\/p>\n<p><strong>COMENTARIOS<\/strong>: <a href=\"mailto:letrasprohibidas2011@hotmail.com\">letrasprohibidas2011@hotmail.com<\/a><\/p>\n","protected":false},"excerpt":{"rendered":"<p>Fue considerado uno de los mejores operadores pol\u00edticos de Tamaulipas, bajo las siglas del Partido Revolucionario Institucional (PRI) y uno de los cuatro personajes m\u00e1s cercanos a EUGENIO HERN\u00c1NDEZ FLORES, cuando \u00e9ste detentaba la gubernatura (2005-2010). Se le considera \u201cahijado pol\u00edtico\u201d del ex presidente de M\u00e9xico, CARLOS SALINAS DE GORTARI y, aunque formaba parte del [&hellip;]<\/p>\n","protected":false},"author":1,"featured_media":213362,"comment_status":"closed","ping_status":"closed","sticky":false,"template":"","format":"standard","meta":{"footnotes":""},"categories":[16],"tags":[],"class_list":["post-213578","post","type-post","status-publish","format-standard","has-post-thumbnail","hentry","category-opinion"],"_links":{"self":[{"href":"https:\/\/www.elsinodaldetamaulipas.com.mx\/index.php?rest_route=\/wp\/v2\/posts\/213578","targetHints":{"allow":["GET"]}}],"collection":[{"href":"https:\/\/www.elsinodaldetamaulipas.com.mx\/index.php?rest_route=\/wp\/v2\/posts"}],"about":[{"href":"https:\/\/www.elsinodaldetamaulipas.com.mx\/index.php?rest_route=\/wp\/v2\/types\/post"}],"author":[{"embeddable":true,"href":"https:\/\/www.elsinodaldetamaulipas.com.mx\/index.php?rest_route=\/wp\/v2\/users\/1"}],"replies":[{"embeddable":true,"href":"https:\/\/www.elsinodaldetamaulipas.com.mx\/index.php?rest_route=%2Fwp%2Fv2%2Fcomments&post=213578"}],"version-history":[{"count":1,"href":"https:\/\/www.elsinodaldetamaulipas.com.mx\/index.php?rest_route=\/wp\/v2\/posts\/213578\/revisions"}],"predecessor-version":[{"id":213579,"href":"https:\/\/www.elsinodaldetamaulipas.com.mx\/index.php?rest_route=\/wp\/v2\/posts\/213578\/revisions\/213579"}],"wp:featuredmedia":[{"embeddable":true,"href":"https:\/\/www.elsinodaldetamaulipas.com.mx\/index.php?rest_route=\/wp\/v2\/media\/213362"}],"wp:attachment":[{"href":"https:\/\/www.elsinodaldetamaulipas.com.mx\/index.php?rest_route=%2Fwp%2Fv2%2Fmedia&parent=213578"}],"wp:term":[{"taxonomy":"category","embeddable":true,"href":"https:\/\/www.elsinodaldetamaulipas.com.mx\/index.php?rest_route=%2Fwp%2Fv2%2Fcategories&post=213578"},{"taxonomy":"post_tag","embeddable":true,"href":"https:\/\/www.elsinodaldetamaulipas.com.mx\/index.php?rest_route=%2Fwp%2Fv2%2Ftags&post=213578"}],"curies":[{"name":"wp","href":"https:\/\/api.w.org\/{rel}","templated":true}]}}