{"id":213583,"date":"2025-10-22T22:25:54","date_gmt":"2025-10-23T02:25:54","guid":{"rendered":"https:\/\/www.elsinodaldetamaulipas.com.mx\/?p=213583"},"modified":"2025-10-22T22:25:54","modified_gmt":"2025-10-23T02:25:54","slug":"es-reynosa-un-paraiso-para-los-secuestradores","status":"publish","type":"post","link":"https:\/\/www.elsinodaldetamaulipas.com.mx\/?p=213583","title":{"rendered":"ES REYNOSA UN PARA\u00cdSO PARA LOS SECUESTRADORES"},"content":{"rendered":"<p><em>EL SINODAL DE TAMAULIPAS<\/em><\/p>\n<p>Reynosa, Tam. En redes sociales a diario reportan personas desparecidas, entre ellas a una se\u00f1ora de nombre Lorena procedente de Nuevo Le\u00f3n a una entrevista laboral, pero jam\u00e1s llego a su destino.<\/p>\n<p>Su esposo reporto su desaparici\u00f3n, pero al momento no ha aparecido como igual tres tr\u00e1ileros de Allende, Nuevo Le\u00f3n, que llegaron a un hotel y de ah\u00ed ya no se supo nada.<\/p>\n<p>Autoridades est\u00e1n preocupadas por tantas personas desparecidas, tambi\u00e9n han reportado secuestros virtuales, donde encargados de los hoteles, contactan a hu\u00e9spedes por tel\u00e9fono del lugar.<\/p>\n<p>Muy raro, porque los afectados dicen que el que les habla por tel\u00e9fono del hotel, les indica que carro traen, placa y color del veh\u00edculo, que les den sus n\u00fameros celulares, sino, entran a la fuerza y se los llevan.<\/p>\n<p>Bajo amenazas los obligan a que otorguen n\u00fameros de familiares y que no llamen a la polic\u00eda, as\u00ed hacen sus secuestros virtuales, bajo la supuesta comlicidad de los encargados de hoteles.<\/p>\n<p>En el caso de los regiomontanos, no se ha dicho como fue el secuestro ni donde, menos la ubicaci\u00f3n de los desaparecidos, que ojal\u00e1 y aparezcan con vida y la 4T, estado y municipio.<\/p>\n<p>Solo en redes sociales revelan la b\u00fasqueda de los regios, que se conoce o que han reportado, las familias han contactado a colectivos buscadores de vida.<\/p>\n","protected":false},"excerpt":{"rendered":"<p>EL SINODAL DE TAMAULIPAS Reynosa, Tam. En redes sociales a diario reportan personas desparecidas, entre ellas a una se\u00f1ora de nombre Lorena procedente de Nuevo Le\u00f3n a una entrevista laboral, pero jam\u00e1s llego a su destino. Su esposo reporto su desaparici\u00f3n, pero al momento no ha aparecido como igual tres tr\u00e1ileros de Allende, Nuevo Le\u00f3n, [&hellip;]<\/p>\n","protected":false},"author":1,"featured_media":213584,"comment_status":"closed","ping_status":"closed","sticky":false,"template":"","format":"standard","meta":{"footnotes":""},"categories":[25],"tags":[],"class_list":["post-213583","post","type-post","status-publish","format-standard","has-post-thumbnail","hentry","category-leyyorden"],"_links":{"self":[{"href":"https:\/\/www.elsinodaldetamaulipas.com.mx\/index.php?rest_route=\/wp\/v2\/posts\/213583","targetHints":{"allow":["GET"]}}],"collection":[{"href":"https:\/\/www.elsinodaldetamaulipas.com.mx\/index.php?rest_route=\/wp\/v2\/posts"}],"about":[{"href":"https:\/\/www.elsinodaldetamaulipas.com.mx\/index.php?rest_route=\/wp\/v2\/types\/post"}],"author":[{"embeddable":true,"href":"https:\/\/www.elsinodaldetamaulipas.com.mx\/index.php?rest_route=\/wp\/v2\/users\/1"}],"replies":[{"embeddable":true,"href":"https:\/\/www.elsinodaldetamaulipas.com.mx\/index.php?rest_route=%2Fwp%2Fv2%2Fcomments&post=213583"}],"version-history":[{"count":1,"href":"https:\/\/www.elsinodaldetamaulipas.com.mx\/index.php?rest_route=\/wp\/v2\/posts\/213583\/revisions"}],"predecessor-version":[{"id":213585,"href":"https:\/\/www.elsinodaldetamaulipas.com.mx\/index.php?rest_route=\/wp\/v2\/posts\/213583\/revisions\/213585"}],"wp:featuredmedia":[{"embeddable":true,"href":"https:\/\/www.elsinodaldetamaulipas.com.mx\/index.php?rest_route=\/wp\/v2\/media\/213584"}],"wp:attachment":[{"href":"https:\/\/www.elsinodaldetamaulipas.com.mx\/index.php?rest_route=%2Fwp%2Fv2%2Fmedia&parent=213583"}],"wp:term":[{"taxonomy":"category","embeddable":true,"href":"https:\/\/www.elsinodaldetamaulipas.com.mx\/index.php?rest_route=%2Fwp%2Fv2%2Fcategories&post=213583"},{"taxonomy":"post_tag","embeddable":true,"href":"https:\/\/www.elsinodaldetamaulipas.com.mx\/index.php?rest_route=%2Fwp%2Fv2%2Ftags&post=213583"}],"curies":[{"name":"wp","href":"https:\/\/api.w.org\/{rel}","templated":true}]}}