{"id":213586,"date":"2025-10-22T22:30:50","date_gmt":"2025-10-23T02:30:50","guid":{"rendered":"https:\/\/www.elsinodaldetamaulipas.com.mx\/?p=213586"},"modified":"2025-10-22T22:30:50","modified_gmt":"2025-10-23T02:30:50","slug":"denuncian-levanton-a-lider-de-movimiento-antorchista","status":"publish","type":"post","link":"https:\/\/www.elsinodaldetamaulipas.com.mx\/?p=213586","title":{"rendered":"DENUNCIAN \u201cLEVANT\u00d3N\u201d A LIDER DE MOVIMIENTO ANTORCHISTA"},"content":{"rendered":"<p><em><strong>EL SINODAL DE TAMAULIPAS<\/strong><\/em><\/p>\n<p>Jalapa, Veracruz.- El Movimiento Antorchista de Veracruz denunci\u00f3 que su dirigente en la zona centro de la entidad, Honorio Pi\u00f1a Mina, fue levantado la tarde de este mi\u00e9rcoles 22 de octubre en la colonia Tecomatl\u00e1n, municipio de \u00darsulo Galv\u00e1n. De acuerdo con un comunicado, tres individuos a bordo de un veh\u00edculo gris irrumpieron en su casa-oficina y se lo llevaron por la fuerza.<\/p>\n<p>&nbsp;<\/p>\n<p>La organizaci\u00f3n exigi\u00f3 la intervenci\u00f3n urgente del Gobierno de Veracruz y de la Fiscal\u00eda estatal para dar con el paradero del ingeniero Pi\u00f1a Mina y garantizar su integridad f\u00edsica.<\/p>\n<p>&nbsp;<\/p>\n<p>El hecho ocurre a pocos d\u00edas del aniversario del trabajo antorchista en el municipio, evento pol\u00edtico-cultural que el movimiento prepara con antelaci\u00f3n. Por ello, la organizaci\u00f3n no descarta que el ataque tenga \u201ctintes pol\u00edticos\u201d, lo que eleva la tensi\u00f3n en un estado con historial de agresiones contra activistas y l\u00edderes sociales.<\/p>\n<p>&nbsp;<\/p>\n<p>Antorcha Campesina exigi\u00f3 a las autoridades estatales resultados inmediatos y advirti\u00f3 que no permitir\u00e1 que el caso quede impune. Esta tarde pedir\u00e1n audiencia con el Secretario de Gobierno, Ricardo Ahued Bardahuil, para pedir su intervenci\u00f3n en el asunto<\/p>\n","protected":false},"excerpt":{"rendered":"<p>EL SINODAL DE TAMAULIPAS Jalapa, Veracruz.- El Movimiento Antorchista de Veracruz denunci\u00f3 que su dirigente en la zona centro de la entidad, Honorio Pi\u00f1a Mina, fue levantado la tarde de este mi\u00e9rcoles 22 de octubre en la colonia Tecomatl\u00e1n, municipio de \u00darsulo Galv\u00e1n. De acuerdo con un comunicado, tres individuos a bordo de un veh\u00edculo [&hellip;]<\/p>\n","protected":false},"author":1,"featured_media":213587,"comment_status":"closed","ping_status":"closed","sticky":false,"template":"","format":"standard","meta":{"footnotes":""},"categories":[25],"tags":[],"class_list":["post-213586","post","type-post","status-publish","format-standard","has-post-thumbnail","hentry","category-leyyorden"],"_links":{"self":[{"href":"https:\/\/www.elsinodaldetamaulipas.com.mx\/index.php?rest_route=\/wp\/v2\/posts\/213586","targetHints":{"allow":["GET"]}}],"collection":[{"href":"https:\/\/www.elsinodaldetamaulipas.com.mx\/index.php?rest_route=\/wp\/v2\/posts"}],"about":[{"href":"https:\/\/www.elsinodaldetamaulipas.com.mx\/index.php?rest_route=\/wp\/v2\/types\/post"}],"author":[{"embeddable":true,"href":"https:\/\/www.elsinodaldetamaulipas.com.mx\/index.php?rest_route=\/wp\/v2\/users\/1"}],"replies":[{"embeddable":true,"href":"https:\/\/www.elsinodaldetamaulipas.com.mx\/index.php?rest_route=%2Fwp%2Fv2%2Fcomments&post=213586"}],"version-history":[{"count":1,"href":"https:\/\/www.elsinodaldetamaulipas.com.mx\/index.php?rest_route=\/wp\/v2\/posts\/213586\/revisions"}],"predecessor-version":[{"id":213588,"href":"https:\/\/www.elsinodaldetamaulipas.com.mx\/index.php?rest_route=\/wp\/v2\/posts\/213586\/revisions\/213588"}],"wp:featuredmedia":[{"embeddable":true,"href":"https:\/\/www.elsinodaldetamaulipas.com.mx\/index.php?rest_route=\/wp\/v2\/media\/213587"}],"wp:attachment":[{"href":"https:\/\/www.elsinodaldetamaulipas.com.mx\/index.php?rest_route=%2Fwp%2Fv2%2Fmedia&parent=213586"}],"wp:term":[{"taxonomy":"category","embeddable":true,"href":"https:\/\/www.elsinodaldetamaulipas.com.mx\/index.php?rest_route=%2Fwp%2Fv2%2Fcategories&post=213586"},{"taxonomy":"post_tag","embeddable":true,"href":"https:\/\/www.elsinodaldetamaulipas.com.mx\/index.php?rest_route=%2Fwp%2Fv2%2Ftags&post=213586"}],"curies":[{"name":"wp","href":"https:\/\/api.w.org\/{rel}","templated":true}]}}