{"id":213589,"date":"2025-10-22T22:44:58","date_gmt":"2025-10-23T02:44:58","guid":{"rendered":"https:\/\/www.elsinodaldetamaulipas.com.mx\/?p=213589"},"modified":"2025-10-22T22:44:58","modified_gmt":"2025-10-23T02:44:58","slug":"monte-de-piedad-mantiene-rara-huelga-nacional","status":"publish","type":"post","link":"https:\/\/www.elsinodaldetamaulipas.com.mx\/?p=213589","title":{"rendered":"MONTE DE PIEDAD, MANTIENE RARA HUELGA NACIONAL"},"content":{"rendered":"<p><em><strong>Por\u00a0 Gil Vicente Galindo\/EL SINODAL DE TAMAULIPAS<\/strong><\/em><\/p>\n<p>Reynosa, Tam.- El Nacional Monte de Piedad sigue en huelga estallada desde el uno de octubre y todo porque la empresa incumple el contrato colectivo de trabajo y bajos salarios.<\/p>\n<p>En Reynosa y Matamoros pertenecen a la secci\u00f3n 38 que dirige Anwar David Bautista y las dos sucursales que hay en Reynosa est\u00e1n en cerradas con las banderas roji-negras, montando \u201cguardia\u201d cada cuatro horas.<\/p>\n<p style=\"text-align: left;\">\u00a0 <img loading=\"lazy\" decoding=\"async\" class=\"aligncenter wp-image-213591 size-full\" src=\"https:\/\/www.elsinodaldetamaulipas.com.mx\/wp-content\/uploads\/2025\/10\/MONTE-2.jpeg\" alt=\"\" width=\"1152\" height=\"974\" srcset=\"https:\/\/www.elsinodaldetamaulipas.com.mx\/wp-content\/uploads\/2025\/10\/MONTE-2.jpeg 1152w, https:\/\/www.elsinodaldetamaulipas.com.mx\/wp-content\/uploads\/2025\/10\/MONTE-2-300x254.jpeg 300w, https:\/\/www.elsinodaldetamaulipas.com.mx\/wp-content\/uploads\/2025\/10\/MONTE-2-1024x866.jpeg 1024w, https:\/\/www.elsinodaldetamaulipas.com.mx\/wp-content\/uploads\/2025\/10\/MONTE-2-768x649.jpeg 768w\" sizes=\"auto, (max-width: 1152px) 100vw, 1152px\" \/><!--more-->\u00a0\u00a0\u00a0\u00a0\u00a0\u00a0\u00a0\u00a0\u00a0\u00a0\u00a0\u00a0\u00a0 Jos\u00e9 Guadalupe Rodr\u00edguez, es uno de los diez trabajadores que el Nacional Monte de Piedad, que siguen cobrando intereses aun y cuando est\u00e1 cerrada la \u201ctienda\u201d.<\/p>\n<p>\u201cEl llamado a usuarios que tienen adeudo en este Monte de Piedad, es a que no deben de pagar intereses fuera de la tienda, la empresa coloc\u00f3 anuncios a sus \u201cclientes\u201d para que pasen a pagar en bancos o tiendas de conveniencia\u201d, explico el trabajador en huelga.<\/p>\n<p>Por su parte el dirigente sindical nacional, Arturo Zay\u00fan, revelo que la autoridad laboral estar\u00e1 aplicando una votaci\u00f3n entre la base trabajadora para si quieren o no la huelga, esto ser\u00e1 los d\u00edas 12, 13 y 14 de noviembre.<\/p>\n<p>De los casi dos mil trabajadores tienen que darle legalidad a la huelga, si el 50% m\u00e1s uno, dicen que no, se retirar\u00e1n las banderas roji-negras y a trabajar.<\/p>\n<p>Referente a los supuestos indebidos cobros de intereses estando en huelga, ser\u00e1 la Condusef y Profeco quienes determinen si hay violaciones al cobro de intereses estando en huelga el Nacional Monte de Piedad.<\/p>\n","protected":false},"excerpt":{"rendered":"<p>Por\u00a0 Gil Vicente Galindo\/EL SINODAL DE TAMAULIPAS Reynosa, Tam.- El Nacional Monte de Piedad sigue en huelga estallada desde el uno de octubre y todo porque la empresa incumple el contrato colectivo de trabajo y bajos salarios. En Reynosa y Matamoros pertenecen a la secci\u00f3n 38 que dirige Anwar David Bautista y las dos sucursales [&hellip;]<\/p>\n","protected":false},"author":1,"featured_media":213590,"comment_status":"closed","ping_status":"closed","sticky":false,"template":"","format":"standard","meta":{"footnotes":""},"categories":[1,2],"tags":[],"class_list":["post-213589","post","type-post","status-publish","format-standard","has-post-thumbnail","hentry","category-portada","category-reynosa"],"_links":{"self":[{"href":"https:\/\/www.elsinodaldetamaulipas.com.mx\/index.php?rest_route=\/wp\/v2\/posts\/213589","targetHints":{"allow":["GET"]}}],"collection":[{"href":"https:\/\/www.elsinodaldetamaulipas.com.mx\/index.php?rest_route=\/wp\/v2\/posts"}],"about":[{"href":"https:\/\/www.elsinodaldetamaulipas.com.mx\/index.php?rest_route=\/wp\/v2\/types\/post"}],"author":[{"embeddable":true,"href":"https:\/\/www.elsinodaldetamaulipas.com.mx\/index.php?rest_route=\/wp\/v2\/users\/1"}],"replies":[{"embeddable":true,"href":"https:\/\/www.elsinodaldetamaulipas.com.mx\/index.php?rest_route=%2Fwp%2Fv2%2Fcomments&post=213589"}],"version-history":[{"count":1,"href":"https:\/\/www.elsinodaldetamaulipas.com.mx\/index.php?rest_route=\/wp\/v2\/posts\/213589\/revisions"}],"predecessor-version":[{"id":213592,"href":"https:\/\/www.elsinodaldetamaulipas.com.mx\/index.php?rest_route=\/wp\/v2\/posts\/213589\/revisions\/213592"}],"wp:featuredmedia":[{"embeddable":true,"href":"https:\/\/www.elsinodaldetamaulipas.com.mx\/index.php?rest_route=\/wp\/v2\/media\/213590"}],"wp:attachment":[{"href":"https:\/\/www.elsinodaldetamaulipas.com.mx\/index.php?rest_route=%2Fwp%2Fv2%2Fmedia&parent=213589"}],"wp:term":[{"taxonomy":"category","embeddable":true,"href":"https:\/\/www.elsinodaldetamaulipas.com.mx\/index.php?rest_route=%2Fwp%2Fv2%2Fcategories&post=213589"},{"taxonomy":"post_tag","embeddable":true,"href":"https:\/\/www.elsinodaldetamaulipas.com.mx\/index.php?rest_route=%2Fwp%2Fv2%2Ftags&post=213589"}],"curies":[{"name":"wp","href":"https:\/\/api.w.org\/{rel}","templated":true}]}}