{"id":213730,"date":"2025-10-25T15:49:03","date_gmt":"2025-10-25T19:49:03","guid":{"rendered":"https:\/\/www.elsinodaldetamaulipas.com.mx\/?p=213730"},"modified":"2025-10-25T16:20:53","modified_gmt":"2025-10-25T20:20:53","slug":"exigen-cerrarle-el-paso-a-granos-extranjeros","status":"publish","type":"post","link":"https:\/\/www.elsinodaldetamaulipas.com.mx\/?p=213730","title":{"rendered":"EXIGEN CERRARLE EL PASO A GRANOS EXTRANJEROS"},"content":{"rendered":"<p>Por Gil Vicente Galindo\/EL SINODAL DE TAMAULIPAS<\/p>\n<p>Rerynosa, Tam.-\u00a0 Este lunes 27 de octubre habr\u00e1 una reuni\u00f3n m\u00e1s de productores agr\u00edcolas a las nueve de la ma\u00f1ana en la bodega \u201cLa Herradura\u201d, donde se tomar\u00e1n acuerdos para sacar del T-MEC, granos b\u00e1sicos como el sorgo, ma\u00edz entre otros.<\/p>\n<p>Ejidatarios, peque\u00f1os propietarios y todo productor est\u00e1 invitado a participar en esta asamblea que convoca la Frente Estatal de Productores Agropecuarios de Tamaulipas, en coordinaci\u00f3n con el Frente Nacional de Rescate del campo mexicano.<\/p>\n<p>Ser\u00e1 al filo del mediod\u00eda cuando den a conocer acciones a tomar para que el gobierno federal los apoye cerrando la frontera a granos extranjeros que vienen de mala calidad y abaratan el precio de granos nacionales.<\/p>\n<p>No se descarta nuevamente bloqueos carreteros a nivel nacional, paralizando toda actividad de transporte pesado, carros ligeros y de pasajeros, no ser\u00e1n detenidos.<\/p>\n<p>El campo est\u00e1 en ruinas y muy pocas hect\u00e1reas para sembrar y sin el apoyo suficiente para seguir produciendo alimentos para millones de familias mexicanas, solicitando apoyo y comprensi\u00f3n ciudadana en caso de llegar a bloquear carreteras.<\/p>\n<p><img loading=\"lazy\" decoding=\"async\" class=\"aligncenter wp-image-213738 size-full\" src=\"https:\/\/www.elsinodaldetamaulipas.com.mx\/wp-content\/uploads\/2025\/10\/AHTO-2.jpeg\" alt=\"\" width=\"818\" height=\"1123\" srcset=\"https:\/\/www.elsinodaldetamaulipas.com.mx\/wp-content\/uploads\/2025\/10\/AHTO-2.jpeg 818w, https:\/\/www.elsinodaldetamaulipas.com.mx\/wp-content\/uploads\/2025\/10\/AHTO-2-219x300.jpeg 219w, https:\/\/www.elsinodaldetamaulipas.com.mx\/wp-content\/uploads\/2025\/10\/AHTO-2-746x1024.jpeg 746w, https:\/\/www.elsinodaldetamaulipas.com.mx\/wp-content\/uploads\/2025\/10\/AHTO-2-768x1054.jpeg 768w\" sizes=\"auto, (max-width: 818px) 100vw, 818px\" \/><\/p>\n","protected":false},"excerpt":{"rendered":"<p>Por Gil Vicente Galindo\/EL SINODAL DE TAMAULIPAS Rerynosa, Tam.-\u00a0 Este lunes 27 de octubre habr\u00e1 una reuni\u00f3n m\u00e1s de productores agr\u00edcolas a las nueve de la ma\u00f1ana en la bodega \u201cLa Herradura\u201d, donde se tomar\u00e1n acuerdos para sacar del T-MEC, granos b\u00e1sicos como el sorgo, ma\u00edz entre otros. Ejidatarios, peque\u00f1os propietarios y todo productor est\u00e1 [&hellip;]<\/p>\n","protected":false},"author":1,"featured_media":213734,"comment_status":"closed","ping_status":"closed","sticky":false,"template":"","format":"standard","meta":{"footnotes":""},"categories":[1,2],"tags":[],"class_list":["post-213730","post","type-post","status-publish","format-standard","has-post-thumbnail","hentry","category-portada","category-reynosa"],"_links":{"self":[{"href":"https:\/\/www.elsinodaldetamaulipas.com.mx\/index.php?rest_route=\/wp\/v2\/posts\/213730","targetHints":{"allow":["GET"]}}],"collection":[{"href":"https:\/\/www.elsinodaldetamaulipas.com.mx\/index.php?rest_route=\/wp\/v2\/posts"}],"about":[{"href":"https:\/\/www.elsinodaldetamaulipas.com.mx\/index.php?rest_route=\/wp\/v2\/types\/post"}],"author":[{"embeddable":true,"href":"https:\/\/www.elsinodaldetamaulipas.com.mx\/index.php?rest_route=\/wp\/v2\/users\/1"}],"replies":[{"embeddable":true,"href":"https:\/\/www.elsinodaldetamaulipas.com.mx\/index.php?rest_route=%2Fwp%2Fv2%2Fcomments&post=213730"}],"version-history":[{"count":8,"href":"https:\/\/www.elsinodaldetamaulipas.com.mx\/index.php?rest_route=\/wp\/v2\/posts\/213730\/revisions"}],"predecessor-version":[{"id":213741,"href":"https:\/\/www.elsinodaldetamaulipas.com.mx\/index.php?rest_route=\/wp\/v2\/posts\/213730\/revisions\/213741"}],"wp:featuredmedia":[{"embeddable":true,"href":"https:\/\/www.elsinodaldetamaulipas.com.mx\/index.php?rest_route=\/wp\/v2\/media\/213734"}],"wp:attachment":[{"href":"https:\/\/www.elsinodaldetamaulipas.com.mx\/index.php?rest_route=%2Fwp%2Fv2%2Fmedia&parent=213730"}],"wp:term":[{"taxonomy":"category","embeddable":true,"href":"https:\/\/www.elsinodaldetamaulipas.com.mx\/index.php?rest_route=%2Fwp%2Fv2%2Fcategories&post=213730"},{"taxonomy":"post_tag","embeddable":true,"href":"https:\/\/www.elsinodaldetamaulipas.com.mx\/index.php?rest_route=%2Fwp%2Fv2%2Ftags&post=213730"}],"curies":[{"name":"wp","href":"https:\/\/api.w.org\/{rel}","templated":true}]}}