{"id":213742,"date":"2025-10-26T01:27:34","date_gmt":"2025-10-26T05:27:34","guid":{"rendered":"https:\/\/www.elsinodaldetamaulipas.com.mx\/?p=213742"},"modified":"2025-10-26T01:32:21","modified_gmt":"2025-10-26T05:32:21","slug":"festival-xantolo-reynosa-2025-rompio-record","status":"publish","type":"post","link":"https:\/\/www.elsinodaldetamaulipas.com.mx\/?p=213742","title":{"rendered":"FESTIVAL XANTOLO REYNOSA 2025, ROMPI\u00d3 R\u00c9CORD"},"content":{"rendered":"<p>&nbsp;<\/p>\n<p><em><strong>Por Juan Carlos Rodr\u00edguez Terrazas\/EL SINODAL DE TAMAULIPAS<\/strong><\/em><\/p>\n<p>Reynosa, Tam.- Una tradici\u00f3n que inicio hace varios a\u00f1os el Sindicato Industrial Aut\u00f3nomo de Maquiladoras de la Rep\u00fablica Mexicana, con unas sencillas cuadrillas que apenas esbozaron el objetivo de mostrar los or\u00edgenes de una bella tradici\u00f3n surgida en la huasteca potosina, veracruzana, hidalguense y tamaulipeca, deton\u00f3 esa tarde en una may\u00fascula y animada concentraci\u00f3n que rompi\u00f3 r\u00e9cord de asistencia en el primer cuadro de la ciudad de Reynosa, con mas de diez mil personas presentes.<\/p>\n<p>El Festival Xantolo Reynosa 2025, hoy es una realidad, con m\u00e1s de una treintena de cuadrillas; centenares de ciudadanos personificando a los difuntos, enfundando coloridos trajes enfatizados por ruidosas porras, m\u00fasica huasteca, zacahuil, tradiciones y folclore, se significaron en la arrogancia de disfraces, m\u00e1scaras y vistosas lentejuelas encarnadas en el maquillaje femenino y masculino.<\/p>\n<p>Durante un emotivo mensaje a manera de colof\u00f3n a la presentaci\u00f3n del evento, el sub director general del Instituto Nacional Indigenista, Brandon Lara Montesinos, expres\u00f3 que hoy mas que nunca se demuestra que \u201cEs m\u00e1s fuerte lo que nos une que lo que nos busca separar\u2026\u201d<\/p>\n<p><strong><em><img loading=\"lazy\" decoding=\"async\" class=\"aligncenter wp-image-213744 size-full\" src=\"https:\/\/www.elsinodaldetamaulipas.com.mx\/wp-content\/uploads\/2025\/10\/XANTOLO-3.jpg\" alt=\"\" width=\"894\" height=\"487\" srcset=\"https:\/\/www.elsinodaldetamaulipas.com.mx\/wp-content\/uploads\/2025\/10\/XANTOLO-3.jpg 894w, https:\/\/www.elsinodaldetamaulipas.com.mx\/wp-content\/uploads\/2025\/10\/XANTOLO-3-300x163.jpg 300w, https:\/\/www.elsinodaldetamaulipas.com.mx\/wp-content\/uploads\/2025\/10\/XANTOLO-3-768x418.jpg 768w\" sizes=\"auto, (max-width: 894px) 100vw, 894px\" \/><\/em><\/strong><\/p>\n<p style=\"text-align: center;\"><strong>RECONOCIMIENTO AL GOBERNADOR<\/strong><\/p>\n<p>Previamente Ricardo Botello Cisneros, en representaci\u00f3n del Gobernador del Estado, el humanista Am\u00e9rico Villarreal Anaya, felicit\u00f3 a la dirigencia de SIAMARM, por hacer de este ritual a sus muertos, el m\u00e1s justo homenaje a la vida de quienes nos antecedieron, haciendo extensivo su saludo y agradecimiento al presidente municipal Carlos V\u00edctor Pe\u00f1a Ortiz, por seguir impulsando desde su trinchera, eventos que valen la pena, porque unen a su sociedad y entrelazan su luchas en medio de todas las adversidades.<\/p>\n<p>La invitada especial senadora de la rep\u00fablica, doctora Maki Ortiz, desde su percepci\u00f3n, avist\u00f3 una gran luz de esperanza en este Xantolo Reynosa 2025 que ya se ampli\u00f3, solicitando un aplauso para los hermanos del estado de Veracruz, abatidos recientemente por fuertes lluvias que dejaron varias v\u00edctimas y que, gracias a Dios, fueron apoyados por la solidaridad reynosense que se acerc\u00f3 sol\u00edcita, a ayudar, llevando su apoyo hasta el lugar de la tragedia.<\/p>\n<p>Carlos Pe\u00f1a, el presidente municipal por su parte, haciendo alusi\u00f3n a la educaci\u00f3n proporcionada por su madre la senadora Maki Ortiz, expres\u00f3 que \u201csolo quienes saben de d\u00f3nde vienen, saben a d\u00f3nde van\u201d, refiriendo con ello la importancia de rememorar el paso de nuestros antepasados ya muertos.<\/p>\n<p><strong><em><img loading=\"lazy\" decoding=\"async\" class=\"aligncenter wp-image-213745 size-full\" src=\"https:\/\/www.elsinodaldetamaulipas.com.mx\/wp-content\/uploads\/2025\/10\/XANTOLO-4.jpg\" alt=\"\" width=\"894\" height=\"487\" srcset=\"https:\/\/www.elsinodaldetamaulipas.com.mx\/wp-content\/uploads\/2025\/10\/XANTOLO-4.jpg 894w, https:\/\/www.elsinodaldetamaulipas.com.mx\/wp-content\/uploads\/2025\/10\/XANTOLO-4-300x163.jpg 300w, https:\/\/www.elsinodaldetamaulipas.com.mx\/wp-content\/uploads\/2025\/10\/XANTOLO-4-768x418.jpg 768w\" sizes=\"auto, (max-width: 894px) 100vw, 894px\" \/><\/em><\/strong><\/p>\n<p style=\"text-align: center;\"><strong>FELICITACI\u00d3N A ORGANIZADORES<\/strong><\/p>\n<p>El jefe del gobierno municipal de Reynosa, reiter\u00f3 su felicitaci\u00f3n a todos y cada uno de quienes participaron en la organizaci\u00f3n del Xantolo de Reynosa, particularmente al dirigente sindical Alberto Lara Bazald\u00faa, quien ha hecho de esta tradici\u00f3n una gran manifestaci\u00f3n popular, (La Fiesta de las Animas), que rescata las tradiciones y las acerca a los obreros for\u00e1neos que vienen de lejanas comunidades de la huasteca a dejar su sacrificio, sudor y l\u00e1grimas en busca de un mejor devenir para sus familias.<\/p>\n<p>La participaci\u00f3n del joven Brandon Lara, puso en boga la finalidad de esta fiesta multicolor, el objetivo de su padre el l\u00edder en cuanto a estrechar los lazos de las comunidades, fomentando la celebraci\u00f3n de ritos tan humanos como el amor a la misma muerte, de la que nadie nos salvaremos y que, por tanto, debemos tenerla presente a trav\u00e9s de estos festejos que provienen desde la era prehisp\u00e1nica.<\/p>\n<p><strong><em><img loading=\"lazy\" decoding=\"async\" class=\"aligncenter wp-image-213746 size-full\" src=\"https:\/\/www.elsinodaldetamaulipas.com.mx\/wp-content\/uploads\/2025\/10\/XANTOLO-5.jpg\" alt=\"\" width=\"894\" height=\"487\" srcset=\"https:\/\/www.elsinodaldetamaulipas.com.mx\/wp-content\/uploads\/2025\/10\/XANTOLO-5.jpg 894w, https:\/\/www.elsinodaldetamaulipas.com.mx\/wp-content\/uploads\/2025\/10\/XANTOLO-5-300x163.jpg 300w, https:\/\/www.elsinodaldetamaulipas.com.mx\/wp-content\/uploads\/2025\/10\/XANTOLO-5-768x418.jpg 768w\" sizes=\"auto, (max-width: 894px) 100vw, 894px\" \/><\/em><\/strong><\/p>\n<p style=\"text-align: center;\"><strong>MENCI\u00d3N A PRESIDENTE DEL STJN<\/strong><\/p>\n<p>El sub director general del INI, extendi\u00f3 saludos desde esta ciudad fronteriza a personajes tan entra\u00f1ables como el diputado Byron Cavazos y el presidente del Supremo Tribunal de Justicia de la Naci\u00f3n, Hugo Aguilar, quien surgido de un hogar ind\u00edgena, hoy detenta el m\u00e1s importante cargo para la impartici\u00f3n de la justicia del pa\u00eds y de quien ya se est\u00e1n viendo los resultados de su proyecto.<\/p>\n<p>La conclusi\u00f3n del acto central de Xantolo Reynosa 2025, fue la presentaci\u00f3n de un audiovisual con el mensaje aleccionador del l\u00edder nacional de SIAMARM, el promotor principal de este evento, el doctor en leyes Alberto Lara Bazald\u00faa, quien entre la incredulidad y la sorpresa de los asistentes dio unas palabras alusivas al evento que calaron fuerte entre, la inmensa mayor\u00eda de estos j\u00f3venes, trabajadores y trabajadoras de la industria maquiladora, y estudiantes de instituciones de educaci\u00f3n media superior y superior.<\/p>\n<p>Lara reiter\u00f3 su reconocimiento a la autoridad municipal e inici\u00f3 su intervenci\u00f3n con un abrazo a los pueblos originarios de \u00c9bano, San Luis Potos\u00ed; a los del Estado de Hidalgo en la Sierra de Otontepec; a los totonacos de Filomeno Mata en Veracruz y a los Tepehuas de Izuatl\u00e1n de Madero en Puebla \/comunidad que tanto am\u00f3 su compadre Juan Jardines (+)\/, adem\u00e1s de los Ahomes de Tula en Tamaulipas.<\/p>\n<p><strong><em><img loading=\"lazy\" decoding=\"async\" class=\"aligncenter wp-image-213747 size-full\" src=\"https:\/\/www.elsinodaldetamaulipas.com.mx\/wp-content\/uploads\/2025\/10\/xantolo-6.jpg\" alt=\"\" width=\"894\" height=\"487\" srcset=\"https:\/\/www.elsinodaldetamaulipas.com.mx\/wp-content\/uploads\/2025\/10\/xantolo-6.jpg 894w, https:\/\/www.elsinodaldetamaulipas.com.mx\/wp-content\/uploads\/2025\/10\/xantolo-6-300x163.jpg 300w, https:\/\/www.elsinodaldetamaulipas.com.mx\/wp-content\/uploads\/2025\/10\/xantolo-6-768x418.jpg 768w\" sizes=\"auto, (max-width: 894px) 100vw, 894px\" \/><\/em><\/strong><\/p>\n<p style=\"text-align: center;\"><strong>COMUNIDADES PRESENTES<\/strong><\/p>\n<p>El dirigente tambi\u00e9n a distancia agradeci\u00f3 la presencia de Lupita L\u00f3pez, representante de los Pur\u00e9pechas de la comunidad de P\u00efch\u00e1cuaro, Michoac\u00e1n.<\/p>\n<p>Inst\u00f3 a todos los asistentes a disfrutar del tradicional festejo, jolgorio tras cual se har\u00e1 sentir Dios: El silencio del Universo.<\/p>\n<p>La festividad incluyo concursos y sorteo de valiosos premios para asistentes y participantes, quienes ya hicieron cita para estar presentes en la pr\u00f3xima edici\u00f3n el a\u00f1o entrante, tal vez en un lugar m\u00e1s amplio, pues la plaza Hidalgo hoy, resulto pr\u00e1cticamente insuficiente, como lo hizo notar la primera autoridad municipal.<\/p>\n","protected":false},"excerpt":{"rendered":"<p>&nbsp; Por Juan Carlos Rodr\u00edguez Terrazas\/EL SINODAL DE TAMAULIPAS Reynosa, Tam.- Una tradici\u00f3n que inicio hace varios a\u00f1os el Sindicato Industrial Aut\u00f3nomo de Maquiladoras de la Rep\u00fablica Mexicana, con unas sencillas cuadrillas que apenas esbozaron el objetivo de mostrar los or\u00edgenes de una bella tradici\u00f3n surgida en la huasteca potosina, veracruzana, hidalguense y tamaulipeca, deton\u00f3 [&hellip;]<\/p>\n","protected":false},"author":1,"featured_media":213750,"comment_status":"closed","ping_status":"closed","sticky":false,"template":"","format":"standard","meta":{"footnotes":""},"categories":[1,2],"tags":[],"class_list":["post-213742","post","type-post","status-publish","format-standard","has-post-thumbnail","hentry","category-portada","category-reynosa"],"_links":{"self":[{"href":"https:\/\/www.elsinodaldetamaulipas.com.mx\/index.php?rest_route=\/wp\/v2\/posts\/213742","targetHints":{"allow":["GET"]}}],"collection":[{"href":"https:\/\/www.elsinodaldetamaulipas.com.mx\/index.php?rest_route=\/wp\/v2\/posts"}],"about":[{"href":"https:\/\/www.elsinodaldetamaulipas.com.mx\/index.php?rest_route=\/wp\/v2\/types\/post"}],"author":[{"embeddable":true,"href":"https:\/\/www.elsinodaldetamaulipas.com.mx\/index.php?rest_route=\/wp\/v2\/users\/1"}],"replies":[{"embeddable":true,"href":"https:\/\/www.elsinodaldetamaulipas.com.mx\/index.php?rest_route=%2Fwp%2Fv2%2Fcomments&post=213742"}],"version-history":[{"count":2,"href":"https:\/\/www.elsinodaldetamaulipas.com.mx\/index.php?rest_route=\/wp\/v2\/posts\/213742\/revisions"}],"predecessor-version":[{"id":213749,"href":"https:\/\/www.elsinodaldetamaulipas.com.mx\/index.php?rest_route=\/wp\/v2\/posts\/213742\/revisions\/213749"}],"wp:featuredmedia":[{"embeddable":true,"href":"https:\/\/www.elsinodaldetamaulipas.com.mx\/index.php?rest_route=\/wp\/v2\/media\/213750"}],"wp:attachment":[{"href":"https:\/\/www.elsinodaldetamaulipas.com.mx\/index.php?rest_route=%2Fwp%2Fv2%2Fmedia&parent=213742"}],"wp:term":[{"taxonomy":"category","embeddable":true,"href":"https:\/\/www.elsinodaldetamaulipas.com.mx\/index.php?rest_route=%2Fwp%2Fv2%2Fcategories&post=213742"},{"taxonomy":"post_tag","embeddable":true,"href":"https:\/\/www.elsinodaldetamaulipas.com.mx\/index.php?rest_route=%2Fwp%2Fv2%2Ftags&post=213742"}],"curies":[{"name":"wp","href":"https:\/\/api.w.org\/{rel}","templated":true}]}}