{"id":213751,"date":"2025-10-26T13:19:57","date_gmt":"2025-10-26T17:19:57","guid":{"rendered":"https:\/\/www.elsinodaldetamaulipas.com.mx\/?p=213751"},"modified":"2025-10-26T13:19:57","modified_gmt":"2025-10-26T17:19:57","slug":"pollitos","status":"publish","type":"post","link":"https:\/\/www.elsinodaldetamaulipas.com.mx\/?p=213751","title":{"rendered":"POLLITOS"},"content":{"rendered":"<p>AL VUELO<\/p>\n<p>Por Pegaso<\/p>\n<p>Cuando alguien de la delincuencia organizada se refiere a \u201cpollitos de colores\u201d, no quiere decir que busque comprar alguno de aquellos simp\u00e1ticos animalitos que vend\u00edan los comerciantes ambulantes de antes, pintados de verde, rojo, rosa, azul y amarillo.<\/p>\n<p>No. Se refieren a ni\u00f1os. Ni\u00f1os convertidos en sicarios, en punteros o en estacas.<\/p>\n<p>Generaciones perdidas de mexicanos que, por desgracia, suman miles y miles. Y el n\u00famero sigue creciendo porque la subcultura del narco los hipnotiza, los idiotiza, los fanatiza, los enloquece.<\/p>\n<p>En cierta ocasi\u00f3n, all\u00e1 por el 2010, cuando el hurac\u00e1n Alex provoc\u00f3 una creciente, fui a tomar unas fotos en un recodo del r\u00edo Bravo.<\/p>\n<p>Empec\u00e9 a tomar las gr\u00e1ficas para acompa\u00f1ar la nota de la crecida, cuando unos escuincles de no m\u00e1s de diez a\u00f1os que estaban jugando ah\u00ed cerca empezaron a gritar: \u201c\u00a1Le est\u00e1n tomando fotos al r\u00edo!\u201d<\/p>\n<p>Y claro. Lo que eso significaba es que estaban dando la voz de alarma, porque era un punto estrat\u00e9gico. Me retir\u00e9 de inmediato sin voltear la vista atr\u00e1s.<\/p>\n<p>Estaba viendo un reportaje de El Universal donde se se\u00f1ala que, efectivamente, entre los 9 y los 10 a\u00f1os los \u201cpollitos de colores\u201d son utilizados como vigilantes y van subiendo de categor\u00eda hasta que finalmente se les da una pavorosa arma y se convierten en sicarios.<\/p>\n<p>El mismo art\u00edculo se\u00f1ala, con datos de la Red por los Derechos de la Infancia de M\u00e9xico que entre 145 y 250 mil menores est\u00e1n en riesgo de ser reclutados por la delincuencia organizada, debido a factores que incluyen la pobreza y la desintegraci\u00f3n familiar.<\/p>\n<p>Yo incluir\u00eda la horrible m\u00fasica que escuchan todos los d\u00edas, misma que los va aleccionando para generar en ellos admiraci\u00f3n hacia ese estilo de vida y sus figuras m\u00e1s representativas.<\/p>\n<p>Moraleja para los padres: Cuiden a sus ni\u00f1os. Eviten, hasta donde sea posible, que sigan oyendo narcocorridos o corridos belicones, que les lavan el coco. No dejen que se tat\u00faen. Vean con quienes se juntan. Hay que recordar que la pobreza no es justificaci\u00f3n para caer en las garras de la delincuencia, porque hay muchas historias de vida donde el esfuerzo personal y el ingenio son la clave para salir adelante.<\/p>\n<p>Ya desde el lejano a\u00f1o 2010 se sab\u00eda de los ni\u00f1os sicarios. Recientemente se dio a conocer el caso de Dared Yair, un chamaco de 14 a\u00f1os que fue detenido junto con varios adultos por elementos de la Marina, quien durante la operaci\u00f3n portaba una pavorosa subametralladora Uzi que intent\u00f3 usar para evitar su aprehensi\u00f3n.<\/p>\n<p>Hay una canci\u00f3n muy famosa que glorifica ese estilo de vida:<\/p>\n<p>Plebe, ya te manchaste las manos de sangre,<\/p>\n<p>ni modo, ya no queda de otra, solo queda entrarle.<\/p>\n<p>Te ense\u00f1aste a matar temprano y has tomado el mal camino.<\/p>\n<p>No cumples ni los quince a\u00f1os y a\u00fan tienes la cara de ni\u00f1o.<\/p>\n<p>No llores ni te sientas mal, as\u00ed todos empezamos.<\/p>\n<p>Bienvenido al mundo real, ahora ya eres un sicario.<\/p>\n<p>Tus l\u00e1grimas seca, muchacho, pronto vas a acostumbrarte.<\/p>\n<p>Tus manos est\u00e1n temblando como cualquier principiante.<\/p>\n<p>Las calles han sido tu escuela y el vandalismo tu vida.<\/p>\n<p>Pasaste hambres y tristeza, la mafia ahora es tu familia.<\/p>\n<p>Escucha bien lo que te digo, pondr\u00e9 esta pistola en tus manos.<\/p>\n<p>T\u00fa me cuidas, yo te cuido; me traicionas y te mato.<\/p>\n<p>Aterrador, \u00bfno? Pero por m\u00e1s duro que parezca, es una situaci\u00f3n que se repite a todo lo largo y ancho del pa\u00eds, porque contra todo lo que se dice, la pobreza sigue, y sigue generando m\u00e1s delincuencia.<\/p>\n<p>Por desgracia, est\u00e1 probado que los j\u00f3venes que entran a formar parte del crimen organizado no duran m\u00e1s de cinco a\u00f1os antes de que una bala termine con su existencia.<\/p>\n<p>Nos quedamos con el refr\u00e1n estilo Pegaso: \u201cIndividuo que asesina a metal ferroso, a metal ferroso perece\u201d. (El que a hierro mata, a hierro muere).<\/p>\n<blockquote class=\"wp-embedded-content\" data-secret=\"zCJIg2IP28\"><p><a href=\"https:\/\/pegasso.net\/al-vuelo-pollitos\/\">AL VUELO-Pollitos<\/a><\/p><\/blockquote>\n<p><iframe loading=\"lazy\" class=\"wp-embedded-content\" sandbox=\"allow-scripts\" security=\"restricted\" style=\"position: absolute; visibility: hidden;\" title=\"&#8220;AL VUELO-Pollitos&#8221; &#8212; pegaso.press\" src=\"https:\/\/pegasso.net\/al-vuelo-pollitos\/embed\/#?secret=hhuq2qTZgn#?secret=zCJIg2IP28\" data-secret=\"zCJIg2IP28\" width=\"600\" height=\"338\" frameborder=\"0\" marginwidth=\"0\" marginheight=\"0\" scrolling=\"no\"><\/iframe><\/p>\n","protected":false},"excerpt":{"rendered":"<p>AL VUELO Por Pegaso Cuando alguien de la delincuencia organizada se refiere a \u201cpollitos de colores\u201d, no quiere decir que busque comprar alguno de aquellos simp\u00e1ticos animalitos que vend\u00edan los comerciantes ambulantes de antes, pintados de verde, rojo, rosa, azul y amarillo. No. Se refieren a ni\u00f1os. Ni\u00f1os convertidos en sicarios, en punteros o en [&hellip;]<\/p>\n","protected":false},"author":1,"featured_media":213752,"comment_status":"closed","ping_status":"closed","sticky":false,"template":"","format":"standard","meta":{"footnotes":""},"categories":[16],"tags":[],"class_list":["post-213751","post","type-post","status-publish","format-standard","has-post-thumbnail","hentry","category-opinion"],"_links":{"self":[{"href":"https:\/\/www.elsinodaldetamaulipas.com.mx\/index.php?rest_route=\/wp\/v2\/posts\/213751","targetHints":{"allow":["GET"]}}],"collection":[{"href":"https:\/\/www.elsinodaldetamaulipas.com.mx\/index.php?rest_route=\/wp\/v2\/posts"}],"about":[{"href":"https:\/\/www.elsinodaldetamaulipas.com.mx\/index.php?rest_route=\/wp\/v2\/types\/post"}],"author":[{"embeddable":true,"href":"https:\/\/www.elsinodaldetamaulipas.com.mx\/index.php?rest_route=\/wp\/v2\/users\/1"}],"replies":[{"embeddable":true,"href":"https:\/\/www.elsinodaldetamaulipas.com.mx\/index.php?rest_route=%2Fwp%2Fv2%2Fcomments&post=213751"}],"version-history":[{"count":1,"href":"https:\/\/www.elsinodaldetamaulipas.com.mx\/index.php?rest_route=\/wp\/v2\/posts\/213751\/revisions"}],"predecessor-version":[{"id":213755,"href":"https:\/\/www.elsinodaldetamaulipas.com.mx\/index.php?rest_route=\/wp\/v2\/posts\/213751\/revisions\/213755"}],"wp:featuredmedia":[{"embeddable":true,"href":"https:\/\/www.elsinodaldetamaulipas.com.mx\/index.php?rest_route=\/wp\/v2\/media\/213752"}],"wp:attachment":[{"href":"https:\/\/www.elsinodaldetamaulipas.com.mx\/index.php?rest_route=%2Fwp%2Fv2%2Fmedia&parent=213751"}],"wp:term":[{"taxonomy":"category","embeddable":true,"href":"https:\/\/www.elsinodaldetamaulipas.com.mx\/index.php?rest_route=%2Fwp%2Fv2%2Fcategories&post=213751"},{"taxonomy":"post_tag","embeddable":true,"href":"https:\/\/www.elsinodaldetamaulipas.com.mx\/index.php?rest_route=%2Fwp%2Fv2%2Ftags&post=213751"}],"curies":[{"name":"wp","href":"https:\/\/api.w.org\/{rel}","templated":true}]}}