{"id":213810,"date":"2025-10-26T22:54:29","date_gmt":"2025-10-27T02:54:29","guid":{"rendered":"https:\/\/www.elsinodaldetamaulipas.com.mx\/?p=213810"},"modified":"2025-10-26T22:54:29","modified_gmt":"2025-10-27T02:54:29","slug":"tio-richi-harto-de-litigios","status":"publish","type":"post","link":"https:\/\/www.elsinodaldetamaulipas.com.mx\/?p=213810","title":{"rendered":"TIO RICHI \u00bfHARTO DE LITIGIOS?"},"content":{"rendered":"<p><strong>Cd. Victoria, Tam<\/strong>.- Cumplea\u00f1os 70 de RICARDO SALINAS PLIEGO, s\u00e1bado 25 de octubre, evento luminoso, con mucha producci\u00f3n, como corresponde a un empresario del showbiz. Desfile de personalidades, ambiente festivo pero con sabor agridulce.<\/p>\n<p>Celebr\u00f3 siete d\u00e9cadas de vida en medio de una tormenta, la m\u00e1s intensa de las muchas que ha enfrentado desde que compr\u00f3 TV-AZTECA en 1993. Demasiados frentes abiertos.<\/p>\n<p>Bronca mayor con el fisco, ruptura con sus antiguos amigos de MORENA, intercambio frontal de diatribas con CLAUDIA SHEINBAUM, demandas de acreedores norteamericanos y amenazas de c\u00e1rcel desde la corte del Distrito Sur de Nueva York.<\/p>\n<p>Todo ello, bajo el bombardeo inclemente de las redes obradoristas, linchamiento expresado en caricaturas, memes y videocomentarios que hacen de SALINAS el villano favorito del r\u00e9gimen.<\/p>\n<p>Aguerrido, el \u201ct\u00edo RICHIE\u201d es ave de las tempestades. Parece disfrutar la adrenalina de los juzgados, las demandas y contrademandas. Acusador a veces, en otras acusado, con una actitud siempre beligerante.<\/p>\n<p>Son recurrentes los desencuentros jur\u00eddicos y medi\u00e1ticos que ha librado este hombre cuya autoestima parece alimentar y acrecentarse en cada duelo, como los viejos pistoleros del oeste.<\/p>\n<p><strong>CAPA Y ESPADA<\/strong><\/p>\n<p>De manera puntual presenta combate. De ello hablan las demandas interpuestas contra personalidades de medios y redes por cr\u00edticas a su persona o sus empresas.<\/p>\n<p>Entre 2024 y 2025, periodistas, comunicadores y usuarios de redes fueron requeridos por algo a lo que llam\u00f3 \u201cterrorismo financiero\u201d. Lo cual habr\u00eda afectado a Banco Azteca, cuando ya hac\u00edan crisis sus problemas con Hacienda y se ven\u00eda encima el cobro de sus acreedores extranjeros.<\/p>\n<p>Es decir, por difundir rumores de quiebra y provocar retiros masivos que habr\u00edan causado da\u00f1o econ\u00f3mico al banco. Denuncias que lo llevaron a formular solicitudes de informaci\u00f3n a plataformas como Meta (Facebook) X (Twitter) y Google (YouTube) para identificar a quienes le habr\u00edan causado \u201cda\u00f1os patrimoniales\u201d por cuestionar la salud financiera del banco.<\/p>\n<p>Organizaciones de periodistas como \u201cArt\u00edculo 19\u201d calificaron dichas demandas de \u201cacoso judicial\u201d y las consideraron \u201cun riesgo para la libertad de expresi\u00f3n\u201d.<\/p>\n<p>Entre 2020 y 2021, SALINAS y Banco Azteca acusaron por da\u00f1o moral a la revista PROCESO con argumentos similares. El considerarse afectados en su imagen por \u201ccobertura medi\u00e1tica injusta\u201d.<\/p>\n<p>A lo que podr\u00edamos sumar intercambios de metralla verbal con personajes de la 4T como CITLALLI HERN\u00c1NDEZ, titular de la Secretar\u00eda de la Mujer. Tambi\u00e9n se pele\u00f3 con JAVIER CORRAL exmandatario panista al que llamaba \u201cgobernadorcillo\u201d.<\/p>\n<p>O la comunicadora DENISE DRESSER contra la cual convoc\u00f3 a un concurso de memes. A la activista FRIDA GUERRERA le llam\u00f3 \u201cpr\u00f3fuga del metate\u201d; a MAX ARRIAGA, funcionario de la SEP, le dijo \u201cpersonaje perverso, con claras intenciones de llevar a los ni\u00f1os mexicanos a una vida miserable.\u201d<\/p>\n<p>Am\u00e9n de las antes mencionadas campa\u00f1as de odio contra personalidades de la comunicaci\u00f3n oficial como JES\u00daS RAM\u00cdREZ CUEVAS y JENARO VILLAMIL. Igual llam\u00f3 \u201cmuerta de hambre\u201d a la escritora SABINA BERMAN.<\/p>\n<p><strong>VER PARA CREER<\/strong><\/p>\n<p>Por esa actitud siempre rijosa, llama la atenci\u00f3n que este fin de semana, en el marco de su festejo, dirigiera un inesperado mensaje de paz a la presidenta SHEINBAUM. \u00bfCapitulaci\u00f3n, tregua o nueva estrategia dilatoria?<\/p>\n<p>Porque, oiga usted, nadie esperar\u00eda en la v\u00edspera ese desplante feliz de cantarle al SAT con tanta claridad: -\u201cQue nos digan cu\u00e1nto hay que pagar para poder liquidarlo en menos de 10 d\u00edas\u201d, argumentando antes que \u201cen Grupo Salinas estamos cansados de tanto litigio, queremos terminar esta pesadilla.\u201d<\/p>\n<p>Ora pues. Y lo dice con una sonrisa fatigada, voz que intenta ser fresca y amable pero no impide observar los pliegues profundos que surcan su rostro. Se\u00f1ales acaso de noches sin dormir, desgaste emocional por batallas que han dejado de ser heroicas o divertidas.<\/p>\n<p>Habr\u00e1, desde luego, variedad de interpretaciones, especulaci\u00f3n, preguntas. \u00bfC\u00f3mo entender lo que dijo y por qu\u00e9 lo dijo?\u2026 As\u00ed de pronto, la voluntad de pagar deja traslucir que (1) aceptar\u00eda el reclamo del SAT y (2) se declara en condiciones de liquidarlo. En menos de dos semanas, ande usted.<\/p>\n<p>Y luego, tras el m\u00e1s reciente fallo judicial donde el gobierno deja de proteger a RICARDO de sus acreedores internacionales, tendr\u00e1 que v\u00e9rselas con los tenedores de bonos a los que dej\u00f3 de pagar desde tiempos de la pandemia.<\/p>\n<p>Adem\u00e1s est\u00e1 la demanda por la compa\u00f1\u00eda celular que vendi\u00f3 y los nuevos due\u00f1os descubrieron que las finanzas de dicha empresa no eran tan sanas como se supondr\u00eda, pues ten\u00edan (tambi\u00e9n) agujeros fiscales, lo cual motiv\u00f3 otro caso en tribunales.<\/p>\n<p>El llamado sabatino a la concordia enviado al Gobierno de la Rep\u00fablica se registr\u00f3 apenas unos d\u00edas despu\u00e9s de un anuncio similar con destino a sus demandantes en Estados Unidos, donde tambi\u00e9n hay mucho dinero de por medio.<\/p>\n<p>La voluntad de negociar, construir acuerdos, parar la guerra. Algo raro en este personaje cuya voluntad parece cincelada en un amplio historial de pleitos. Pronto sabremos qu\u00e9 tan firme es su decisi\u00f3n de poner fin a la pesadilla y si, en verdad, est\u00e1 harto de litigios.<\/p>\n<p>BUZ\u00d3N:\u00a0<a href=\"mailto:lopezarriagamx@gmail.com\" target=\"_blank\" rel=\"noreferrer noopener\">lopezarriagamx@gmail.com<\/a><\/p>\n<p>WEB:\u00a0<a href=\"https:\/\/lopezarriagamx.blogspot.com\/\" target=\"_blank\" rel=\"noreferrer noopener\">https:\/\/lopezarriagamx.blogspot.com<\/a><\/p>\n","protected":false},"excerpt":{"rendered":"<p>Cd. Victoria, Tam.- Cumplea\u00f1os 70 de RICARDO SALINAS PLIEGO, s\u00e1bado 25 de octubre, evento luminoso, con mucha producci\u00f3n, como corresponde a un empresario del showbiz. Desfile de personalidades, ambiente festivo pero con sabor agridulce. Celebr\u00f3 siete d\u00e9cadas de vida en medio de una tormenta, la m\u00e1s intensa de las muchas que ha enfrentado desde que [&hellip;]<\/p>\n","protected":false},"author":1,"featured_media":213410,"comment_status":"closed","ping_status":"closed","sticky":false,"template":"","format":"standard","meta":{"footnotes":""},"categories":[16],"tags":[],"class_list":["post-213810","post","type-post","status-publish","format-standard","has-post-thumbnail","hentry","category-opinion"],"_links":{"self":[{"href":"https:\/\/www.elsinodaldetamaulipas.com.mx\/index.php?rest_route=\/wp\/v2\/posts\/213810","targetHints":{"allow":["GET"]}}],"collection":[{"href":"https:\/\/www.elsinodaldetamaulipas.com.mx\/index.php?rest_route=\/wp\/v2\/posts"}],"about":[{"href":"https:\/\/www.elsinodaldetamaulipas.com.mx\/index.php?rest_route=\/wp\/v2\/types\/post"}],"author":[{"embeddable":true,"href":"https:\/\/www.elsinodaldetamaulipas.com.mx\/index.php?rest_route=\/wp\/v2\/users\/1"}],"replies":[{"embeddable":true,"href":"https:\/\/www.elsinodaldetamaulipas.com.mx\/index.php?rest_route=%2Fwp%2Fv2%2Fcomments&post=213810"}],"version-history":[{"count":1,"href":"https:\/\/www.elsinodaldetamaulipas.com.mx\/index.php?rest_route=\/wp\/v2\/posts\/213810\/revisions"}],"predecessor-version":[{"id":213811,"href":"https:\/\/www.elsinodaldetamaulipas.com.mx\/index.php?rest_route=\/wp\/v2\/posts\/213810\/revisions\/213811"}],"wp:featuredmedia":[{"embeddable":true,"href":"https:\/\/www.elsinodaldetamaulipas.com.mx\/index.php?rest_route=\/wp\/v2\/media\/213410"}],"wp:attachment":[{"href":"https:\/\/www.elsinodaldetamaulipas.com.mx\/index.php?rest_route=%2Fwp%2Fv2%2Fmedia&parent=213810"}],"wp:term":[{"taxonomy":"category","embeddable":true,"href":"https:\/\/www.elsinodaldetamaulipas.com.mx\/index.php?rest_route=%2Fwp%2Fv2%2Fcategories&post=213810"},{"taxonomy":"post_tag","embeddable":true,"href":"https:\/\/www.elsinodaldetamaulipas.com.mx\/index.php?rest_route=%2Fwp%2Fv2%2Ftags&post=213810"}],"curies":[{"name":"wp","href":"https:\/\/api.w.org\/{rel}","templated":true}]}}