{"id":213812,"date":"2025-10-26T22:56:33","date_gmt":"2025-10-27T02:56:33","guid":{"rendered":"https:\/\/www.elsinodaldetamaulipas.com.mx\/?p=213812"},"modified":"2025-10-26T22:57:10","modified_gmt":"2025-10-27T02:57:10","slug":"no-hay-borron-ni-cuenta-nueva","status":"publish","type":"post","link":"https:\/\/www.elsinodaldetamaulipas.com.mx\/?p=213812","title":{"rendered":"NO HAY BORR\u00d3N, NI CUENTA NUEVA"},"content":{"rendered":"<div class=\"post-content\">\n<p><em><strong>\u201cLa felicidad de tu vida, depende<\/strong><\/em><\/p>\n<p><em><strong>de la calidad de tus pensamientos\u201d<\/strong><\/em><\/p>\n<p>Viene al recuerdo aquel discurso emotivo, lleno de coraje, esperanzador y elocuente que hizo a la sociedad tamaulipeca sentirse bien por la elecci\u00f3n de Cabeza de Vaca, en su toma de protesta la ma\u00f1ana del primero de octubre de 2016.<\/p>\n<p>\u201cni me doblo ni me vendo\u201d y la sentencia de que no habr\u00e1 borr\u00f3n y cuenta nueva.<\/p>\n<p>Ni una cosa sucedi\u00f3 y mucho menos la otra.<\/p>\n<p>Los medios de la \u00e9poca dieron las 8 columnas a que no habr\u00e1 borr\u00f3n y cuenta nueva para la impunidad.<\/p>\n<p>Se march\u00f3 Egidio, previa negociaci\u00f3n.<\/p>\n<p>EGIDIO TORRE LOPEZ sali\u00f3 por la puerta trasera de Tamaulipas, lleno de felicidad con su cargamento producto de la corrupci\u00f3n galopante en su gobierno. \u00c9l y sus socios no pisan Tamaulipas, algunos han tratado de incrustarse en el gobierno, pocos lo han logrado.<\/p>\n<p>Pasaron 9 a\u00f1os; la frase no habr\u00e1 borr\u00f3n y cuenta nueva, hoy se aplica como si fuera un boomerang que regresa a quien la envi\u00f3.<\/p>\n<p>Parece ser que al final C d V no lograr\u00eda superar a la interpol ni a la 4T.<\/p>\n<p>Existe otro caso de que no habr\u00e1 borr\u00f3n ni cuenta nueva. Este tiene nombre Ricardo Salinas Pliego, deber\u00e1 pagar 580 millones de d\u00f3lares por deuda de TV Azteca a inversionistas de EEUU. CLAUDIA SHEINBAUM le record\u00f3 que tiene otros procesos legales en M\u00e9xico, adem\u00e1s de que tambi\u00e9n debe pagarle 74 mil millones al SAT.<\/p>\n<p>En ambos casos, el de Francisco N y de Salina Pliego, un tribunal federal revoc\u00f3 las medidas cautelares que proteg\u00edan a TV Azteca del pago de 580 millones de d\u00f3lares a inversionistas extranjeros. El caso involucra a Grupo Salinas, el SAT y una nueva ola de litigios internacionales.<\/p>\n<p>Con esta resoluci\u00f3n, los acreedores podr\u00e1n reanudar los procedimientos de cobro y las instituciones financieras mexicanas tendr\u00e1n v\u00eda libre para actuar conforme determinen las autoridades jurisdiccionales.<\/p>\n<p>Mientras que el Grupo Salinas se declar\u00f3 este jueves en \u201ctotal disposici\u00f3n al di\u00e1logo\u201d para negociar con los acreedores, el otro, en m\u00ed que no puede pasar a M\u00e9xico se defiende desde el exilio, sin \u00e9xito, le saca la vuelta al tema de los delitos que se le imputan y contin\u00faa con la cr\u00edtica acida a las acciones de AMLO y de CSP y todo lo que huela a la 4T.<\/p>\n<p>Nuevo Laredo hace honor a su misi\u00f3n como ente de gobierno, con su consigna de Juntos lo Hacemos Posible, petici\u00f3n que se hace con humildad y franqueza es un llamado a la sociedad para juntos con el gobierno municipal hagan posible abatir la soluci\u00f3n a los asuntos pendientes.<\/p>\n<p>Incluye a todos los sectores, desde los m\u00e1s modestos hasta los m\u00e1s privilegiados. Es un punto a favor que posee CARMEN LILIA CANTUROSAS que sabe gobernar guardando equilibrios.<\/p>\n<p>Ahora, el Instituto Municipal para el Desarrollo de la Juventud (IMJUVE) de Nuevo Laredo particip\u00f3 en una Brigada de Limpieza del Rio Bravo, en el Parquecito Rivera del R\u00edo Bravo, debajo del Puente Internacional II.<\/p>\n<p>All\u00ed se demostr\u00f3 que los j\u00f3venes de Nuevo Laredo hacen empat\u00eda con la autoridad municipal en su compromiso con el medio ambiente y fomentar el trabajo en equipo por una ciudad m\u00e1s limpia y sustentable.<\/p>\n<p>Nuevo Laredo es ejemplo estatal de sustentabilidad.<\/p>\n<p>Es la frontera de Tamaulipas donde radican m\u00e1s de la mitad de sus pobladores, los municipios fronterizos, sobre todo Reynosa, la Joya de la Corona electoral es la regi\u00f3n m\u00e1s din\u00e1mica de la frontera sus de EU y norte de M\u00e9xico.<\/p>\n<p>Es Reynosa, la de mayor poblaci\u00f3n, la tierra que gobierna CARLOS PE\u00d1A, un hombre joven y entusiasta, provoca celos y envidias.<\/p>\n<p>El alcalde tiene mucho cuidado en el ejercicio de los recursos y la transparencia de los mismos en la cuenta p\u00fablica.<\/p>\n<p>No tiene observaciones importantes, si acaso situaciones administrativas, f\u00e1cilmente corregibles.<\/p>\n<p>De esa manera se explicaron en las oficinas de la Auditoria Mayor del Congreso local.<\/p>\n<p>La Universidad Aut\u00f3noma de Tamaulipas pondr\u00e1 en marcha el Programa de Bachillerato Virtual UAT, dirigido a personas mayores de 18 a\u00f1os, y que, por alguna raz\u00f3n, no cursaron el nivel medio superior.<\/p>\n<p>El rector D\u00e1maso Anaya Alvarado inform\u00f3 que la prepa virtual de la UAT dar\u00e1 inicio en el mes de enero 2026, toda vez que ya est\u00e1 abierto el registro de aspirantes para ingresar a este programa educativo.<\/p>\n<p>Hasta el momento, hay m\u00e1s de mil personas interesadas en participar en esta modalidad, y que el registro de aspirantes permanecer\u00e1 abierto hasta el pr\u00f3ximo 2 de noviembre.<\/p>\n<p>Cuando vayan a la Feria de Tamaulipas, no se pueden perder de ver el pabell\u00f3n donde se exhiben la marcha HECHO en TAM. Es un encuentro de emprendedores de los 43 municipios con el \u00e1nimo de que conozcan lo que producen con su actividad de emprendimiento con toda la actitud de salir adelante.<\/p>\n<p>All\u00ed se encuentran muy buenos productos de los diferentes municipios que representan parte dela fortaleza de sus regiones.<\/p>\n<p>La Feria de Tamaulipas se termina el d\u00eda de ma\u00f1ana 27 de octubre.<\/p>\n<p>La noticia de la semana y creo que las del mes, en la capital de car\u00e1cter municipal se la lleva el Programa Emergente de Bacheo que lleva a cabo el gobierno municipal de EDUARDO GATTAS.<\/p>\n<p>La gente pudo observar las ganas que le puso al alcalde para arreglar lo que las intensas lluvias provocaron.<\/p>\n<p>En la convocatoria a las compa\u00f1\u00edas constructoras se aparecieron al llamado de la autoridad municipal y ofrecieron su respaldo para solucionar los problemas que las lluvias provocaron en las calles.<\/p>\n<p>Buen punto alcalde.<\/p>\n<p>AGENDA FRONTERIZA es una colaboraci\u00f3n con temas relacionados con el desarrollo econ\u00f3mico del estado de Tamaulipas y sus municipios. Se distribuye a trav\u00e9s de la Agencia Informaci\u00f3n y An\u00e1lisis Estad\u00edstico.<\/p>\n<p>MI CORREO: humbertografico@yahoo.com.mx<\/p>\n<\/div>\n","protected":false},"excerpt":{"rendered":"<p>\u201cLa felicidad de tu vida, depende de la calidad de tus pensamientos\u201d Viene al recuerdo aquel discurso emotivo, lleno de coraje, esperanzador y elocuente que hizo a la sociedad tamaulipeca sentirse bien por la elecci\u00f3n de Cabeza de Vaca, en su toma de protesta la ma\u00f1ana del primero de octubre de 2016. \u201cni me doblo [&hellip;]<\/p>\n","protected":false},"author":1,"featured_media":212215,"comment_status":"closed","ping_status":"closed","sticky":false,"template":"","format":"standard","meta":{"footnotes":""},"categories":[16],"tags":[],"class_list":["post-213812","post","type-post","status-publish","format-standard","has-post-thumbnail","hentry","category-opinion"],"_links":{"self":[{"href":"https:\/\/www.elsinodaldetamaulipas.com.mx\/index.php?rest_route=\/wp\/v2\/posts\/213812","targetHints":{"allow":["GET"]}}],"collection":[{"href":"https:\/\/www.elsinodaldetamaulipas.com.mx\/index.php?rest_route=\/wp\/v2\/posts"}],"about":[{"href":"https:\/\/www.elsinodaldetamaulipas.com.mx\/index.php?rest_route=\/wp\/v2\/types\/post"}],"author":[{"embeddable":true,"href":"https:\/\/www.elsinodaldetamaulipas.com.mx\/index.php?rest_route=\/wp\/v2\/users\/1"}],"replies":[{"embeddable":true,"href":"https:\/\/www.elsinodaldetamaulipas.com.mx\/index.php?rest_route=%2Fwp%2Fv2%2Fcomments&post=213812"}],"version-history":[{"count":2,"href":"https:\/\/www.elsinodaldetamaulipas.com.mx\/index.php?rest_route=\/wp\/v2\/posts\/213812\/revisions"}],"predecessor-version":[{"id":213814,"href":"https:\/\/www.elsinodaldetamaulipas.com.mx\/index.php?rest_route=\/wp\/v2\/posts\/213812\/revisions\/213814"}],"wp:featuredmedia":[{"embeddable":true,"href":"https:\/\/www.elsinodaldetamaulipas.com.mx\/index.php?rest_route=\/wp\/v2\/media\/212215"}],"wp:attachment":[{"href":"https:\/\/www.elsinodaldetamaulipas.com.mx\/index.php?rest_route=%2Fwp%2Fv2%2Fmedia&parent=213812"}],"wp:term":[{"taxonomy":"category","embeddable":true,"href":"https:\/\/www.elsinodaldetamaulipas.com.mx\/index.php?rest_route=%2Fwp%2Fv2%2Fcategories&post=213812"},{"taxonomy":"post_tag","embeddable":true,"href":"https:\/\/www.elsinodaldetamaulipas.com.mx\/index.php?rest_route=%2Fwp%2Fv2%2Ftags&post=213812"}],"curies":[{"name":"wp","href":"https:\/\/api.w.org\/{rel}","templated":true}]}}