{"id":213815,"date":"2025-10-26T23:00:33","date_gmt":"2025-10-27T03:00:33","guid":{"rendered":"https:\/\/www.elsinodaldetamaulipas.com.mx\/?p=213815"},"modified":"2025-10-26T23:00:33","modified_gmt":"2025-10-27T03:00:33","slug":"ruin-desfachatez-de-la-diputada-%c2%a8dato-protegido%c2%a8","status":"publish","type":"post","link":"https:\/\/www.elsinodaldetamaulipas.com.mx\/?p=213815","title":{"rendered":"RUIN DESFACHATEZ DE LA DIPUTADA \u00a8DATO PROTEGIDO\u00a8"},"content":{"rendered":"<p>Cree la diputada federal Diana Karina Barreras Samaniego de Morena, mejor conocida como \u201cDato Protegido\u201d, que la ciudadan\u00eda no tiene memoria porque ahora con toda desfachatez busca la nominaci\u00f3n del partido guinda para contender por la alcald\u00eda de Hermosillo, Sonora en el 2027.<\/p>\n<p>Y aunque la esposa del actual vicepresidente de la mesa directiva de la C\u00e1mara de Diputados, Sergio Guti\u00e9rrez Luna, anda repartiendo despensas a las amas de casa, pelotas a los ni\u00f1os, paga fumigaciones de las escuelas y acude frecuentemente a las colonias populares de la capital sonorense, de nada le ha servido porque se ha encontrado un fuerte rechazo ciudadano.<\/p>\n<p>La ciudadan\u00eda sonorense recuerda la denuncia por violencia de g\u00e9nero que present\u00f3 ante el Instituto Nacional Electoral (INE) en contra de Karla Mar\u00eda Estrella Murrieta, ya que la ciudadana subi\u00f3 un mensaje en redes sociales, en donde da a entender que Barreras Samaniego hab\u00eda logrado la nominaci\u00f3n de la coalici\u00f3n de la 4\u00b0 T para contender por la diputaci\u00f3n federal por el distrito 3\u00b0 de Hermosillo, Sonora, en las elecciones del 2024.<\/p>\n<p>Y m\u00e1s coraje le dio a la ahora legisladora morenista cuando Estrella Murrieta escribi\u00f3 en otro mensaje que: \u201cAs\u00ed estar\u00eda el berrinche deSergio Guti\u00e9rrez Luna\u00a0para que incluyeran a su esposa, que tuvieron que desmadrar las f\u00f3rmulas para darle una candidatura. Cero pruebas y cero dudas\u201d.<\/p>\n<p>La demanda en contra de Estrella Murrieta procedi\u00f3 en el INE y fue turnada al Tribunal Electoral del Poder Judicial de la Federaci\u00f3n (TEPJF), en donde la resoluci\u00f3n del caso estuvo a cargo del magistrado Reyes Rodr\u00edguez Mondrag\u00f3n, quien se\u00f1al\u00f3 que no hab\u00eda violencia de g\u00e9nero, sino m\u00e1s bien una cr\u00edtica ante un posible caso de nepotismo e influyentismo.<\/p>\n<p>La votaci\u00f3n en la sesi\u00f3n del TEPJF estuvo dividida, por lo que la presidenta del m\u00e1ximo tribunal electoral en el pa\u00eds, M\u00f3nica Soto Fregoso, utiliz\u00f3 su voto de calidad para favorecer a la diputada federal Barreras Samaniego y emiti\u00f3 una sentencia que oblig\u00f3 a la ciudadana Estrella Murrieta a subir a redes sociales una disculpa p\u00fablica en un periodo de 30 d\u00edas, adem\u00e1s de tomar un curso de g\u00e9nero y ser inscrita en el Registro de Personas Sancionadas del INE.<\/p>\n<p>La sentencia de Soto Fregoso fue calificada como un exceso porque el mensaje de Estrella Murrieta estuvo apegado a la verdad, pero sobre todo vulnera la libertad de expresi\u00f3n de la ciudadan\u00eda, sin dejar de mencionar result\u00f3 denigrante que la obligar\u00e1n a pedir disculpas p\u00fablicamente.<\/p>\n<p>Y ahora con toda desfachatez, la diputada federal Barreras Samaniego busca la nominaci\u00f3n de Morena para contender por la presidencia municipal de Hermosillo, Sonora, cuya posible designaci\u00f3n est\u00e1 condenada al fracaso porque la ciudadan\u00eda sonorense no olvidar el exceso que se cometi\u00f3 en contra de la ciudadana Estrella Murrieta con el cuento de violencia pol\u00edtica de g\u00e9nero.<\/p>\n<p>En otro tema, j\u00f3venes de la preparatoria n\u00famero 3 de la UAT organizaron una campa\u00f1a de donaci\u00f3n de trenzas de cabello en apoyo a las ni\u00f1as que tienen tratamientos de c\u00e1ncer, cuya jornada se realiz\u00f3 el pasado 23 de octubre en el Hospital Oncol\u00f3gico de Ciudad Victoria.<\/p>\n<p>La campa\u00f1a se denomin\u00f3: \u201cPara una princesa\u201d, en donde se logr\u00f3 recolectar 80 trenzas, cuyo cabello ser\u00e1 utilizado para fabricar pelucas en beneficio de las pacientes infantiles.<\/p>\n<p>En la jornada participaron docentes, alumnos y personal administrativo de la UAT que en forma entusiasta se sumaron a esta iniciativa universitaria, ya que se busca concientizar de la importancia de fomentar la generosidad ciudadana en apoyo de quienes necesitan la ayuda desinteresada, como fue la donaci\u00f3n de las trenzas de cabello.<\/p>\n<p>Se tuvo la participaci\u00f3n de Instituto Profesional de Belleza (ISIBE), que se encarg\u00f3 de realizar de manera profesional los cortes de cabello, adem\u00e1s las trenzas recolectadas ser\u00e1n entregadas a la F\u00e1brica de Pelucas Oncol\u00f3gicas de Telet\u00f3n, en Aguascalientes-<\/p>\n<p>La directora de la Preparatoria n\u00famero 3 de la UAT, Maribel Sober\u00f3n Garc\u00eda agradeci\u00f3 a los participantes que hicieron posible la donaci\u00f3n de 80 trenzas en beneficio de las ni\u00f1as con c\u00e1ncer, adem\u00e1s de se\u00f1alar que tuvo el respaldo del rector D\u00e1maso Anaya Alvarado, quien se ha distinguido por fomentar la solidaridad de la comunidad universitaria a favor de la sociedad.<\/p>\n<p>Por otra parte, resulta aberrante que el Consejo Noruego haya cancelado la ceremonia del Premio Nobel de la Paz 2025, puesto que seguramente cedi\u00f3 a las presiones pol\u00edticas surgidas por el gobierno de Donald Trump, quien crey\u00f3 que obtendr\u00eda el codiciado galard\u00f3n.<\/p>\n<p>La presidenta del Consejo Noruego, Eline H. Lorentzen, argument\u00f3 que la elecci\u00f3n de la activista venezolana Mar\u00eda Corina Machado Marisca no estuvo en la l\u00ednea de valores de este instituci\u00f3n, sin embargo, reconoci\u00f3 que tanto el Comit\u00e9 Nobel como el Premio Nobel de la Paz han realizado una magn\u00edfica labor que debe de ser reconocida a nivel mundial.<\/p>\n<p>Cabe se\u00f1alar, que el Consejo Noruego no es la misma instituci\u00f3n que el Comit\u00e9 Noruego del Nobel, que declar\u00f3 el pasado 10 de octubre a la activista opositora Machado Marisca como la ganadora del Premio Nobel de la Paz 2025 por la lucha que ha encabezado por los derechos democr\u00e1ticos de Venezuela ante la dictadura de Nicol\u00e1s Maduro Moros.<\/p>\n<p>La decisi\u00f3n del Consejo Noruego en nada influye porque la activista opositora Machado Marisca no s\u00f3lo conservar\u00e1 al Premio Nobel de la Paz 2025, sino tambi\u00e9n pasar\u00e1 a la historia como una mujer que luch\u00f3 en contra del r\u00e9gimen de izquierda que mantiene en la marginaci\u00f3n y la pobreza al pueblo venezolano.<\/p>\n<p>Correo electr\u00f3nico:\u00a0<a href=\"mailto:jagovea_53@yahoo.com\" target=\"_blank\" rel=\"noreferrer noopener\">jagovea_53@yahoo.com<\/a><\/p>\n","protected":false},"excerpt":{"rendered":"<p>Cree la diputada federal Diana Karina Barreras Samaniego de Morena, mejor conocida como \u201cDato Protegido\u201d, que la ciudadan\u00eda no tiene memoria porque ahora con toda desfachatez busca la nominaci\u00f3n del partido guinda para contender por la alcald\u00eda de Hermosillo, Sonora en el 2027. Y aunque la esposa del actual vicepresidente de la mesa directiva de [&hellip;]<\/p>\n","protected":false},"author":1,"featured_media":213670,"comment_status":"closed","ping_status":"closed","sticky":false,"template":"","format":"standard","meta":{"footnotes":""},"categories":[16],"tags":[],"class_list":["post-213815","post","type-post","status-publish","format-standard","has-post-thumbnail","hentry","category-opinion"],"_links":{"self":[{"href":"https:\/\/www.elsinodaldetamaulipas.com.mx\/index.php?rest_route=\/wp\/v2\/posts\/213815","targetHints":{"allow":["GET"]}}],"collection":[{"href":"https:\/\/www.elsinodaldetamaulipas.com.mx\/index.php?rest_route=\/wp\/v2\/posts"}],"about":[{"href":"https:\/\/www.elsinodaldetamaulipas.com.mx\/index.php?rest_route=\/wp\/v2\/types\/post"}],"author":[{"embeddable":true,"href":"https:\/\/www.elsinodaldetamaulipas.com.mx\/index.php?rest_route=\/wp\/v2\/users\/1"}],"replies":[{"embeddable":true,"href":"https:\/\/www.elsinodaldetamaulipas.com.mx\/index.php?rest_route=%2Fwp%2Fv2%2Fcomments&post=213815"}],"version-history":[{"count":1,"href":"https:\/\/www.elsinodaldetamaulipas.com.mx\/index.php?rest_route=\/wp\/v2\/posts\/213815\/revisions"}],"predecessor-version":[{"id":213816,"href":"https:\/\/www.elsinodaldetamaulipas.com.mx\/index.php?rest_route=\/wp\/v2\/posts\/213815\/revisions\/213816"}],"wp:featuredmedia":[{"embeddable":true,"href":"https:\/\/www.elsinodaldetamaulipas.com.mx\/index.php?rest_route=\/wp\/v2\/media\/213670"}],"wp:attachment":[{"href":"https:\/\/www.elsinodaldetamaulipas.com.mx\/index.php?rest_route=%2Fwp%2Fv2%2Fmedia&parent=213815"}],"wp:term":[{"taxonomy":"category","embeddable":true,"href":"https:\/\/www.elsinodaldetamaulipas.com.mx\/index.php?rest_route=%2Fwp%2Fv2%2Fcategories&post=213815"},{"taxonomy":"post_tag","embeddable":true,"href":"https:\/\/www.elsinodaldetamaulipas.com.mx\/index.php?rest_route=%2Fwp%2Fv2%2Ftags&post=213815"}],"curies":[{"name":"wp","href":"https:\/\/api.w.org\/{rel}","templated":true}]}}