{"id":213824,"date":"2025-10-27T11:17:15","date_gmt":"2025-10-27T15:17:15","guid":{"rendered":"https:\/\/www.elsinodaldetamaulipas.com.mx\/?p=213824"},"modified":"2025-10-27T11:17:15","modified_gmt":"2025-10-27T15:17:15","slug":"aplauden-al-congreso-por-limpiar-parque-cultural","status":"publish","type":"post","link":"https:\/\/www.elsinodaldetamaulipas.com.mx\/?p=213824","title":{"rendered":"APLAUDEN AL CONGRESO POR LIMPIAR PARQUE CULTURAL"},"content":{"rendered":"<h4>\u00abLa mejor inversi\u00f3n que puede hacer un gobierno es en el deporte y las familias\u00bb<\/h4>\n<p><em>EL SINODAL DE TAMAULIPAS<\/em><\/p>\n<p>Reynosa, Tamaulipas.- Despu\u00e9s de semanas de quejas por parte de familias y clubes de corredores, los diputados locales por fin atendieron el llamado para que se inicie con la limpieza del Parque Cultural Reynosa y la laguna La Escondida.<\/p>\n<p>&nbsp;<\/p>\n<p>Zertuche empez\u00f3 felicitando al Gobierno del Estado a los diputados Humberto Prieto por su trabajo de gesti\u00f3n, a Magaly Deandar y Eva Reyes por qu\u00e9 siempre est\u00e1n al tanto de las necesidades de los ciudadanos.<\/p>\n<p>&nbsp;<\/p>\n<p>\u00abHoy ganan las familias integrantes de los clubes de corredores, este es un trabajo que tenemos que hacer en conjunto por el bien de nuestra gente y nuestra ciudad, por eso agradezco y aplaudo la decisi\u00f3n que han tomado los diputados y el gobernador, porque la laguna y el parque cultural ya nos necesitan\u00bb, enfatiz\u00f3 el l\u00edder de la fracci\u00f3n parlamentaria de MC.<\/p>\n","protected":false},"excerpt":{"rendered":"<p>\u00abLa mejor inversi\u00f3n que puede hacer un gobierno es en el deporte y las familias\u00bb EL SINODAL DE TAMAULIPAS Reynosa, Tamaulipas.- Despu\u00e9s de semanas de quejas por parte de familias y clubes de corredores, los diputados locales por fin atendieron el llamado para que se inicie con la limpieza del Parque Cultural Reynosa y la [&hellip;]<\/p>\n","protected":false},"author":1,"featured_media":213825,"comment_status":"closed","ping_status":"closed","sticky":false,"template":"","format":"standard","meta":{"footnotes":""},"categories":[1,2],"tags":[],"class_list":["post-213824","post","type-post","status-publish","format-standard","has-post-thumbnail","hentry","category-portada","category-reynosa"],"_links":{"self":[{"href":"https:\/\/www.elsinodaldetamaulipas.com.mx\/index.php?rest_route=\/wp\/v2\/posts\/213824","targetHints":{"allow":["GET"]}}],"collection":[{"href":"https:\/\/www.elsinodaldetamaulipas.com.mx\/index.php?rest_route=\/wp\/v2\/posts"}],"about":[{"href":"https:\/\/www.elsinodaldetamaulipas.com.mx\/index.php?rest_route=\/wp\/v2\/types\/post"}],"author":[{"embeddable":true,"href":"https:\/\/www.elsinodaldetamaulipas.com.mx\/index.php?rest_route=\/wp\/v2\/users\/1"}],"replies":[{"embeddable":true,"href":"https:\/\/www.elsinodaldetamaulipas.com.mx\/index.php?rest_route=%2Fwp%2Fv2%2Fcomments&post=213824"}],"version-history":[{"count":1,"href":"https:\/\/www.elsinodaldetamaulipas.com.mx\/index.php?rest_route=\/wp\/v2\/posts\/213824\/revisions"}],"predecessor-version":[{"id":213826,"href":"https:\/\/www.elsinodaldetamaulipas.com.mx\/index.php?rest_route=\/wp\/v2\/posts\/213824\/revisions\/213826"}],"wp:featuredmedia":[{"embeddable":true,"href":"https:\/\/www.elsinodaldetamaulipas.com.mx\/index.php?rest_route=\/wp\/v2\/media\/213825"}],"wp:attachment":[{"href":"https:\/\/www.elsinodaldetamaulipas.com.mx\/index.php?rest_route=%2Fwp%2Fv2%2Fmedia&parent=213824"}],"wp:term":[{"taxonomy":"category","embeddable":true,"href":"https:\/\/www.elsinodaldetamaulipas.com.mx\/index.php?rest_route=%2Fwp%2Fv2%2Fcategories&post=213824"},{"taxonomy":"post_tag","embeddable":true,"href":"https:\/\/www.elsinodaldetamaulipas.com.mx\/index.php?rest_route=%2Fwp%2Fv2%2Ftags&post=213824"}],"curies":[{"name":"wp","href":"https:\/\/api.w.org\/{rel}","templated":true}]}}