{"id":213827,"date":"2025-10-27T13:08:20","date_gmt":"2025-10-27T17:08:20","guid":{"rendered":"https:\/\/www.elsinodaldetamaulipas.com.mx\/?p=213827"},"modified":"2025-10-27T13:08:20","modified_gmt":"2025-10-27T17:08:20","slug":"uat-uamra-da-ultimos-toques-a-feria-de-salud","status":"publish","type":"post","link":"https:\/\/www.elsinodaldetamaulipas.com.mx\/?p=213827","title":{"rendered":"UAT-UAMRA DA \u00daLTIMOS TOQUES A FERIA DE SALUD"},"content":{"rendered":"<p><strong><em>Por JC Rodr\u00edguez Terrazas\/EL SINODAL DE TAMAULIPAS<\/em><\/strong><\/p>\n<p>Reynosa, Tam.- En tanto la Unidad Acad\u00e9mica Multidisciplinaria Reynosa Aztl\u00e1n de la Universidad Aut\u00f3noma de Tamaulipas, da los \u00faltimos toques a la organizaci\u00f3n de su Feria de Salud, la coordinaci\u00f3n de la carrera de Enfermer\u00eda, prepara a sus alumnos que se incorporan al evento en el que intervienen instituciones oficiales y del sector p\u00fablico.<\/p>\n<p>Sobre el particular habl\u00f3 a <strong><em>EL SINODAL DE TAMAULIPAS,<\/em><\/strong>\u00a0la Doctora Ma. Elvira Rodr\u00edguez Escobedo, responsable de la carrera de Enfermer\u00eda quien dijo que ser\u00e1 esta la oportunidad para que los alumnos demuestren las habilidades y destrezas adquiridas en el primer semestre de la carrera de enfermer\u00eda que inicio en agosto de este a\u00f1o.<\/p>\n<p><strong><em><img loading=\"lazy\" decoding=\"async\" class=\"aligncenter wp-image-213829 size-full\" src=\"https:\/\/www.elsinodaldetamaulipas.com.mx\/wp-content\/uploads\/2025\/10\/ENFERMERIA-2.jpg\" alt=\"\" width=\"894\" height=\"487\" srcset=\"https:\/\/www.elsinodaldetamaulipas.com.mx\/wp-content\/uploads\/2025\/10\/ENFERMERIA-2.jpg 894w, https:\/\/www.elsinodaldetamaulipas.com.mx\/wp-content\/uploads\/2025\/10\/ENFERMERIA-2-300x163.jpg 300w, https:\/\/www.elsinodaldetamaulipas.com.mx\/wp-content\/uploads\/2025\/10\/ENFERMERIA-2-768x418.jpg 768w\" sizes=\"auto, (max-width: 894px) 100vw, 894px\" \/><\/em><\/strong><\/p>\n<p style=\"text-align: center;\"><strong>PR\u00c1CTICAS AL 100<\/strong><\/p>\n<p>\u00a0\u00a0\u00a0\u00a0\u00a0\u00a0\u00a0\u00a0\u00a0\u00a0\u00a0 Inform\u00f3 la tambi\u00e9n catedr\u00e1tica que gracias al equipamiento de las aulas y laboratorios de la UAM Reynosa Aztl\u00e1n, ordenado por el visionario y din\u00e1mico rector D\u00e1maso Anaya Alvarado y a las gestiones de la directora de la unidad, Mar\u00eda Cristina Hern\u00e1ndez Jim\u00e9nez y del sub secretario general de la UAT en el Norte del Estado, doctor Ignacio Hern\u00e1ndez Rodr\u00edguez, desde hace varias semanas ya est\u00e1n trabajando los alumnos en las pr\u00e1cticas del laboratorio proped\u00e9utico de Enfermer\u00eda I.<\/p>\n<p>Los j\u00f3venes ya han salido a campo en pr\u00e1cticas hospitalarias en el primer nivel de atenci\u00f3n, desempe\u00f1ando las t\u00e9cnicas m\u00e1s correctas y actualizadas en esta disciplina de la salud.<\/p>\n<p style=\"text-align: center;\"><strong>LA NORMA 022<\/strong><\/p>\n<p>\u00a0\u00a0\u00a0\u00a0\u00a0\u00a0\u00a0\u00a0\u00a0\u00a0\u00a0 Anticip\u00e1ndose un poco a la Feria de la Salud de la UAT, que se efectuar\u00e1 en las instalaciones de la Unidad, de las 9 de la ma\u00f1ana a las 2 de la tarde, la doctora Rodr\u00edguez Escobedo, mencion\u00f3 que los estudiantes de enfermer\u00eda pondr\u00e1n en pr\u00e1ctica los conocimientos esenciales y b\u00e1sicos regidos por la norma 022 de la SSA.<\/p>\n<p>Las acciones primordiales para la seguridad del paciente est\u00e1n mandatadas en 5 momentos que van desde el lavado de manos; tendido de cama; posiciones anat\u00f3micas de acuerdo a la atenci\u00f3n que proporcionar\u00e1n al paciente; toma de peso y tallas, per\u00edmetros de los ni\u00f1os, adem\u00e1s de obtener los \u00edndices de masa corporal de los cuerpos, entre las principales t\u00e9cnicas.<\/p>\n<p style=\"text-align: center;\"><strong><em><img loading=\"lazy\" decoding=\"async\" class=\"aligncenter wp-image-213830 size-full\" src=\"https:\/\/www.elsinodaldetamaulipas.com.mx\/wp-content\/uploads\/2025\/10\/ENFERMERIA-3.jpg\" alt=\"\" width=\"894\" height=\"487\" srcset=\"https:\/\/www.elsinodaldetamaulipas.com.mx\/wp-content\/uploads\/2025\/10\/ENFERMERIA-3.jpg 894w, https:\/\/www.elsinodaldetamaulipas.com.mx\/wp-content\/uploads\/2025\/10\/ENFERMERIA-3-300x163.jpg 300w, https:\/\/www.elsinodaldetamaulipas.com.mx\/wp-content\/uploads\/2025\/10\/ENFERMERIA-3-768x418.jpg 768w\" sizes=\"auto, (max-width: 894px) 100vw, 894px\" \/><\/em>ATENCI\u00d3N GRATUITA<\/strong><\/p>\n<p>\u00a0\u00a0\u00a0\u00a0\u00a0\u00a0\u00a0\u00a0\u00a0\u00a0\u00a0 La Feria de Atenci\u00f3n Medica, est\u00e1 contemplada dentro del plan integrador y en ella se proporcionar\u00e1 atenci\u00f3n gratuita a los asistentes al evento que as\u00ed lo requieran, en primera instancia a los propios docentes, comunidad universitaria, empleados administrativos, de intendencia, choferes, etc\u00e9tera, adem\u00e1s de vecinos de la colonia Aztl\u00e1n que precisen de alguno de los servicios que proporcionar\u00e1n.<\/p>\n<p>\u201cNuestros chicos est\u00e1n muy emocionados, ya listos para poner en pr\u00e1ctica sus primeras aprendizajes adquiridos, convirti\u00e9ndose en auxiliares de los m\u00e9dicos generales y de algunas especialidades que proporcionar\u00e1n los hospitales oficiales y privados, que gustosos han atendido la convocatoria de nuestros directivos institucionales para para participar de esta actividad en la que el objetivo es concientizar sobre la atenci\u00f3n y los cuidados que debemos tener para conservar muestra salud, la de nuestros familiares y comunidad en general\u201d, -puntualiz\u00f3- la doctora Ma. Elvira Rodr\u00edguez Escobedo.<\/p>\n<p>&nbsp;<\/p>\n<p>&nbsp;<\/p>\n","protected":false},"excerpt":{"rendered":"<p>Por JC Rodr\u00edguez Terrazas\/EL SINODAL DE TAMAULIPAS Reynosa, Tam.- En tanto la Unidad Acad\u00e9mica Multidisciplinaria Reynosa Aztl\u00e1n de la Universidad Aut\u00f3noma de Tamaulipas, da los \u00faltimos toques a la organizaci\u00f3n de su Feria de Salud, la coordinaci\u00f3n de la carrera de Enfermer\u00eda, prepara a sus alumnos que se incorporan al evento en el que intervienen [&hellip;]<\/p>\n","protected":false},"author":1,"featured_media":213828,"comment_status":"closed","ping_status":"closed","sticky":false,"template":"","format":"standard","meta":{"footnotes":""},"categories":[2,26],"tags":[],"class_list":["post-213827","post","type-post","status-publish","format-standard","has-post-thumbnail","hentry","category-reynosa","category-uat"],"_links":{"self":[{"href":"https:\/\/www.elsinodaldetamaulipas.com.mx\/index.php?rest_route=\/wp\/v2\/posts\/213827","targetHints":{"allow":["GET"]}}],"collection":[{"href":"https:\/\/www.elsinodaldetamaulipas.com.mx\/index.php?rest_route=\/wp\/v2\/posts"}],"about":[{"href":"https:\/\/www.elsinodaldetamaulipas.com.mx\/index.php?rest_route=\/wp\/v2\/types\/post"}],"author":[{"embeddable":true,"href":"https:\/\/www.elsinodaldetamaulipas.com.mx\/index.php?rest_route=\/wp\/v2\/users\/1"}],"replies":[{"embeddable":true,"href":"https:\/\/www.elsinodaldetamaulipas.com.mx\/index.php?rest_route=%2Fwp%2Fv2%2Fcomments&post=213827"}],"version-history":[{"count":1,"href":"https:\/\/www.elsinodaldetamaulipas.com.mx\/index.php?rest_route=\/wp\/v2\/posts\/213827\/revisions"}],"predecessor-version":[{"id":213831,"href":"https:\/\/www.elsinodaldetamaulipas.com.mx\/index.php?rest_route=\/wp\/v2\/posts\/213827\/revisions\/213831"}],"wp:featuredmedia":[{"embeddable":true,"href":"https:\/\/www.elsinodaldetamaulipas.com.mx\/index.php?rest_route=\/wp\/v2\/media\/213828"}],"wp:attachment":[{"href":"https:\/\/www.elsinodaldetamaulipas.com.mx\/index.php?rest_route=%2Fwp%2Fv2%2Fmedia&parent=213827"}],"wp:term":[{"taxonomy":"category","embeddable":true,"href":"https:\/\/www.elsinodaldetamaulipas.com.mx\/index.php?rest_route=%2Fwp%2Fv2%2Fcategories&post=213827"},{"taxonomy":"post_tag","embeddable":true,"href":"https:\/\/www.elsinodaldetamaulipas.com.mx\/index.php?rest_route=%2Fwp%2Fv2%2Ftags&post=213827"}],"curies":[{"name":"wp","href":"https:\/\/api.w.org\/{rel}","templated":true}]}}