{"id":213832,"date":"2025-10-27T13:24:57","date_gmt":"2025-10-27T17:24:57","guid":{"rendered":"https:\/\/www.elsinodaldetamaulipas.com.mx\/?p=213832"},"modified":"2025-10-27T13:24:57","modified_gmt":"2025-10-27T17:24:57","slug":"la-guerra-oculta","status":"publish","type":"post","link":"https:\/\/www.elsinodaldetamaulipas.com.mx\/?p=213832","title":{"rendered":"LA GUERRA OCULTA"},"content":{"rendered":"<p>FINALMENTE SE IMPUSO LA CONGRUENCIA- pol\u00edtica tambi\u00e9n- y el Gobierno del Estado reasumi\u00f3 el control y administracion total del Parque Cultural de Reynosa, al autorizar los recursos y personal para realizar las labores de mantenimiento y limpieza que tanto hac\u00edan falta en este espacio \u00fanico en la frontera.<\/p>\n<p>LA LAGUNA \u201cLA ESCONDIDA\u201d recibi\u00f3 una necesaria atencion y bocana de ox\u00edgeno puro, al anunciarse las gestiones de labores de limpieza y dragado de tanta basura dentro de sus aguas.<\/p>\n<p>BASURA QUE SE ACUMULO en el manto lugar POR CULPA DEL AYUNTAMIENTO DE REYNOSA, cuando en marzo pasado dispusieron- TORPEMENTE. De habilitar terrenos adyacentes a la Laguna en el Polideportivo como centro de trasferencia de basura y muebles da\u00f1ados por las lluvias en marzo pasado: \u00bfYa lo hab\u00edan olvidado?<\/p>\n<p>MUCHOS DE LOS DESECHOS, BASURA Y LLANTAS que se arrojaron en forma irresponsable en los terrenos, en donde tambi\u00e9n funcionara \u201cLa Feria\u201d con el tiempo fueron a terminar dentro de las aguas de \u201cLa Escondida\u201d.<\/p>\n<p>HUMBERTO PRIETO HERRERA. Presidente de la Junta de Gobierno del Congreso del Estado, efectu\u00f3 el anuncio de las obras y mantenimiento del Parque Cultural, acompa\u00f1ado de las diputadas EVA REYES, MAGALY DEANDAR y \u201cun colado\u201d el diputado migrante JUAN CARLOS ZERTUCHE ROMERO, el mismo que anduvo de cabildero del Ayuntamiento de Reynosa, buscando que le dieran en comodato el Parque Cultural de Reynosa a CARLOS PE\u00d1A ORTIZ (Su Jefe).<\/p>\n<p>POR CIERTO. TAN POCO evento y relevancia debi\u00f3 parecerle este anuncio y presencia de los diputados en el Parque Cultural a la secretaria de Medio Ambiente y Desarrollo Urbano del Estado. KARINA SALDIVAR LARTIGUE, que ni siquiera se dign\u00f3 a presentarse y acompa\u00f1ar a los diputados locales. Ausente tambi\u00e9n la directora del Parque Cultura de Reynosa. GRECIA JIMENEZ y su sequito de in\u00fatiles y estorbosos asesores que la traen bien mareada.<\/p>\n<p>DETR\u00c1S DE LA GUERRA CONTRA LAS DROGAS por parte de Estados Unidos y el Presidente DONALD TRUMP. Subyace un inter\u00e9s pol\u00edtico tambi\u00e9n, Desmantelar la IZQUIERDA del Continente.<\/p>\n<p>SE\u00d1ALAR Y DENUNCIAR los nexos il\u00edcitos de los gobiernos de izquierda en America, han sido una arma formidable e irrebatible. Hoy TRUMP lucha en dos frentes contra NICOLAS MADURO en Venezuela y GUSTAVO PETRO de Colombia.<\/p>\n<p>A LOS DOS LOS HA SE\u00d1ALADO y acusado de ser c\u00f3mplices de redes de criminales que exportan drogas a Estados Unidos, estar coludidos con criminales y obtener ingresos millonarios a costa de delitos. \u00bfLes suena parecida la historia?<\/p>\n<p>QUE SE HA VENIDO DENUNCIADO en Mexico en los \u00faltimos meses a partir del decidido combate al Huachicol. No son los mismos recursos de raz\u00f3n de la pela de EUA contra los gobiernos de Izquierda. \u00bfEn d\u00f3nde est\u00e1 parado M\u00e9xico? \u00bfEn qu\u00e9 lado de la historia se pondr\u00e1?<\/p>\n<p>EN LA VISPERA de iniciar el proceso de renovaci\u00f3n en la Fiscal\u00eda General de Justicia del Estado, ahora que YA SE VA su aun Titular. IRVIN BARRIOS MOJICA es importante y prioritario que el pr\u00f3ximo Fiscal, asuma los desaf\u00edos de los tiempos actuales en materia de procuraci\u00f3n de justicia y protecci\u00f3n a las v\u00edctimas del delito.<\/p>\n<p>REYNOSA ES EL MEJOR EJEMPLO de la ausencia de coordinaci\u00f3n, apoyo y recursos presupuestales que no se ejercen a cabalidad, como lo requiera la ciudad, el Delegado en la Zona Norte, no tiene ni comunicaci\u00f3n ni coordinaci\u00f3n con el Fiscal de Atencion a Mujeres V\u00edctimas de Violencia o Feminicidio.<\/p>\n<p>CADA QUIEN TRABAJA y anda como \u201cEl Llanero Solitario\u201d por su cuenta y sin coordinar informaci\u00f3n ni acciones, no se cuenta con personal, apenas 6 elementos para una ciudad de 900 mil habitantes y la restricci\u00f3n- impuesta por ellos- de trabajar solo unas horas y no la amplitud que la Ley expresa.<\/p>\n<p>TODOS ESTOS FRENTES, deben ser atendidos, que el Presupuesto verdaderamente se ejerza a plenitud y no sea desviado para otras causas o situaciones que no tienen nada que ver con la procuraci\u00f3n e impartici\u00f3n de justicia<\/p>\n<p>&nbsp;<\/p>\n","protected":false},"excerpt":{"rendered":"<p>FINALMENTE SE IMPUSO LA CONGRUENCIA- pol\u00edtica tambi\u00e9n- y el Gobierno del Estado reasumi\u00f3 el control y administracion total del Parque Cultural de Reynosa, al autorizar los recursos y personal para realizar las labores de mantenimiento y limpieza que tanto hac\u00edan falta en este espacio \u00fanico en la frontera. LA LAGUNA \u201cLA ESCONDIDA\u201d recibi\u00f3 una necesaria [&hellip;]<\/p>\n","protected":false},"author":1,"featured_media":213267,"comment_status":"closed","ping_status":"closed","sticky":false,"template":"","format":"standard","meta":{"footnotes":""},"categories":[16],"tags":[],"class_list":["post-213832","post","type-post","status-publish","format-standard","has-post-thumbnail","hentry","category-opinion"],"_links":{"self":[{"href":"https:\/\/www.elsinodaldetamaulipas.com.mx\/index.php?rest_route=\/wp\/v2\/posts\/213832","targetHints":{"allow":["GET"]}}],"collection":[{"href":"https:\/\/www.elsinodaldetamaulipas.com.mx\/index.php?rest_route=\/wp\/v2\/posts"}],"about":[{"href":"https:\/\/www.elsinodaldetamaulipas.com.mx\/index.php?rest_route=\/wp\/v2\/types\/post"}],"author":[{"embeddable":true,"href":"https:\/\/www.elsinodaldetamaulipas.com.mx\/index.php?rest_route=\/wp\/v2\/users\/1"}],"replies":[{"embeddable":true,"href":"https:\/\/www.elsinodaldetamaulipas.com.mx\/index.php?rest_route=%2Fwp%2Fv2%2Fcomments&post=213832"}],"version-history":[{"count":1,"href":"https:\/\/www.elsinodaldetamaulipas.com.mx\/index.php?rest_route=\/wp\/v2\/posts\/213832\/revisions"}],"predecessor-version":[{"id":213833,"href":"https:\/\/www.elsinodaldetamaulipas.com.mx\/index.php?rest_route=\/wp\/v2\/posts\/213832\/revisions\/213833"}],"wp:featuredmedia":[{"embeddable":true,"href":"https:\/\/www.elsinodaldetamaulipas.com.mx\/index.php?rest_route=\/wp\/v2\/media\/213267"}],"wp:attachment":[{"href":"https:\/\/www.elsinodaldetamaulipas.com.mx\/index.php?rest_route=%2Fwp%2Fv2%2Fmedia&parent=213832"}],"wp:term":[{"taxonomy":"category","embeddable":true,"href":"https:\/\/www.elsinodaldetamaulipas.com.mx\/index.php?rest_route=%2Fwp%2Fv2%2Fcategories&post=213832"},{"taxonomy":"post_tag","embeddable":true,"href":"https:\/\/www.elsinodaldetamaulipas.com.mx\/index.php?rest_route=%2Fwp%2Fv2%2Ftags&post=213832"}],"curies":[{"name":"wp","href":"https:\/\/api.w.org\/{rel}","templated":true}]}}