{"id":215594,"date":"2025-11-30T13:30:47","date_gmt":"2025-11-30T17:30:47","guid":{"rendered":"https:\/\/www.elsinodaldetamaulipas.com.mx\/?p=215594"},"modified":"2025-11-30T13:30:47","modified_gmt":"2025-11-30T17:30:47","slug":"finaliza-sin-novedad-temporada-de-huracanes","status":"publish","type":"post","link":"https:\/\/www.elsinodaldetamaulipas.com.mx\/?p=215594","title":{"rendered":"FINALIZA \u201cSIN NOVEDAD\u201d, TEMPORADA DE HURACANES"},"content":{"rendered":"<h5><strong><em>Por Gil Vicente Galindo\/EL SINODAL DE TAMAULIPAS<\/em><\/strong><\/h5>\n<p>Reynosa, Tam.- Hoy 30 de noviembre concluye la temporada de huracanes 2025 y llega el frente fr\u00edo 17, que no representar\u00e1 mucho riesgo para que baje la temperatura, ya que la m\u00ednima ser\u00e1 de once grados Celsius.<\/p>\n<p>Tras el paso de la temporada de huracanes y tormentas tropicales, dejo grandes da\u00f1os a viviendas, carros e incluso campos agr\u00edcolas.<\/p>\n<p>Lamentablemente hubo registro de fallecimientos con las fuertes precipitaciones como en Poza Rica Veracruz, pero el pueblo mexicano, sobre todo de Reynosa, no los dejo solos, aunque fueron tormentas at\u00edpicas fuera del proceso cicl\u00f3nico.<\/p>\n<h5><strong><em><img loading=\"lazy\" decoding=\"async\" class=\"aligncenter wp-image-215596 size-full\" src=\"https:\/\/www.elsinodaldetamaulipas.com.mx\/wp-content\/uploads\/2025\/11\/frio-2.jpeg\" alt=\"\" width=\"987\" height=\"555\" srcset=\"https:\/\/www.elsinodaldetamaulipas.com.mx\/wp-content\/uploads\/2025\/11\/frio-2.jpeg 987w, https:\/\/www.elsinodaldetamaulipas.com.mx\/wp-content\/uploads\/2025\/11\/frio-2-300x169.jpeg 300w, https:\/\/www.elsinodaldetamaulipas.com.mx\/wp-content\/uploads\/2025\/11\/frio-2-768x432.jpeg 768w\" sizes=\"auto, (max-width: 987px) 100vw, 987px\" \/><\/em><\/strong><\/h5>\n<p>Reynosa como parte del litoral tamaulipeco no fue impactada por ninguno de los huracanes de temporada, aunque al igual sufri\u00f3 tormentas at\u00edpicas como la del 17 de marzo que motiv\u00f3 la intervenci\u00f3n del gobierno estatal y federal para atender a los damnificados amnte la incapacidad de las auitoridades locales.<\/p>\n<p>As\u00ed que en los pr\u00f3ximos meses se avecinan al menos 30 frentes fr\u00edos m\u00e1s, hoy llega el n\u00famero 17 y el mes de diciembre ser\u00e1 muy activo con al menos ocho ondas heladas..<\/p>\n","protected":false},"excerpt":{"rendered":"<p>Por Gil Vicente Galindo\/EL SINODAL DE TAMAULIPAS Reynosa, Tam.- Hoy 30 de noviembre concluye la temporada de huracanes 2025 y llega el frente fr\u00edo 17, que no representar\u00e1 mucho riesgo para que baje la temperatura, ya que la m\u00ednima ser\u00e1 de once grados Celsius. Tras el paso de la temporada de huracanes y tormentas tropicales, [&hellip;]<\/p>\n","protected":false},"author":1,"featured_media":215595,"comment_status":"closed","ping_status":"closed","sticky":false,"template":"","format":"standard","meta":{"footnotes":""},"categories":[1,2],"tags":[],"class_list":["post-215594","post","type-post","status-publish","format-standard","has-post-thumbnail","hentry","category-portada","category-reynosa"],"_links":{"self":[{"href":"https:\/\/www.elsinodaldetamaulipas.com.mx\/index.php?rest_route=\/wp\/v2\/posts\/215594","targetHints":{"allow":["GET"]}}],"collection":[{"href":"https:\/\/www.elsinodaldetamaulipas.com.mx\/index.php?rest_route=\/wp\/v2\/posts"}],"about":[{"href":"https:\/\/www.elsinodaldetamaulipas.com.mx\/index.php?rest_route=\/wp\/v2\/types\/post"}],"author":[{"embeddable":true,"href":"https:\/\/www.elsinodaldetamaulipas.com.mx\/index.php?rest_route=\/wp\/v2\/users\/1"}],"replies":[{"embeddable":true,"href":"https:\/\/www.elsinodaldetamaulipas.com.mx\/index.php?rest_route=%2Fwp%2Fv2%2Fcomments&post=215594"}],"version-history":[{"count":1,"href":"https:\/\/www.elsinodaldetamaulipas.com.mx\/index.php?rest_route=\/wp\/v2\/posts\/215594\/revisions"}],"predecessor-version":[{"id":215597,"href":"https:\/\/www.elsinodaldetamaulipas.com.mx\/index.php?rest_route=\/wp\/v2\/posts\/215594\/revisions\/215597"}],"wp:featuredmedia":[{"embeddable":true,"href":"https:\/\/www.elsinodaldetamaulipas.com.mx\/index.php?rest_route=\/wp\/v2\/media\/215595"}],"wp:attachment":[{"href":"https:\/\/www.elsinodaldetamaulipas.com.mx\/index.php?rest_route=%2Fwp%2Fv2%2Fmedia&parent=215594"}],"wp:term":[{"taxonomy":"category","embeddable":true,"href":"https:\/\/www.elsinodaldetamaulipas.com.mx\/index.php?rest_route=%2Fwp%2Fv2%2Fcategories&post=215594"},{"taxonomy":"post_tag","embeddable":true,"href":"https:\/\/www.elsinodaldetamaulipas.com.mx\/index.php?rest_route=%2Fwp%2Fv2%2Ftags&post=215594"}],"curies":[{"name":"wp","href":"https:\/\/api.w.org\/{rel}","templated":true}]}}