{"id":215599,"date":"2025-11-30T20:30:36","date_gmt":"2025-12-01T00:30:36","guid":{"rendered":"https:\/\/www.elsinodaldetamaulipas.com.mx\/?p=215599"},"modified":"2025-11-30T20:30:36","modified_gmt":"2025-12-01T00:30:36","slug":"cuenta-corriente-superavitaria","status":"publish","type":"post","link":"https:\/\/www.elsinodaldetamaulipas.com.mx\/?p=215599","title":{"rendered":"CUENTA CORRIENTE SUPERAVITARIA"},"content":{"rendered":"<div class=\"single-content\">\n<article id=\"post-2090017\" class=\"post-2090017 post type-post status-publish format-standard has-post-thumbnail hentry category-alberto-gonzalez-karam category-columnistas category-minuto-a-minuto\">\n<header><\/header>\n<div class=\"single-post-content post-content\">\n<ul class=\"wp-block-list\">\n<li>Transacciones econ\u00f3micas internacionales de M\u00e9xico con el resto del mundo registraron balanza de cuenta corriente superavitaria de 2 mil 325 millones de d\u00f3lares<\/li>\n<li>Balanza de Pagos en M\u00e9xico en cuarto trimestre octubre-diciembre del 2025 habr\u00e1 de cerrar con super\u00e1vit en balanza de cuenta corriente, balanza financiera y balanza de capitales<\/li>\n<\/ul>\n<div class=\"wp-block-image\">\n<figure class=\"aligncenter size-full\"><\/figure>\n<\/div>\n<p>La\u00a0<em>Balanza de Pagos<\/em>\u00a0de las\u00a0<em>transacciones econ\u00f3micas internacionales<\/em>\u00a0de M\u00e9xico con el resto del mundo registraron en el\u00a0<em>tercer trimestre de 2025<\/em>\u00a0una\u00a0<em>balanza de la cuenta corriente\u00a0<\/em>superavitaria de 2 mil 325 millones de d\u00f3lares.<\/p>\n<p>El\u00a0<em>super\u00e1vit<\/em>\u00a0de la\u00a0<em>balanza de cuenta corriente<\/em>\u00a0de 2 mil 325 millones de d\u00f3lares se origin\u00f3 de\u00a0<em>cr\u00e9ditos<\/em>\u00a0por 205 mil 649 millones de d\u00f3lares y de\u00a0<em>d\u00e9bitos\u00a0<\/em>por 203 mil 324 millones de d\u00f3lares.<\/p>\n<p>La proporci\u00f3n del\u00a0<em>Producto Interno Bruto (PIB)<\/em>, en el\u00a0<em>tercer trimestre de 2025<\/em>\u00a0se registr\u00f3\u00a0<em>super\u00e1vit\u00a0<\/em>de la\u00a0<em>cuenta corriente<\/em>\u00a0del 0.5 por ciento, que supera al d\u00e9ficit registrado en igual periodo de 2024.<\/p>\n<p>El\u00a0<em>super\u00e1vit<\/em>\u00a0de la\u00a0<em>cuenta corriente<\/em>\u00a0en el\u00a0<em>trimestre julio-septiembre de 2025<\/em>\u00a0se deriv\u00f3 de la combinaci\u00f3n del\u00a0<em>d\u00e9ficit\u00a0<\/em>en la\u00a0<em>balanza de bienes y servicios<\/em>\u00a0por 8 mil 875 millones de d\u00f3lares, de un\u00a0<em>d\u00e9ficit<\/em>\u00a0en la\u00a0<em>balanza de ingreso primario<\/em>\u00a0por 4 mil 909 millones de d\u00f3lares y de un\u00a0<em>super\u00e1vit\u00a0<\/em>en la\u00a0<em>balanza de ingreso secundario<\/em>\u00a0por 16 mil 109 millones de d\u00f3lares.<\/p>\n<p>La\u00a0<em>cuenta de capital<\/em>\u00a0result\u00f3\u00a0<em>deficitaria<\/em>\u00a0en 22 millones de d\u00f3lares como resultado de un\u00a0<em>cr\u00e9dito<\/em>\u00a0por 67 millones de d\u00f3lares contra un\u00a0<em>d\u00e9bito\u00a0<\/em>de 89 millones de d\u00f3lares.<\/p>\n<p>En la\u00a0<em>cuenta financiera<\/em>\u00a0se registra un\u00a0<em>balance positivo<\/em>\u00a0producto de un\u00a0<em>pr\u00e9stamo neto<\/em>\u00a0de M\u00e9xico al resto del mundo que implic\u00f3 una salida de recursos por 3 mil 245 millones de d\u00f3lares, siendo resultado del aumento de los\u00a0<em>activos de reserva<\/em>\u00a0por 6 mil 805 millones de d\u00f3lares y\u00a0<em>otras inversiones<\/em>\u00a0por 9 mil 522 millones de d\u00f3lares, contra la disminuci\u00f3n de\u00a0<em>derivados financieros<\/em>\u00a0por 790 millones de d\u00f3lares,\u00a0<em>inversi\u00f3n de cartera<\/em>\u00a0de 6 mil 220 millones de d\u00f3lares y 6 mil 072 millones de d\u00f3lares de\u00a0<em>inversi\u00f3n directa<\/em>.<\/p>\n<p>Los resultados anteriores, derivaron en un\u00a0<em>flujo positivo<\/em>\u00a0por 942 millones de d\u00f3lares en la\u00a0<em>partida de errores y omisiones<\/em>\u00a0de la\u00a0<em>Balanza de Pagos en M\u00e9xico<\/em>.<\/p>\n<p>En el\u00a0<em>tercer trimestre de 2025<\/em>, las\u00a0<em>transacciones econ\u00f3micas internacionales de M\u00e9xico<\/em>\u00a0se enfrentaron a un entorno en el que persiste\u00a0<em>incertidumbre econ\u00f3mica<\/em>\u00a0asociada con las\u00a0<em>tensiones comerciales<\/em>\u00a0y la\u00a0<em>actividad econ\u00f3mica global<\/em>\u00a0registr\u00f3 un ritmo menor al del\u00a0<em>trimestre anterior<\/em>, mientras que en nuestro pa\u00eds la\u00a0<em>balanza de cuenta corriente\u00a0<\/em>registr\u00f3 un\u00a0<em>super\u00e1vit<\/em>\u00a0de 2 mil 325 millones de d\u00f3lares.<\/p>\n<p>La\u00a0<em>ampliaci\u00f3n anual<\/em>\u00a0en el\u00a0<em>saldo de la cuenta corriente<\/em>\u00a0fue resultado, principalmente, de un\u00a0<em>incremento<\/em>\u00a0en el\u00a0<em>saldo de mercanc\u00edas no petroleras<\/em>\u00a0y, en menor medida, de una\u00a0<em>disminuci\u00f3n<\/em>\u00a0en el\u00a0<em>d\u00e9ficit de ingreso primario<\/em>.<\/p>\n<p>M\u00e9xico logr\u00f3 superar la\u00a0<em>elevada volatilidad<\/em>\u00a0experimentada durante el segundo trimestre del a\u00f1o, ante las\u00a0<em>tensiones comerciales<\/em>\u00a0y la\u00a0<em>incertidumbre<\/em>\u00a0sobre el desempe\u00f1o de la\u00a0<em>econom\u00eda estadounidense<\/em>, debido a que los\u00a0<em>mercados financieros internacionales<\/em>\u00a0mostraron un relajamiento en sus\u00a0<em>condiciones financieras<\/em>\u00a0y un\u00a0<em>mayor apetito por riesgo<\/em>.<\/p>\n<p>La expectativa de una postura\u00a0<em>menos restrictiva<\/em>\u00a0del\u00a0<em>Fondo de Reserva Federal (FED)<\/em>\u00a0de los\u00a0<em>Estados Unidos<\/em>\u00a0y los avances en las\u00a0<em>negociaciones comerciales<\/em>\u00a0que evitaron la\u00a0<em>aplicaci\u00f3n de aranceles,\u00a0<\/em>permitieron a la\u00a0<em>econom\u00eda mexicana<\/em>\u00a0seguir captando mayores recursos financieros por concepto de\u00a0<em>inversi\u00f3n extranjera directa<\/em>\u00a0e\u00a0<em>inversi\u00f3n de cartera<\/em>.<\/p>\n<p>La\u00a0<em>Apredeflaci\u00f3n Econ\u00f3mica<\/em>\u00a0permiti\u00f3 que M\u00e9xico se encuentre respaldado con el crecimiento de\u00a0<em>reservas internacionales<\/em>\u00a0por 75 mil 471.8 millones de d\u00f3lares al pasar de 173 mil 775.4 millones de d\u00f3lares heredados por la administraci\u00f3n de\u00a0<em>Pe\u00f1a-Nieto<\/em>\u00a0al\u00a0<em>nivel m\u00e1ximo actual<\/em>\u00a0de 249 mil 247.2 millones de d\u00f3lares con un ascenso de\u00a0<em>dos d\u00edgitos<\/em>\u00a043.43 por ciento y habr\u00e1 de superar el\u00a0<em>m\u00e1ximo hist\u00f3rico<\/em>\u00a0de 250 mil millones de d\u00f3lares, convirtiendo al\u00a0<em>peso mexicano<\/em>\u00a0entre las divisas con\u00a0<em>mayor liquidez<\/em>\u00a0en su\u00a0<em>valor monetario<\/em>\u00a0por su\u00a0<em>participaci\u00f3n porcentual<\/em>\u00a0del 86.42 de\u00a0<em>inversiones en divisas extranjeras<\/em>, 6.42 en\u00a0<em>Tenencias de Derechos Especiales de Giro (DEG)<\/em>, 5.69 en\u00a0<em>Oro<\/em>, 1.22 por\u00a0<em>posici\u00f3n de reserva en el Fondo Monetario Internacional (FMI)<\/em>\u00a0y 0.25 en\u00a0<em>otros activos internacionales<\/em>.<\/p>\n<p>Las\u00a0<em>reservas internacionales<\/em>\u00a0se integran actualmente con mayor cantidad de\u00a0<em>oro mexicano<\/em>\u00a0por\u00a0<em>m\u00e1ximo valor econ\u00f3mico<\/em>\u00a0de 14 mil 775 millones de d\u00f3lares y representan un\u00a0<em>cuantioso incremento<\/em>\u00a0del 34 mil 461.4 veces m\u00e1s con respecto a los 42.75 millones de d\u00f3lares en\u00a0<em>oro<\/em>\u00a0a principios del\u00a0<em>presente milenio<\/em>\u00a0en la administraci\u00f3n de\u00a0<em>Vicente Fox Quezada<\/em>.<\/p>\n<p>M\u00e9xico se ubica en el\u00a0<em>Octavo Lugar Mundial<\/em>\u00a0por mayor cantidad de\u00a0<em>reservas internacionales<\/em>\u00a0despu\u00e9s de\u00a0<em>Jap\u00f3n<\/em>,\u00a0<em>Suiza<\/em>, Alemania,\u00a0<em>Corea del Sur<\/em>,\u00a0<em>Italia<\/em>,\u00a0<em>Francia<\/em>\u00a0y Estados Unidos mientras que supera a los siguientes pa\u00edses:\u00a0<em>Israel<\/em>,\u00a0<em>Polonia<\/em>,\u00a0<em>Reino<\/em><\/p>\n<p>La\u00a0<em>Balanza de Pagos en M\u00e9xico<\/em>\u00a0en el\u00a0<em>cuarto trimestre octubre-diciembre del 2025<\/em>\u00a0habr\u00e1 de cerrar nuevamente con\u00a0<em>super\u00e1vit<\/em>\u00a0en la\u00a0<em>balanza de la cuenta corriente, balanza financiera<\/em>\u00a0y\u00a0<em>balanza de capitales<\/em>.<\/p>\n<\/div>\n<\/article>\n<\/div>\n<div id=\"comments\" class=\"comments-area clearfix\"><\/div>\n","protected":false},"excerpt":{"rendered":"<p>Transacciones econ\u00f3micas internacionales de M\u00e9xico con el resto del mundo registraron balanza de cuenta corriente superavitaria de 2 mil 325 millones de d\u00f3lares Balanza de Pagos en M\u00e9xico en cuarto trimestre octubre-diciembre del 2025 habr\u00e1 de cerrar con super\u00e1vit en balanza de cuenta corriente, balanza financiera y balanza de capitales La\u00a0Balanza de Pagos\u00a0de las\u00a0transacciones econ\u00f3micas [&hellip;]<\/p>\n","protected":false},"author":1,"featured_media":215600,"comment_status":"closed","ping_status":"closed","sticky":false,"template":"","format":"standard","meta":{"footnotes":""},"categories":[1],"tags":[],"class_list":["post-215599","post","type-post","status-publish","format-standard","has-post-thumbnail","hentry","category-portada"],"_links":{"self":[{"href":"https:\/\/www.elsinodaldetamaulipas.com.mx\/index.php?rest_route=\/wp\/v2\/posts\/215599","targetHints":{"allow":["GET"]}}],"collection":[{"href":"https:\/\/www.elsinodaldetamaulipas.com.mx\/index.php?rest_route=\/wp\/v2\/posts"}],"about":[{"href":"https:\/\/www.elsinodaldetamaulipas.com.mx\/index.php?rest_route=\/wp\/v2\/types\/post"}],"author":[{"embeddable":true,"href":"https:\/\/www.elsinodaldetamaulipas.com.mx\/index.php?rest_route=\/wp\/v2\/users\/1"}],"replies":[{"embeddable":true,"href":"https:\/\/www.elsinodaldetamaulipas.com.mx\/index.php?rest_route=%2Fwp%2Fv2%2Fcomments&post=215599"}],"version-history":[{"count":1,"href":"https:\/\/www.elsinodaldetamaulipas.com.mx\/index.php?rest_route=\/wp\/v2\/posts\/215599\/revisions"}],"predecessor-version":[{"id":215601,"href":"https:\/\/www.elsinodaldetamaulipas.com.mx\/index.php?rest_route=\/wp\/v2\/posts\/215599\/revisions\/215601"}],"wp:featuredmedia":[{"embeddable":true,"href":"https:\/\/www.elsinodaldetamaulipas.com.mx\/index.php?rest_route=\/wp\/v2\/media\/215600"}],"wp:attachment":[{"href":"https:\/\/www.elsinodaldetamaulipas.com.mx\/index.php?rest_route=%2Fwp%2Fv2%2Fmedia&parent=215599"}],"wp:term":[{"taxonomy":"category","embeddable":true,"href":"https:\/\/www.elsinodaldetamaulipas.com.mx\/index.php?rest_route=%2Fwp%2Fv2%2Fcategories&post=215599"},{"taxonomy":"post_tag","embeddable":true,"href":"https:\/\/www.elsinodaldetamaulipas.com.mx\/index.php?rest_route=%2Fwp%2Fv2%2Ftags&post=215599"}],"curies":[{"name":"wp","href":"https:\/\/api.w.org\/{rel}","templated":true}]}}