{"id":215605,"date":"2025-11-30T21:40:30","date_gmt":"2025-12-01T01:40:30","guid":{"rendered":"https:\/\/www.elsinodaldetamaulipas.com.mx\/?p=215605"},"modified":"2025-11-30T21:40:30","modified_gmt":"2025-12-01T01:40:30","slug":"jose-luis-el-chino-garcia-de-amplia-huella","status":"publish","type":"post","link":"https:\/\/www.elsinodaldetamaulipas.com.mx\/?p=215605","title":{"rendered":"JOS\u00c9 LUIS \u00abEL CHINO\u00bb GARC\u00cdA, DE AMPLIA HUELLA"},"content":{"rendered":"<div class=\"post-content\">\n<p>Expediente<\/p>\n<p>Azahel Jaamillo H.<\/p>\n<p>&nbsp;<\/p>\n<p><strong>\u00a0 \u00a0 \u00a0 \u00a0 \u00a0 \u00a0 \u00a0 \u00a0 \u00a0 \u00a0 \u00a0 \u00a0 \u00a0En estos d\u00edas de innovaci\u00f3n educativa implementada por un nuevo mando de avanzada en la secretar\u00eda estatal de Educaci\u00f3n, hemos recordar que en el sexenio (Febrero 1993-febrero 1999) del matamorense Manuel Cavazos Lerma tuvimos como m\u00e1ximo jerarca en dicha secretar\u00eda a todo un personaje: el profesor Jos\u00e9 Luis Garc\u00eda Garc\u00eda, conocido como \u201cEl Chino\u201d\u00a0un hombre que, a\u00f1os antes de llegar a ese cargo, intentando ser l\u00edder estatal del sindicato de maestros, pint\u00f3 muchos cerros y muchas sierras de Tamaulipas con una frase: \u201cEl Chino es el camino\u201d.<\/strong><\/p>\n<p><strong>\u00a0 \u00a0 \u00a0 \u00a0 \u00a0 \u00a0Como titular del la SET ten\u00eda la costumbre de despachar en las oficinas de Tamat\u00e1n hasta altas horas de la madrugada. Persuad\u00eda a sus maestras funcionarias para que en la cocineta de la SET le hicieran de cenar.<\/strong><\/p>\n<p><strong>Fue precisamente cuando \u00e9l era Secretario de Educaci\u00f3n en que estall\u00f3 la primera y muy\u00a0 prolongada huelga de maestros que se recuerde. De seguro el maestro Pedro Alonso P\u00e9rez, quien hizo un libro del tema tenga su propia versi\u00f3n sobre las motivaciones y actuar del referido maestro.<\/strong><\/p>\n<p><strong>Les cuento unas an\u00e9cdotas. Siendo secretario pidi\u00f3 a un maestro conocido suyo que lo invitara a cenar a su casa, ah\u00ed por el rumbo de la Plaza Primero de Mayo. Concertada la fecha, elaborados los alimentos,\u00a0 \u201cEl Chino\u201d nunca lleg\u00f3 a la cena.<\/strong><\/p>\n<p><strong>Trascendi\u00f3 que el referido \u201cChino\u201d concedi\u00f3 plaza de maestro, de secretaria, o de conserje a todo aquel habitante de su natal ejido San Patricio municipio de Padilla, que se lo solicit\u00f3. Ah\u00ed naci\u00f3 en 1944, y mucho le gustaba decir en sus pl\u00e1ticas que ah\u00ed tambi\u00e9n hab\u00eda nacido el Profesor y General\u00a0 Alberto Carrera Torres.\u00a0 \u00a0 \u00a0 \u00a0<\/strong><\/p>\n<p><strong>Acostumbraba, como Secretario de Educaci\u00f3n,\u00a0burlar a su chofer y ayudantes. Solito sal\u00eda del edificio de oficinas de educaci\u00f3n, cruzaba la avenida Tamat\u00e1n y tomaba un micro del transporte p\u00fablico y llegaba a una escuela primaria o secundaria de la ciudad capital\u2026 donde desde luego no lo esperaban. Pero a veces sub\u00eda a un micro, llegaba a la Central Camionera, compraba boleto para G\u00fc\u00e9mez, o Abasolo y llegaba a una escuela\u2026 donde sorprend\u00eda a directivos y maestros, y donde desde luego no lo esperaban.<\/strong><\/p>\n<p><strong>\u00a0He de contarles que un d\u00eda lo invit\u00e9 a la toma de protesta de una organizaci\u00f3n de periodistas, APC, donde yo iba de presidente. El evento fue en el auditorio de la Casa del Arte, cuya directora era la maestra Altair Tejeda de Tamez. Formal y respetuoso del tiempo de las personas, aunque tampoco sin exagerar, vi que uno de los principales invitados\u2014el profesor Jos\u00e9 Luis\u2014nom\u00e1s no llegaba y no llegaba, por lo que le dije a la maestra Altair que ya \u00edbamos a iniciar el evento. Argumentaba yo el respeto que le deb\u00edamos al resto de los invitados. Total, con la resistencia\u00a0de la escritora iniciamos. En marcha el evento lleg\u00f3 sonriente el profesor, y fue llevado de inmediato al pres\u00eddium. Llevaba riguroso traje y corbata, portando en su pecho llamativa calcoman\u00eda de la Colecta anual de la Cruz Roja\u2026 colecta que hab\u00eda sido justo hac\u00eda cuatro meses. El profesor Pedro Alonso, entonces Director de Cultura Municipal estaba ah\u00ed.\u00a0<\/strong><\/p>\n<p><strong>Otro dato: Jos\u00e9 Luis Garc\u00eda fue mi profesor de espa\u00f1ol en Segundo de Secundaria en Madero, Tamaulipas. Repar\u00e9 de ello hace ya muchos a\u00f1os despu\u00e9s. Recuerdo que daba su clase caminando de un lado a otro del sal\u00f3n. Y citaba con frecuencia frases populares de los mexicanos, quiz\u00e1 de ah\u00ed\u00a0 su frase \u00abEl Chino es el camino\u00bb. Falleci\u00f3 un julio del 2020.\u00a0 \u00a0\u00a0<\/strong><\/p>\n<p><strong>\u00a0 \u00a0 \u00a0 \u00a0 \u00a0 \u00a0 \u00a0ARRANCAN LUCY Y LALO: \u00abAYUDEMOS A SANTA\u00bb<\/strong><\/p>\n<p><strong>\u00a0 \u00a0 \u00a0 \u00a0 \u00a0 \u00a0 Debido a que un juguete es la sonrisa de un ni\u00f1o, la presidenta del DIF Victoria, Sra. Lucy de Gatt\u00e1s y el alcalde Eduardo Gatt\u00e1s B\u00e1ez pusieron en marcha la colecta de juguetes navide\u00f1os \u00abAyudemos a Santa 2025\u00bb.<\/strong><\/p>\n<p><strong>\u00a0 \u00a0 \u00a0 \u00a0 \u00a0 \u00a0 Con la solidariad de los servidores p\u00fablicos municipales sumados al llamado de Gatt\u00e1s se recibieron los primeros juguetes que regalar\u00e1n sonrisas y traer\u00e1n alegr\u00eda esta Navidad a la \u00f1inez victorense de recursos economicos limitados. Bien vale la pena, los que podamos, ayudar. NOS VEMOS.\u00a0 \u00a0 \u00a0 \u00a0 \u00a0 \u00a0 \u00a0 \u00a0 \u00a0 \u00a0\u00a0<\/strong><\/p>\n<p><a href=\"mailto:azahel_jaramillo@hotmail.com\" target=\"_blank\" rel=\"noreferrer noopener\">azahel_jaramillo@hotmail.com<\/a><\/p>\n<\/div>\n","protected":false},"excerpt":{"rendered":"<p>Expediente Azahel Jaamillo H. &nbsp; \u00a0 \u00a0 \u00a0 \u00a0 \u00a0 \u00a0 \u00a0 \u00a0 \u00a0 \u00a0 \u00a0 \u00a0 \u00a0En estos d\u00edas de innovaci\u00f3n educativa implementada por un nuevo mando de avanzada en la secretar\u00eda estatal de Educaci\u00f3n, hemos recordar que en el sexenio (Febrero 1993-febrero 1999) del matamorense Manuel Cavazos Lerma tuvimos como m\u00e1ximo jerarca en [&hellip;]<\/p>\n","protected":false},"author":1,"featured_media":215606,"comment_status":"closed","ping_status":"closed","sticky":false,"template":"","format":"standard","meta":{"footnotes":""},"categories":[16],"tags":[],"class_list":["post-215605","post","type-post","status-publish","format-standard","has-post-thumbnail","hentry","category-opinion"],"_links":{"self":[{"href":"https:\/\/www.elsinodaldetamaulipas.com.mx\/index.php?rest_route=\/wp\/v2\/posts\/215605","targetHints":{"allow":["GET"]}}],"collection":[{"href":"https:\/\/www.elsinodaldetamaulipas.com.mx\/index.php?rest_route=\/wp\/v2\/posts"}],"about":[{"href":"https:\/\/www.elsinodaldetamaulipas.com.mx\/index.php?rest_route=\/wp\/v2\/types\/post"}],"author":[{"embeddable":true,"href":"https:\/\/www.elsinodaldetamaulipas.com.mx\/index.php?rest_route=\/wp\/v2\/users\/1"}],"replies":[{"embeddable":true,"href":"https:\/\/www.elsinodaldetamaulipas.com.mx\/index.php?rest_route=%2Fwp%2Fv2%2Fcomments&post=215605"}],"version-history":[{"count":1,"href":"https:\/\/www.elsinodaldetamaulipas.com.mx\/index.php?rest_route=\/wp\/v2\/posts\/215605\/revisions"}],"predecessor-version":[{"id":215607,"href":"https:\/\/www.elsinodaldetamaulipas.com.mx\/index.php?rest_route=\/wp\/v2\/posts\/215605\/revisions\/215607"}],"wp:featuredmedia":[{"embeddable":true,"href":"https:\/\/www.elsinodaldetamaulipas.com.mx\/index.php?rest_route=\/wp\/v2\/media\/215606"}],"wp:attachment":[{"href":"https:\/\/www.elsinodaldetamaulipas.com.mx\/index.php?rest_route=%2Fwp%2Fv2%2Fmedia&parent=215605"}],"wp:term":[{"taxonomy":"category","embeddable":true,"href":"https:\/\/www.elsinodaldetamaulipas.com.mx\/index.php?rest_route=%2Fwp%2Fv2%2Fcategories&post=215605"},{"taxonomy":"post_tag","embeddable":true,"href":"https:\/\/www.elsinodaldetamaulipas.com.mx\/index.php?rest_route=%2Fwp%2Fv2%2Ftags&post=215605"}],"curies":[{"name":"wp","href":"https:\/\/api.w.org\/{rel}","templated":true}]}}